{"id":192452,"date":"2024-10-13T19:43:31","date_gmt":"2024-10-13T16:43:31","guid":{"rendered":"https:\/\/www.enerjigazetesi.ist\/?p=192452"},"modified":"2024-10-13T19:43:31","modified_gmt":"2024-10-13T16:43:31","slug":"hem-iklimi-hem-de-bizi-koruyacak-bir-iklim-kanunu-istiyoruz","status":"publish","type":"post","link":"https:\/\/www.enerjigazetesi.ist\/en\/hem-iklimi-hem-de-bizi-koruyacak-bir-iklim-kanunu-istiyoruz\/","title":{"rendered":"(Turkish) Hem \u0130klimi Hem de Bizi Koruyacak Bir &#8216;\u0130klim Kanunu&#8217; \u0130stiyoruz&#8230;"},"content":{"rendered":"<p class=\"qtranxs-available-languages-message qtranxs-available-languages-message-en\">Sorry, this entry is only available in <a href=\"https:\/\/www.enerjigazetesi.ist\/tr\/wp-json\/wp\/v2\/posts\/192452\" class=\"qtranxs-available-language-link qtranxs-available-language-link-tr\" title=\"Turkish\">Turkish<\/a>. For the sake of viewer convenience, the content is shown below in the alternative language. You may click the link to switch the active language.<\/p><p><\/p>\n<h2>Cumhurba\u015fkan\u0131 Recep Tayyip Erdo\u011fan, T\u00fcrkiye\u2019nin y\u00fcr\u00fctece\u011fi iklim politikas\u0131na hukuki zemini olu\u015fturacak \u0130klim Kanun tasla\u011f\u0131n\u0131n yeni yasama y\u0131l\u0131n\u0131n ba\u015flamas\u0131 ile birlikte TBMM g\u00fcndemine gelece\u011fini ve y\u0131l bitmeden yasan\u0131n y\u00fcr\u00fcrl\u00fc\u011fe girmesinin hedeflendi\u011fini a\u00e7\u0131klad\u0131.<\/h2>\n<p style=\"text-align: center;\"><img loading=\"lazy\" class=\"aligncenter wp-image-192454\" src=\"https:\/\/www.enerjigazetesi.ist\/wp-content\/uploads\/2024\/10\/hem-iklimi-hem-de-bizi-koruyacak-bir-iklim-kanunu-istiyoruz.jpg\" alt=\"\" width=\"500\" height=\"334\" srcset=\"https:\/\/www.enerjigazetesi.ist\/wp-content\/uploads\/2024\/10\/hem-iklimi-hem-de-bizi-koruyacak-bir-iklim-kanunu-istiyoruz.jpg 550w, https:\/\/www.enerjigazetesi.ist\/wp-content\/uploads\/2024\/10\/hem-iklimi-hem-de-bizi-koruyacak-bir-iklim-kanunu-istiyoruz-300x200.jpg 300w, https:\/\/www.enerjigazetesi.ist\/wp-content\/uploads\/2024\/10\/hem-iklimi-hem-de-bizi-koruyacak-bir-iklim-kanunu-istiyoruz-500x334.jpg 500w, https:\/\/www.enerjigazetesi.ist\/wp-content\/uploads\/2024\/10\/hem-iklimi-hem-de-bizi-koruyacak-bir-iklim-kanunu-istiyoruz-75x50.jpg 75w, https:\/\/www.enerjigazetesi.ist\/wp-content\/uploads\/2024\/10\/hem-iklimi-hem-de-bizi-koruyacak-bir-iklim-kanunu-istiyoruz-450x300.jpg 450w\" sizes=\"(max-width: 500px) 100vw, 500px\" \/><\/p>\n<p>\u0130klim ve \u00e7evre alan\u0131nda \u00e7al\u0131\u015fan sivil toplum kurulu\u015flar\u0131, kanun tasla\u011f\u0131n\u0131n haz\u0131rl\u0131k s\u00fcrecine dahil edilmediklerine dikkat \u00e7ekerek ancak bilim temelli, kat\u0131l\u0131mc\u0131 ve kapsay\u0131c\u0131 bir iklim kanununun iklimi, do\u011fay\u0131 ve canl\u0131lar\u0131 koruyabilece\u011fini vurgulad\u0131.<\/p>\n<p>T\u00fcrkiye iklim de\u011fi\u015fikli\u011finin etkilerini her g\u00fcn seller, kurakl\u0131k ve yang\u0131nlarla deneyimliyor. Bir yandan da en \u00f6nemli ticari orta\u011f\u0131 Avrupa Birli\u011fi\u2019nin iklim de\u011fi\u015fikli\u011fiyle m\u00fccadeleyi merkeze alan ye\u015fil ekonomik d\u00f6n\u00fc\u015f\u00fcme y\u00f6nelik d\u00fczenlemelerine uyum sa\u011flamaya \u00e7al\u0131\u015f\u0131yor. \u00dclkemizin sera gaz\u0131 emisyonlar\u0131n\u0131 azaltmak ve iklim de\u011fi\u015fikli\u011finin etkilerine uyum sa\u011flamak i\u00e7in etkili politikalara ihtiyac\u0131 var. Bunun yolu da uzman g\u00f6r\u00fc\u015fleri ile haz\u0131rlanm\u0131\u015f bir \u0130klim Kanunu\u2019ndan ge\u00e7iyor.<\/p>\n<p>Sivil toplum kurulu\u015flar\u0131 ortak haz\u0131rlad\u0131klar\u0131 a\u00e7\u0131klamada, ilk kez y\u00fcr\u00fcrl\u00fc\u011fe girecek hayati \u00f6nemdeki \u0130klim Kanunu\u2019nun taslak yaz\u0131m s\u00fcrecine dahil edilmedikleri i\u00e7in bir\u00e7ok eksiklik i\u00e7erdi\u011fine dikkat \u00e7ekerek Meclis g\u00f6r\u00fc\u015fmelerinde a\u015fa\u011f\u0131da yer alan eksikliklerin giderilmesini talep etti:<\/p>\n<p>&#8211; 2053 net s\u0131f\u0131r hedefi eklenmeli<\/p>\n<p>&#8211; 2030 y\u0131l\u0131na kadar % 35 mutlak emisyon azalt\u0131m\u0131 hedefi yer almal\u0131<\/p>\n<p>&#8211; K\u00f6m\u00fcrden adil bir \u00e7\u0131k\u0131\u015f planlanmal\u0131<\/p>\n<p>&#8211; \u0130klim de\u011fi\u015fikli\u011fine kar\u015f\u0131 uyum mekanizmalar\u0131 kurulmal\u0131<\/p>\n<p>&#8211; Ba\u011f\u0131ms\u0131z bir bilimsel dan\u0131\u015fma kurulu olu\u015fturulmal\u0131<\/p>\n<p>&#8211; \u0130klim adaleti perspektifi dahil edilmeli<\/p>\n<p>&#8211; Emisyon Ticaret Sistemi (ETS) g\u00f6zden ge\u00e7irilmeli<\/p>\n<p>Sivil toplum kurulu\u015flar\u0131n\u0131n yasa tasla\u011f\u0131n\u0131n kamuoyuna yans\u0131yan son haline dair g\u00f6r\u00fc\u015flerine ili\u015fkin detaylar \u015f\u00f6yle:<\/p>\n<h3><strong>2053 Net S\u0131f\u0131r Hedefi Eklenmeli<\/strong><\/h3>\n<p>T\u00fcrkiye\u2019nin, 2021 y\u0131l\u0131nda Cumhurba\u015fkan\u0131 Recep Tayyip Erdo\u011fan taraf\u0131ndan a\u00e7\u0131klanan 2053 y\u0131l\u0131na y\u00f6nelik bir net s\u0131f\u0131r hedefi bulunuyor. 2053 net s\u0131f\u0131r vizyonu ile uyumlu bir d\u00f6n\u00fc\u015f\u00fcm\u00fcn hukuki garantisi, ancak bu tarihin \u0130klim Kanunu\u2019nda yer almas\u0131 halinde olabilir.<\/p>\n<h3><strong>2030 Mutlak Emisyon Azalt\u0131m Talebi Eklenmeli<\/strong><\/h3>\n<p>Uzun vadeli hedeflere ula\u015fmak ancak anlaml\u0131 ara hedeflerin ortaya konulmas\u0131yla m\u00fcmk\u00fcn olabilir. T\u00fcrkiye\u2019nin, 2053\u2019te net s\u0131f\u0131r hedefine ula\u015fabilmesi i\u00e7in, 2020 y\u0131l\u0131na k\u0131yasla 2030\u2019a kadar en az y\u00fczde 35 mutlak emisyon azalt\u0131m\u0131 hedeflemesi gerekiyor. Emisyon azalt\u0131m hedefinin bu do\u011frultuda g\u00fcncellenmesi ve hedefe ula\u015fmak i\u00e7in somut ad\u0131mlar\u0131n at\u0131lmas\u0131 halinde, bunun T\u00fcrkiye ekonomisi \u00fczerinde olumlu etkileri olaca\u011f\u0131 a\u00e7\u0131k.<\/p>\n<h3><strong>Uyum Politikalar\u0131 Net \u015eekilde Tan\u0131mlanmal\u0131 <\/strong><\/h3>\n<p>Akdeniz Havzas\u0131\u2019nda yer alan T\u00fcrkiye, iklim de\u011fi\u015fikli\u011finden en \u00e7ok etkilenecek \u00fclkeler aras\u0131nda yer al\u0131yor. \u0130\u00e7inde bulundu\u011fumuz d\u00f6nemde de ya\u015fad\u0131\u011f\u0131m\u0131z kurakl\u0131k, ya\u011f\u0131\u015flarda azalma, sel, f\u0131rt\u0131na gibi olaylar\u0131n \u015fiddeti ve s\u0131kl\u0131\u011f\u0131n\u0131n daha da artaca\u011f\u0131 \u00f6ng\u00f6r\u00fcl\u00fcyor. Bu nedenle tar\u0131m, bal\u0131k\u00e7\u0131l\u0131k, ormanc\u0131l\u0131k gibi iklim etkilerine kar\u015f\u0131 en k\u0131r\u0131lgan alanlar ba\u015fta olmak \u00fczere t\u00fcm ekonomik sekt\u00f6rlerin, sa\u011fl\u0131k politikalar\u0131 ve sa\u011fl\u0131k hizmet altyap\u0131s\u0131 ile \u00e7al\u0131\u015fma hayat\u0131n\u0131n, sosyal hizmetlerin ve kentsel altyap\u0131lar\u0131n iklim de\u011fi\u015fikli\u011finin etkilerine uyum \u00f6nlemleri ile g\u00fc\u00e7lendirilmesi gerekiyor.<\/p>\n<h3><strong>\u0130klim Politika Kurulu ve Ba\u011f\u0131ms\u0131z Bilimsel Dan\u0131\u015fma Kurulu Kurulmal\u0131<\/strong><\/h3>\n<p>Kanun\u2019da, iklim hedeflerinin belirlenmesi, hedeflere ula\u015f\u0131p ula\u015f\u0131lmad\u0131\u011f\u0131n\u0131n izlenmesi, raporlanmas\u0131 ve denetlenmesi s\u00fcre\u00e7leri detayl\u0131 olarak tasarlanmal\u0131. Bu s\u00fcre\u00e7lerde, \u201ckapsay\u0131c\u0131l\u0131k\u201d, \u201cba\u011f\u0131ms\u0131zl\u0131k\u201d, \u201cbilim temellilik\u201d, \u201cuygulamada e\u015fg\u00fcd\u00fcm\u201d, \u201cizleme ve denetimde \u015feffafl\u0131k\u201d ile \u201chesap verebilirli\u011fi\u201d garanti alt\u0131na alacak kurumsal yap\u0131lar\/mekanizmalar olu\u015fturulmal\u0131.<\/p>\n<h3><strong>Adil Ge\u00e7i\u015f Mekanizmas\u0131 Eklenmeli<\/strong><\/h3>\n<p>\u0130klim de\u011fi\u015fikli\u011fi ile m\u00fccadele, karbon yo\u011fun, kirli sekt\u00f6rlerin terkedilmesini ya da d\u00f6n\u00fc\u015ft\u00fcr\u00fclmesini gerektiriyor. Net s\u0131f\u0131r hedefiyle uyumlu bir enerji d\u00f6n\u00fc\u015f\u00fcm\u00fc i\u00e7in k\u00f6m\u00fcrl\u00fc termik santrallerin kapat\u0131lmas\u0131 ve k\u00f6m\u00fcr madencili\u011finin terk edilmesi ka\u00e7\u0131n\u0131lmaz. Bu s\u00fcre\u00e7te fosil yak\u0131tlara dayal\u0131 bir enerji sisteminin do\u011furdu\u011fu toplumsal ma\u011fduriyetlere (hava kirlili\u011fi sonucu erken \u00f6l\u00fcmler, tar\u0131m arazilerinin yok olmas\u0131, do\u011fal alan kayb\u0131, m\u00fclks\u00fczle\u015fme vb.) plans\u0131z bir \u00e7\u0131k\u0131\u015fla birlikte yeni ma\u011fduriyetlerin eklenmemesi i\u00e7in adil ge\u00e7i\u015f mekanizmalar\u0131n\u0131n kurulmas\u0131 \u015fart.<\/p>\n<h3><strong>\u0130klim Adaleti Perspektifi Dahil Edilmeli<\/strong><\/h3>\n<p>\u0130klim de\u011fi\u015fikli\u011finin etkilerine kar\u015f\u0131 en k\u0131r\u0131lgan kesim olan ba\u015fta kad\u0131nlar, \u00e7ocuklar, engelliler, yoksullar olmak \u00fczere t\u00fcm ki\u015fi ve gruplara, iklim de\u011fi\u015fikli\u011fine kar\u015f\u0131 diren\u00e7 kazand\u0131r\u0131lmal\u0131 ve bu etkilere kar\u015f\u0131 gerekli uyum kabiliyetinin sa\u011flanmas\u0131n\u0131 kanun garanti alt\u0131na almal\u0131. T\u00fcrkiye olarak, iklim adaletini ger\u00e7ek k\u0131lan, kimseyi geride b\u0131rakmayan, toplumsal cinsiyet e\u015fitli\u011fini g\u00f6zeten, gelecek nesillerin haklar\u0131n\u0131 dikkate alan ve yap\u0131sal e\u015fitsizlikleri gidermeye odakl\u0131 bir iklim kanununa ihtiyac\u0131m\u0131z var.<\/p>\n<h3><strong>Emisyon Ticaret Sistemi (ETS) B\u00f6l\u00fcm\u00fc Revize Edilmeli<\/strong><\/h3>\n<p>Emisyon Ticaret Sistemi, ancak iddial\u0131 bir emisyon azalt\u0131m hedefi oldu\u011funda ve sekt\u00f6rler i\u00e7in cayd\u0131r\u0131c\u0131 bir karbon fiyat\u0131 \u00f6ng\u00f6rd\u00fc\u011f\u00fcnde i\u015flevli olabilir. Ancak T\u00fcrkiye\u2019nin iddial\u0131 bir emisyon hedefi yok. Ayr\u0131ca taslakta yer alan ETS sistemi, baz\u0131 sekt\u00f6rlere emisyon izinlerinin \u00fccretsiz verilmesi riski ta\u015f\u0131yor. Bu da t\u0131pk\u0131 Avrupa Birli\u011fi Emisyon Ticaret Sistemi\u2019nin ilk y\u0131llar\u0131nda oldu\u011fu gibi bir\u00e7ok sekt\u00f6re \u00fccretsiz emisyon izni verip karbon fiyatlar\u0131n\u0131 d\u00fc\u015f\u00fcrebilir.<\/p>\n<p>\u00d6te yandan taslakta \u00f6ng\u00f6r\u00fclen g\u00f6n\u00fcll\u00fc karbon piyasalar\u0131ndan edinilecek denkle\u015ftirme ara\u00e7lar\u0131n\u0131n (basit bir ifadeyle tesislerin veya i\u015fletmelerin sorumlu olduklar\u0131 emisyonlar\u0131 a\u011fa\u00e7land\u0131rma vb. uygulamalar sonucu engelledi\u011fi veya azaltt\u0131\u011f\u0131n\u0131 belgeleyerek telafi etmesi) da ETS\u2019ye dahil edilmesi emisyon azalt\u0131m\u0131na y\u00f6nelik bir piyasan\u0131n olu\u015fumunu daha da zorla\u015ft\u0131r\u0131r. AB\u2019deki piyasaya g\u00f6re d\u00fc\u015f\u00fck bir karbon fiyat\u0131, Ye\u015fil Mutabakat kapsam\u0131nda kurulan s\u0131n\u0131rda karbon d\u00fczenlemesinden kaynaklanan maliyetlerin faturas\u0131n\u0131n kamu kaynaklar\u0131ndan \u00f6denmesine neden olacak. Ayr\u0131ca bu mekanizma iyi tasarlanmazsa \u015firketlerin kendilerine da\u011f\u0131t\u0131lacak bedelsiz kirletme haklar\u0131 \u00fczerinden haks\u0131z kazan\u00e7 elde etme riski y\u00fcksek. Bu da \u00fclke kaynaklar\u0131n\u0131n sosyal adalete uygun bir \u015fekilde da\u011f\u0131t\u0131lmas\u0131n\u0131 engelleyecek.<\/p>\n<h3><strong>\u0130mzac\u0131 kurumlar:<\/strong><\/h3>\n<p>Hukuk, Do\u011fa ve Toplum Vakf\u0131 &#8211; HUDOTO<\/p>\n<p>WWF-T\u00fcrkiye (Do\u011fal Hayat\u0131 Koruma Vakf\u0131)<\/p>\n<p>S\u00fcrd\u00fcr\u00fclebilir Ekonomi ve Finans Ara\u015ft\u0131rmalar\u0131 Derne\u011fi (SEFiA)<\/p>\n<p>Avrupa \u0130klim Eylem A\u011f\u0131 (CAN Europe)<\/p>\n<p>T\u00fcretim Ekonomisi Derne\u011fi<\/p>\n<p>350 T\u00fcrkiye<\/p>\n<p>Fosil Yak\u0131tlar\u0131n \u00d6tesi (Beyond Fossil Fuels)<\/p>\n<p>Greenpeace T\u00fcrkiye<\/p>\n<p>Ye\u015fil D\u00fc\u015f\u00fcnce Derne\u011fi<\/p>","protected":false},"excerpt":{"rendered":"<p>Sorry, this entry is only available in Turkish. For the sake of viewer convenience, the content is shown below in the alternative language. You may click the link to switch the active language. Cumhurba\u015fkan\u0131 Recep Tayyip Erdo\u011fan, T\u00fcrkiye\u2019nin y\u00fcr\u00fctece\u011fi iklim politikas\u0131na hukuki zemini olu\u015fturacak \u0130klim Kanun tasla\u011f\u0131n\u0131n yeni yasama y\u0131l\u0131n\u0131n ba\u015flamas\u0131 ile birlikte TBMM g\u00fcndemine [&hellip;]<\/p>\n","protected":false},"author":1,"featured_media":192454,"comment_status":"open","ping_status":"open","sticky":false,"template":"","format":"standard","meta":[],"categories":[53,52],"tags":[98270,9054,4595,85618,1564,115363,101183,27289,35969],"views":32,"_links":{"self":[{"href":"https:\/\/www.enerjigazetesi.ist\/en\/wp-json\/wp\/v2\/posts\/192452"}],"collection":[{"href":"https:\/\/www.enerjigazetesi.ist\/en\/wp-json\/wp\/v2\/posts"}],"about":[{"href":"https:\/\/www.enerjigazetesi.ist\/en\/wp-json\/wp\/v2\/types\/post"}],"author":[{"embeddable":true,"href":"https:\/\/www.enerjigazetesi.ist\/en\/wp-json\/wp\/v2\/users\/1"}],"replies":[{"embeddable":true,"href":"https:\/\/www.enerjigazetesi.ist\/en\/wp-json\/wp\/v2\/comments?post=192452"}],"version-history":[{"count":0,"href":"https:\/\/www.enerjigazetesi.ist\/en\/wp-json\/wp\/v2\/posts\/192452\/revisions"}],"wp:featuredmedia":[{"embeddable":true,"href":"https:\/\/www.enerjigazetesi.ist\/en\/wp-json\/wp\/v2\/media\/192454"}],"wp:attachment":[{"href":"https:\/\/www.enerjigazetesi.ist\/en\/wp-json\/wp\/v2\/media?parent=192452"}],"wp:term":[{"taxonomy":"category","embeddable":true,"href":"https:\/\/www.enerjigazetesi.ist\/en\/wp-json\/wp\/v2\/categories?post=192452"},{"taxonomy":"post_tag","embeddable":true,"href":"https:\/\/www.enerjigazetesi.ist\/en\/wp-json\/wp\/v2\/tags?post=192452"}],"curies":[{"name":"wp","href":"https:\/\/api.w.org\/{rel}","templated":true}]}}