{"id":192352,"date":"2024-10-08T19:26:41","date_gmt":"2024-10-08T16:26:41","guid":{"rendered":"https:\/\/www.enerjigazetesi.ist\/?p=192352"},"modified":"2024-10-08T19:27:15","modified_gmt":"2024-10-08T16:27:15","slug":"turkiye-ruzgar-enerjisi-birligi-tureb-ege-ihracatci-birliklerini-ziyaret-etti","status":"publish","type":"post","link":"https:\/\/www.enerjigazetesi.ist\/en\/turkiye-ruzgar-enerjisi-birligi-tureb-ege-ihracatci-birliklerini-ziyaret-etti\/","title":{"rendered":"(Turkish) &#8217;T\u00fcrkiye R\u00fczgar Enerjisi Birli\u011fi&#8217; Ege \u0130hracat\u00e7\u0131 Birlikleri\u2019ni Ziyaret Etti"},"content":{"rendered":"<p class=\"qtranxs-available-languages-message qtranxs-available-languages-message-en\">Sorry, this entry is only available in <a href=\"https:\/\/www.enerjigazetesi.ist\/tr\/wp-json\/wp\/v2\/posts\/192352\" class=\"qtranxs-available-language-link qtranxs-available-language-link-tr\" title=\"Turkish\">Turkish<\/a>. For the sake of viewer convenience, the content is shown below in the alternative language. You may click the link to switch the active language.<\/p><p><\/p>\n<h2><strong>T\u00fcrkiye\u2019de r\u00fczgar enerjisi alan\u0131nda \u00e7at\u0131 kurulu\u015f olan ve r\u00fczgar enerjisinin geli\u015fimi konusunda yapt\u0131\u011f\u0131 \u00e7al\u0131\u015fmalarla ad\u0131ndan s\u00f6z ettiren T\u00fcrkiye R\u00fczgar Enerjisi Birli\u011fi (T\u00dcREB), Ege \u0130hracat\u00e7\u0131 Birlikleri\u2019ni ziyaret etti.<\/strong><\/h2>\n<p style=\"text-align: center;\"><img loading=\"lazy\" class=\"aligncenter wp-image-192354\" src=\"https:\/\/www.enerjigazetesi.ist\/wp-content\/uploads\/2024\/10\/turkiye-ruzgar-enerjisi-birligi-tureb-ege-ihracatci-birliklerini-ziyaret-etti.jpg\" alt=\"\" width=\"500\" height=\"333\" srcset=\"https:\/\/www.enerjigazetesi.ist\/wp-content\/uploads\/2024\/10\/turkiye-ruzgar-enerjisi-birligi-tureb-ege-ihracatci-birliklerini-ziyaret-etti.jpg 550w, https:\/\/www.enerjigazetesi.ist\/wp-content\/uploads\/2024\/10\/turkiye-ruzgar-enerjisi-birligi-tureb-ege-ihracatci-birliklerini-ziyaret-etti-300x200.jpg 300w, https:\/\/www.enerjigazetesi.ist\/wp-content\/uploads\/2024\/10\/turkiye-ruzgar-enerjisi-birligi-tureb-ege-ihracatci-birliklerini-ziyaret-etti-500x333.jpg 500w, https:\/\/www.enerjigazetesi.ist\/wp-content\/uploads\/2024\/10\/turkiye-ruzgar-enerjisi-birligi-tureb-ege-ihracatci-birliklerini-ziyaret-etti-75x50.jpg 75w, https:\/\/www.enerjigazetesi.ist\/wp-content\/uploads\/2024\/10\/turkiye-ruzgar-enerjisi-birligi-tureb-ege-ihracatci-birliklerini-ziyaret-etti-450x300.jpg 450w\" sizes=\"(max-width: 500px) 100vw, 500px\" \/><\/p>\n<p>T\u00dcREB Y\u00f6netim Kurulu Ba\u015fkan\u0131 \u0130brahim Erden, Genel Sekreteri Dr. \u0130skender K\u00f6key, Dan\u0131\u015fmanl\u0131k, Bak\u0131m ve Di\u011fer Servislerden Sorumlu Ba\u015fkan Yard\u0131mc\u0131s\u0131 Ali Ayd\u0131n, Sanayiden Sorumlu Ba\u015fkan Yard\u0131mc\u0131s\u0131 Ender \u00d6zatay, Denetim Kurulu \u00dcyesi Av. Dr. Mehmet Feridun \u0130zgi ile Genel Koordinat\u00f6r G\u00f6zde Bur\u00e7ak Polat ve Sekt\u00f6rel Ara\u015ft\u0131rmalar ve \u0130\u015f Geli\u015ftirme M\u00fcd\u00fcr\u00fc V. Mesut K\u0131l\u0131\u00e7 taraf\u0131ndan ger\u00e7ekle\u015ftirilen ziyaret kapsam\u0131nda Ege \u0130hracat\u00e7\u0131 Birlikleri Koordinat\u00f6r Ba\u015fkan Yard\u0131mc\u0131s\u0131 ve Ege Demir ve Demird\u0131\u015f\u0131 Metaller \u0130hracat\u00e7\u0131lar\u0131 Birli\u011fi Ba\u015fkan\u0131 Yal\u00e7\u0131n Ertan, Ege \u0130hracat\u00e7\u0131 Birlikleri Genel Sekreter Yard\u0131mc\u0131s\u0131 Kemal Co\u015fkun ve Genel Sekreterlik temsilcileri ile yap\u0131lan g\u00f6r\u00fc\u015fmede r\u00fczgar enerjisinin ve sekt\u00f6r\u00fcn\u00fcn geli\u015fimi, b\u00f6lgesel ve ulusal d\u00fczeyde sekt\u00f6r\u00fcn \u00f6n\u00fcndeki f\u0131rsat ve engeller, uluslararas\u0131 d\u00fczeyde giri\u015fimler ve i\u015fbirlikleri masaya yat\u0131r\u0131ld\u0131. T\u00dcREB Y\u00f6netim Kurulu Ba\u015fkan\u0131 \u0130brahim Erden, ulusal d\u00fczeyde daha \u00e7ok yenilenebilir enerji yat\u0131r\u0131m\u0131 yap\u0131labilmesi ile gerek bu y\u00f6ndeki \u00e7abalar\u0131n gerekse sekt\u00f6r\u00fcn g\u00f6r\u00fcn\u00fcr k\u0131l\u0131nmas\u0131n\u0131n temel ama\u00e7lar\u0131 oldu\u011funu belirtti.<\/p>\n<h3><strong>Yenilenebilir Enerjide Ege \u0130hracat\u00e7\u0131 Birlikleri \u00c7at\u0131s\u0131 Alt\u0131nda Yeni Bir Birlik Kurulmas\u0131 Sekt\u00f6r\u00fc Daha \u0130leri Ta\u015f\u0131yacakt\u0131r<\/strong><\/h3>\n<p>Bu \u00f6nemli ziyaretten duydu\u011fu memnuniyeti dile getiren <strong>Ege \u0130hracat\u00e7\u0131 Birlikleri Koordinat\u00f6r Ba\u015fkan Yard\u0131mc\u0131s\u0131 ve Ege Demir ve Demird\u0131\u015f\u0131 Metaller \u0130hracat\u00e7\u0131lar\u0131 Birli\u011fi Ba\u015fkan\u0131 Yal\u00e7\u0131n Ertan,<\/strong> <em>\u201cMevcut durumda yenilenebilir enerji ekipmanlar\u0131ndan \u00f6zellikle t\u00fcrbin \u00fcretiminde bitmi\u015f \u00fcr\u00fcn ithalat\u0131na vergi olmad\u0131\u011f\u0131 i\u00e7in bizim \u00fcreticilerimizin rekabet g\u00fcc\u00fc hayli azal\u0131yor. Ayr\u0131ca t\u00fcrbin ithalat\u0131nda bitmi\u015f \u00fcr\u00fcnde vergi yokken, t\u00fcrbin \u00fcretiminde kullan\u0131lan malzemelerin vergiye tabi olmas\u0131, bu y\u00f6nde yat\u0131r\u0131m yapan firmalar\u0131 zora soktu\u011fundan, \u00fclkemizin d\u00f6viz kayb\u0131na u\u011framas\u0131na neden olurken, yat\u0131r\u0131mlar\u0131n farkl\u0131 \u00fclkelere kayma riskini ortaya \u00e7\u0131kar\u0131yor. Emekleme a\u015famas\u0131ndaki bu sekt\u00f6rde, bitmi\u015f \u00fcr\u00fcne vergi al\u0131nmamas\u0131 nedeniyle \u00fcreticilerimiz devre d\u0131\u015f\u0131 kal\u0131yor. Bu konu ile ilgili \u00fcreticilerimizin rekabet g\u00fcc\u00fcn\u00fc koruyacak ve sekt\u00f6r\u00fcn geli\u015fimini g\u00fc\u00e7lendirecek d\u00fczenlemelere ihtiya\u00e7 var. \u0130zmir ve Ege B\u00f6lgesi, <strong>yenilenebilir enerji ekipmanlar\u0131 \u00fcretimi<\/strong> i\u00e7in y\u0131llar i\u00e7inde do\u011fal bir \u00fcs haline geldi. Bu do\u011fal k\u00fcmelenmenin ihracat odakl\u0131 geni\u015flemesi i\u00e7in <strong>Ege \u0130hracat\u00e7\u0131 Birlikleri<\/strong> \u00e7at\u0131s\u0131 alt\u0131nda ayr\u0131 bir birlik kurulmas\u0131 sekt\u00f6r\u00fc \u00e7ok daha ileri ta\u015f\u0131y\u0131p uluslararas\u0131 rekabete destek olacakt\u0131r.\u201d<\/em> dedi.<\/p>\n<p><strong>T\u00dcREB Y\u00f6netim Kurulu Ba\u015fkan\u0131 \u0130brahim Erden<\/strong>, ulusal d\u00fczeyde daha \u00e7ok yenilenebilir enerji yat\u0131r\u0131m\u0131 yap\u0131labilmesi ile gerek bu y\u00f6ndeki \u00e7abalar\u0131n gerekse sekt\u00f6r\u00fcn g\u00f6r\u00fcn\u00fcr k\u0131l\u0131nmas\u0131n\u0131n temel ama\u00e7lar\u0131 oldu\u011funu belirtti. <em>\u201cYenilenebilir enerjide kapasite art\u0131r\u0131m\u0131 \u00e7ok h\u0131zl\u0131 geli\u015ftirilebiliyor\u201d<\/em> diye s\u00f6zlerine devam eden Erden,<em> \u201cbu kadar yo\u011fun global d\u00f6n\u00fc\u015f\u00fcm\u00fcn oldu\u011fu bir sekt\u00f6rde \u00fclkemizin de bundan faydalanabilmesi \u00f6nceli\u011fimizdir.\u201d<\/em> diye belirtti.<\/p>","protected":false},"excerpt":{"rendered":"<p>Sorry, this entry is only available in Turkish. For the sake of viewer convenience, the content is shown below in the alternative language. You may click the link to switch the active language. T\u00fcrkiye\u2019de r\u00fczgar enerjisi alan\u0131nda \u00e7at\u0131 kurulu\u015f olan ve r\u00fczgar enerjisinin geli\u015fimi konusunda yapt\u0131\u011f\u0131 \u00e7al\u0131\u015fmalarla ad\u0131ndan s\u00f6z ettiren T\u00fcrkiye R\u00fczgar Enerjisi Birli\u011fi (T\u00dcREB), [&hellip;]<\/p>\n","protected":false},"author":1,"featured_media":192354,"comment_status":"open","ping_status":"open","sticky":false,"template":"","format":"standard","meta":[],"categories":[53,50],"tags":[6120,5320,324,1682,3390,115337,358],"views":22,"_links":{"self":[{"href":"https:\/\/www.enerjigazetesi.ist\/en\/wp-json\/wp\/v2\/posts\/192352"}],"collection":[{"href":"https:\/\/www.enerjigazetesi.ist\/en\/wp-json\/wp\/v2\/posts"}],"about":[{"href":"https:\/\/www.enerjigazetesi.ist\/en\/wp-json\/wp\/v2\/types\/post"}],"author":[{"embeddable":true,"href":"https:\/\/www.enerjigazetesi.ist\/en\/wp-json\/wp\/v2\/users\/1"}],"replies":[{"embeddable":true,"href":"https:\/\/www.enerjigazetesi.ist\/en\/wp-json\/wp\/v2\/comments?post=192352"}],"version-history":[{"count":0,"href":"https:\/\/www.enerjigazetesi.ist\/en\/wp-json\/wp\/v2\/posts\/192352\/revisions"}],"wp:featuredmedia":[{"embeddable":true,"href":"https:\/\/www.enerjigazetesi.ist\/en\/wp-json\/wp\/v2\/media\/192354"}],"wp:attachment":[{"href":"https:\/\/www.enerjigazetesi.ist\/en\/wp-json\/wp\/v2\/media?parent=192352"}],"wp:term":[{"taxonomy":"category","embeddable":true,"href":"https:\/\/www.enerjigazetesi.ist\/en\/wp-json\/wp\/v2\/categories?post=192352"},{"taxonomy":"post_tag","embeddable":true,"href":"https:\/\/www.enerjigazetesi.ist\/en\/wp-json\/wp\/v2\/tags?post=192352"}],"curies":[{"name":"wp","href":"https:\/\/api.w.org\/{rel}","templated":true}]}}