{"id":192344,"date":"2024-10-08T19:02:00","date_gmt":"2024-10-08T16:02:00","guid":{"rendered":"https:\/\/www.enerjigazetesi.ist\/?p=192344"},"modified":"2024-10-08T19:02:00","modified_gmt":"2024-10-08T16:02:00","slug":"surdurulebilirlik-raporunda-daha-iyi-bir-gelecek-mesajlari-verildi","status":"publish","type":"post","link":"https:\/\/www.enerjigazetesi.ist\/en\/surdurulebilirlik-raporunda-daha-iyi-bir-gelecek-mesajlari-verildi\/","title":{"rendered":"(Turkish) S\u00fcrd\u00fcr\u00fclebilirlik Raporunda Daha \u0130yi Bir Gelecek Mesajlar\u0131 Verildi"},"content":{"rendered":"<p class=\"qtranxs-available-languages-message qtranxs-available-languages-message-en\">Sorry, this entry is only available in <a href=\"https:\/\/www.enerjigazetesi.ist\/tr\/wp-json\/wp\/v2\/posts\/192344\" class=\"qtranxs-available-language-link qtranxs-available-language-link-tr\" title=\"Turkish\">Turkish<\/a>. For the sake of viewer convenience, the content is shown below in the alternative language. You may click the link to switch the active language.<\/p><p><\/p>\n<h2><strong>Kamuoyuna a\u00e7\u0131klad\u0131\u011f\u0131 net s\u0131f\u0131r hedefleri do\u011frultusunda karbonsuzla\u015fma yolculu\u011funa cesur ad\u0131mlarla ilerleyen ve s\u00fcrd\u00fcr\u00fclebilirli\u011fin sosyal boyutunda \u00f6nc\u00fc \u00e7al\u0131\u015fmalar\u0131na devam eden Enerjisa Enerji, 2023 S\u00fcrd\u00fcr\u00fclebilirlik Raporu\u2019nu duyurdu.<\/strong><\/h2>\n<p style=\"text-align: center;\"><img loading=\"lazy\" class=\"aligncenter wp-image-192346\" src=\"https:\/\/www.enerjigazetesi.ist\/wp-content\/uploads\/2024\/10\/surdurulebilirlik-raporunda-daha-iyi-bir-gelecek-mesajlari-verildi.jpg\" alt=\"\" width=\"500\" height=\"345\" srcset=\"https:\/\/www.enerjigazetesi.ist\/wp-content\/uploads\/2024\/10\/surdurulebilirlik-raporunda-daha-iyi-bir-gelecek-mesajlari-verildi.jpg 550w, https:\/\/www.enerjigazetesi.ist\/wp-content\/uploads\/2024\/10\/surdurulebilirlik-raporunda-daha-iyi-bir-gelecek-mesajlari-verildi-300x207.jpg 300w, https:\/\/www.enerjigazetesi.ist\/wp-content\/uploads\/2024\/10\/surdurulebilirlik-raporunda-daha-iyi-bir-gelecek-mesajlari-verildi-500x345.jpg 500w, https:\/\/www.enerjigazetesi.ist\/wp-content\/uploads\/2024\/10\/surdurulebilirlik-raporunda-daha-iyi-bir-gelecek-mesajlari-verildi-72x50.jpg 72w\" sizes=\"(max-width: 500px) 100vw, 500px\" \/><\/p>\n<p>\u0130klim De\u011fi\u015fikli\u011fi ve Su G\u00fcvenli\u011fi kapsam\u0131nda ger\u00e7ekle\u015ftirdi\u011fi \u00e7al\u0131\u015fmalar ile Su kategorisinde K\u00fcresel A Listesi\u2019ne giren Enerjisa Enerji, deprem ve ekonomik etkilerin hissedildi\u011fi bir ortamda dahi s\u00fcrd\u00fcr\u00fclebilir enerji ve toplumsal yat\u0131r\u0131mlar\u0131na devam ederek hedefinin arkas\u0131nda durdu.<\/p>\n<p>Etki odakl\u0131 bir s\u00fcrd\u00fcr\u00fclebilirlik yakla\u015f\u0131m\u0131 ile T\u00fcrkiye\u2019nin enerji d\u00f6n\u00fc\u015f\u00fcm\u00fcne \u00f6nc\u00fcl\u00fck eden Enerjisa Enerji, verimlilik ve s\u00fcrd\u00fcr\u00fclebilirlik odakl\u0131 \u00e7al\u0131\u015fmalar\u0131n\u0131 2023 Temmuz ay\u0131nda kamuoyuyla payla\u015ft\u0131\u011f\u0131 Daha \u0130yi Bir Gelecek platformu ile ta\u00e7land\u0131rm\u0131\u015ft\u0131. G\u00fcndeminin insan ve s\u00fcrd\u00fcr\u00fclebilirlik oda\u011f\u0131nda oldu\u011funun tekrar alt\u0131n\u0131 \u00e7izdi\u011fi 2023 S\u00fcrd\u00fcr\u00fclebilirlik Raporu ile de T\u00fcrkiye\u2019nin s\u00fcrd\u00fcr\u00fclebilir enerji d\u00f6n\u00fc\u015f\u00fcmde bir ba\u015far\u0131 hikayesi yaratmak istedi\u011fini bir kez daha vurgulad\u0131.<\/p>\n<p>Enerjisa Enerji\u2019nin t\u00fcm payda\u015flar\u0131yla \u015feffaf bir \u015fekilde payla\u015ft\u0131\u011f\u0131 S\u00fcrd\u00fcr\u00fclebilirlik Raporu\u2019nda, enerji verimlili\u011fi ve yenilenebilir enerji d\u00f6n\u00fc\u015f\u00fcm\u00fc gibi sekt\u00f6rel konular\u0131n yan\u0131 s\u0131ra, toplumsal cinsiyet e\u015fitli\u011fi ve f\u0131rsat e\u015fitli\u011fi gibi toplumsal konulara da detayl\u0131ca de\u011finiliyor. \u00c7evresel, ekonomik, toplumsal ve uluslararas\u0131 alanlarda \u00f6nemli taahh\u00fctlerde bulunan Enerjisa Enerji, s\u00fcrd\u00fcr\u00fclebilirlik yakla\u015f\u0131m\u0131 do\u011frultusunda t\u00fcm payda\u015flar\u0131n\u0131 daha ak\u0131ll\u0131 ve ye\u015fil enerjiyle bulu\u015fturuyor ve gelecek nesillere bug\u00fcnden daha iyi ko\u015fullar sunabilmek i\u00e7in t\u00fcm \u00e7al\u0131\u015fmalar\u0131n\u0131 s\u00fcrd\u00fcr\u00fcyor.<\/p>\n<h3><strong>2030 hedefi, Kapsam 3 ile \u0130li\u015fkili Sat\u0131lan Elektrik Emisyon Yo\u011funlu\u011funun %40 Azalt\u0131m\u0131<\/strong><\/h3>\n<p>Enerjisa Enerji, d\u00fc\u015f\u00fck karbon emisyonu yaratmak ad\u0131na daha \u00f6nce Net S\u0131f\u0131r Taahh\u00fcd\u00fcnde bulunmu\u015ftu. Kapsam 1 ve 2\u2019deki hedeflerine ula\u015fmada do\u011fru bir yolda oldu\u011funu ve hedefleri do\u011frultusunda ilerledi\u011fini g\u00f6steren raporda, Kapsam 3 i\u00e7in de bir hedef verildi. \u0130klim stratejisinin bir par\u00e7as\u0131 olarak, 2030 y\u0131l\u0131na kadar Kapsam 1 ve 2 emisyonlar\u0131n\u0131 %30 oran\u0131nda azaltma taahh\u00fcd\u00fcn\u00fc s\u00fcrd\u00fcren Enerjisa Enerji; Kapsam 3 emisyonlar\u0131yla ilgili sat\u0131lan elektrik emisyon yo\u011funlu\u011funu 2021 referans y\u0131l\u0131na k\u0131yasla yine 2030 y\u0131l\u0131na kadar %40 oran\u0131nda azaltaca\u011f\u0131n\u0131 yay\u0131nlanan yeni raporunda duyurdu.<\/p>\n<h3><strong>Biyo\u00e7e\u015fitlili\u011fe Y\u00f6nelik Strateji ve Hedef Beyan\u0131 \u0130lk Kez Duyuruldu<\/strong><\/h3>\n<p>Faaliyet g\u00f6sterdi\u011fi t\u00fcm alanlarda ekosistemlerin, habitatlar\u0131n ve biyo\u00e7e\u015fitlili\u011fin korunmas\u0131na b\u00fcy\u00fck \u00f6nem veren Enerjisa Enerji, Biyo\u00e7e\u015fitlili\u011fe y\u00f6nelik Strateji ve Hedef Beyan\u2019\u0131n\u0131 ise ilk kez 2023 S\u00fcrd\u00fcr\u00fclebilirlik Raporu\u2019nda a\u00e7\u0131klad\u0131. Bu alandaki etkilerini en aza indirmeyi ama\u00e7layan \u015firket, biyolojik \u00e7e\u015fitlili\u011fi hem operasyonlar\u0131nda hem de karar mekanizmalar\u0131nda stratejik bir \u00f6ncelik olarak ele al\u0131yor. Bu stratejiye dayal\u0131 eylemleri hissedarlar\u0131, sekt\u00f6r ortaklar\u0131, STK\u2019lar ve di\u011fer t\u00fcm payda\u015flar\u0131yla i\u015f birli\u011fi i\u00e7inde hayata ge\u00e7irmeyi hedefliyor.<\/p>\n<h3><strong>\u201cKendimizi Karbonsuzla\u015fman\u0131n \u0130tici G\u00fcc\u00fc Olarak Konumland\u0131r\u0131yoruz.\u201d<\/strong><\/h3>\n<p>Enerjisa Enerji olarak daha iyi bir gelecek i\u00e7in sorumluluklar\u0131n\u0131n bilincinde olduklar\u0131n\u0131n alt\u0131n\u0131 \u00e7izen Enerjisa Enerji CEO\u2019su Murat P\u0131nar, \u201cHerkes i\u00e7in daha iyi bir gelecek vizyonumuzun arkas\u0131ndaki itici g\u00fc\u00e7 olan s\u00fcrd\u00fcr\u00fclebilirlik odakl\u0131 \u00e7abalar\u0131m\u0131z\u0131 ve faaliyetlerimizi yo\u011funla\u015ft\u0131r\u0131rken, zorlu ko\u015fullara ra\u011fmen 2023 y\u0131l\u0131nda ba\u015far\u0131l\u0131 operasyonel ve finansal sonu\u00e7lar elde etti\u011fimizi duyurmaktan \u00e7ok gururluyum.<\/p>\n<p>Daha temiz, daha ak\u0131ll\u0131 ve daha s\u00fcrd\u00fcr\u00fclebilir bir ya\u015fam tarz\u0131 sa\u011flayan elektrik \u015febekesi operasyonlar\u0131m\u0131z, hizmetlerimiz ve \u00fcr\u00fcnlerimiz arac\u0131l\u0131\u011f\u0131yla kendimizi karbonsuzla\u015fman\u0131n itici g\u00fcc\u00fc olarak konumland\u0131r\u0131yoruz. Sorumlu yat\u0131r\u0131m vizyonumuz do\u011frultusunda, yenilenebilir enerji kaynaklar\u0131n\u0131n entegrasyonunu desteklemek i\u00e7in 2023 y\u0131l\u0131nda \u015febeke yat\u0131r\u0131mlar\u0131m\u0131z\u0131 2022 y\u0131l\u0131na k\u0131yasla %200\u2019\u00fcn \u00fczerinde art\u0131rarak, enerji alt yap\u0131m\u0131z\u0131 \u00f6nemli \u00f6l\u00e7\u00fcde g\u00fc\u00e7lendirdik. Bu yat\u0131r\u0131mlar sadece \u015febeke kalitemizi art\u0131rarak kesintisiz enerji arz\u0131na ve ba\u015far\u0131l\u0131 bir enerji d\u00f6n\u00fc\u015f\u00fcm\u00fcne katk\u0131da bulunmakla kalm\u0131yor, ayn\u0131 zamanda hem topluma hem de \u00e7evreye kar\u015f\u0131 sorumlulu\u011fumuzu bir kez daha peki\u015ftiriyor. Ayr\u0131ca, kurumsal m\u00fc\u015fterilerimiz i\u00e7in g\u00fcne\u015f enerjisi santrallerinin yan\u0131nda, ayd\u0131nlatma d\u00f6n\u00fc\u015f\u00fcm projeleri ve proses verimlilik uygulamalar\u0131 da dahil olmak \u00fczere 50\u2019ye yak\u0131n enerji verimlili\u011fi projesi ile T\u00fcrkiye\u2019nin s\u00fcrd\u00fcr\u00fclebilir gelece\u011fine y\u00f6nelik enerji d\u00f6n\u00fc\u015f\u00fcm\u00fcne liderlik etmeye devam ediyoruz. E\u015farj ile gelece\u011fin s\u00fcrd\u00fcr\u00fclebilir ula\u015f\u0131m alt yap\u0131s\u0131n\u0131 geli\u015ftirme vizyonumuz do\u011frultusunda 2023 hedeflerimizi ger\u00e7ekle\u015ftirdik, ula\u015ft\u0131\u011f\u0131m\u0131z 1.300 istasyon ile a\u011f\u0131m\u0131z\u0131 b\u00fcy\u00fctmeye devam ediyoruz.<\/p>\n<p>Kurumsal vatanda\u015fl\u0131k anlay\u0131\u015f\u0131m\u0131zla s\u00fcrd\u00fcr\u00fclebilir ve etki yaratan sosyal sorumluluk ve toplumsal yat\u0131r\u0131m projelerini hayata ge\u00e7irmeye devam ediyoruz. S\u00fcrd\u00fcr\u00fclebilir Kalk\u0131nma Ama\u00e7lar\u0131n\u0131n 17.\u2019si olan \u2018Ama\u00e7lar i\u00e7in Ortakl\u0131klar\u2019\u0131n \u00f6nemine ve g\u00fcc\u00fcne inanarak alan\u0131nda uzman, ortak ama\u00e7 ve vizyona sahip yerel, ulusal ve uluslararas\u0131 kurum ve kurulu\u015flarla i\u015f birlikleri ger\u00e7ekle\u015ftirerek projelerimizin etki alan\u0131n\u0131 b\u00fcy\u00fct\u00fcyoruz.<\/p>\n<p>Enerjisa Enerji olarak, daha ak\u0131ll\u0131 ve ye\u015fil bir d\u00fcnya ve herkes i\u00e7in daha iyi bir gelecek i\u00e7in faaliyet ve \u00e7al\u0131\u015fmalar\u0131m\u0131za devam edece\u011fiz. Payda\u015flar\u0131m\u0131za, m\u00fc\u015fterilerimize, yat\u0131r\u0131mc\u0131 ve i\u015f ortaklar\u0131m\u0131za ve \u00e7al\u0131\u015fanlar\u0131m\u0131za s\u00fcrd\u00fcr\u00fclebilir yar\u0131nlara do\u011fru ilerlerken verdikleri destek i\u00e7in te\u015fekk\u00fcr ediyorum.\u201d dedi.<\/p>\n<p>Enerjisa Enerji S\u00fcrd\u00fcr\u00fclebilirlik ve Kurumsal Yetkinlikler B\u00f6l\u00fcm Ba\u015fkan\u0131 Ebru Ta\u015fc\u0131o\u011flu, \u201cEnerjisa Enerji ad\u0131na payla\u015ft\u0131\u011f\u0131m\u0131z \u00c7evresel Sosyal Y\u00f6neti\u015fim (\u00c7YS) hedeflerimiz, \u015firketimizin cesur ve ileri g\u00f6r\u00fc\u015fl\u00fc s\u00fcrd\u00fcr\u00fclebilirlik g\u00fcndeminin alt\u0131n\u0131 \u00e7izerek \u015firketin performans y\u00f6netim sistemine ba\u015far\u0131l\u0131 bir \u015fekilde entegre ediliyor. \u0130klim stratejimizin bir par\u00e7as\u0131 olarak verdi\u011fimiz taahh\u00fctlerin arkas\u0131nda durmakla kalm\u0131yor, CDP gibi uluslararas\u0131 kurumlar taraf\u0131ndan ald\u0131\u011f\u0131m\u0131z A seviyesinde dereceler ile de \u00e7al\u0131\u015fmalar\u0131m\u0131z\u0131n sonu\u00e7 ald\u0131\u011f\u0131n\u0131 g\u00f6rmekten gurur duyuyoruz.<\/p>\n<p>S\u00fcrd\u00fcr\u00fclebilirli\u011fi her boyutuyla ele alabilmek ad\u0131na, Birle\u015fmi\u015f Milletler K\u00fcresel \u0130lkeler S\u00f6zle\u015fmesi\u2019nin imzac\u0131s\u0131 olarak, stratejilerimizde ve operasyonlar\u0131m\u0131zda \u00e7evreyi koruma, i\u015f\u00e7i haklar\u0131, insan haklar\u0131 ve yolsuzlukla m\u00fccadele konular\u0131ndaki evrensel ilkelere ba\u011fl\u0131l\u0131\u011f\u0131m\u0131z\u0131 hayata ge\u00e7en uygulamalar\u0131m\u0131z ile hem \u00e7al\u0131\u015fanlar\u0131m\u0131za hem de topluma g\u00f6steriyoruz.<\/p>\n<p>Toplum i\u00e7in yaratt\u0131\u011f\u0131m\u0131z etkinin fark\u0131nda olarak hem i\u015f s\u00fcre\u00e7lerimizde hem de hizmetlerimizde \u00e7e\u015fitlilik, e\u015fitlik ve kapsay\u0131c\u0131l\u0131k bak\u0131\u015f a\u00e7\u0131m\u0131z\u0131 oda\u011f\u0131m\u0131zda tutuyoruz. 2023 y\u0131l\u0131nda \u2018Bloomberg Cinsiyet E\u015fitli\u011fi Endeksi\u2019ne T\u00fcrkiye\u2019den dahil olan 12 \u015firketten biri olduk. 2019 y\u0131l\u0131ndan beri WEPs-Kad\u0131n\u0131n G\u00fc\u00e7lendirilmesi Prensiplerinin imzac\u0131s\u0131 bir \u015firket olarak 2023 y\u0131l\u0131nda UN Women (Birle\u015fmi\u015f Milletler Kad\u0131n Birimi) taraf\u0131ndan y\u00fcr\u00fct\u00fclen \u2018S\u00f6zden Eyleme WEPs\u2019 projesine kat\u0131lan 10 \u015firket aras\u0131nda yer ald\u0131k. \u00c7e\u015fitlilik, e\u015fitlik ve kapsay\u0131c\u0131l\u0131k platformumuz olan \u2018Sensiz Olmaz\u2019 kapsam\u0131nda y\u00fcr\u00fctt\u00fc\u011f\u00fcm\u00fcz \u00e7al\u0131\u015fmalar\u0131m\u0131zla i\u015f yerindeki herkes i\u00e7in f\u0131rsat e\u015fitli\u011fini hedefliyoruz.<\/p>\n<p>Geride hi\u00e7 kimseyi b\u0131rakmayan ve s\u00fcrd\u00fcr\u00fclebilirli\u011fi \u00e7evresel, sosyal, ekonomik her boyutuyla ele alan bak\u0131\u015f a\u00e7\u0131m\u0131z ile \u00e7al\u0131\u015fmaya ve bir d\u00f6n\u00fc\u015f\u00fcm\u00fc ba\u015farmaya devam edece\u011fiz.\u201d dedi.<\/p>\n<p><strong>S\u00fcrd\u00fcr\u00fclebilirlik raporuna ula\u015fmak i\u00e7in <a href=\"https:\/\/www.enerjisainvestorrelations.com\/medium\/ReportAndPresentation\/File\/3115\/enerjisaenerji2023sustainabilityreport.pdf\" target=\"_blank\" rel=\"noopener\">T\u0131klay\u0131n&gt;&gt;<\/a><\/strong><\/p>","protected":false},"excerpt":{"rendered":"<p>Sorry, this entry is only available in Turkish. For the sake of viewer convenience, the content is shown below in the alternative language. You may click the link to switch the active language. Kamuoyuna a\u00e7\u0131klad\u0131\u011f\u0131 net s\u0131f\u0131r hedefleri do\u011frultusunda karbonsuzla\u015fma yolculu\u011funa cesur ad\u0131mlarla ilerleyen ve s\u00fcrd\u00fcr\u00fclebilirli\u011fin sosyal boyutunda \u00f6nc\u00fc \u00e7al\u0131\u015fmalar\u0131na devam eden Enerjisa Enerji, 2023 [&hellip;]<\/p>\n","protected":false},"author":1,"featured_media":192346,"comment_status":"open","ping_status":"open","sticky":false,"template":"","format":"standard","meta":[],"categories":[53,52],"tags":[111766,12,37825,31929,61426,28116],"views":25,"_links":{"self":[{"href":"https:\/\/www.enerjigazetesi.ist\/en\/wp-json\/wp\/v2\/posts\/192344"}],"collection":[{"href":"https:\/\/www.enerjigazetesi.ist\/en\/wp-json\/wp\/v2\/posts"}],"about":[{"href":"https:\/\/www.enerjigazetesi.ist\/en\/wp-json\/wp\/v2\/types\/post"}],"author":[{"embeddable":true,"href":"https:\/\/www.enerjigazetesi.ist\/en\/wp-json\/wp\/v2\/users\/1"}],"replies":[{"embeddable":true,"href":"https:\/\/www.enerjigazetesi.ist\/en\/wp-json\/wp\/v2\/comments?post=192344"}],"version-history":[{"count":0,"href":"https:\/\/www.enerjigazetesi.ist\/en\/wp-json\/wp\/v2\/posts\/192344\/revisions"}],"wp:featuredmedia":[{"embeddable":true,"href":"https:\/\/www.enerjigazetesi.ist\/en\/wp-json\/wp\/v2\/media\/192346"}],"wp:attachment":[{"href":"https:\/\/www.enerjigazetesi.ist\/en\/wp-json\/wp\/v2\/media?parent=192344"}],"wp:term":[{"taxonomy":"category","embeddable":true,"href":"https:\/\/www.enerjigazetesi.ist\/en\/wp-json\/wp\/v2\/categories?post=192344"},{"taxonomy":"post_tag","embeddable":true,"href":"https:\/\/www.enerjigazetesi.ist\/en\/wp-json\/wp\/v2\/tags?post=192344"}],"curies":[{"name":"wp","href":"https:\/\/api.w.org\/{rel}","templated":true}]}}