{"id":192332,"date":"2024-10-08T17:57:16","date_gmt":"2024-10-08T14:57:16","guid":{"rendered":"https:\/\/www.enerjigazetesi.ist\/?p=192332"},"modified":"2024-10-08T18:00:01","modified_gmt":"2024-10-08T15:00:01","slug":"ruzgarin-kanatlari-belgesel-filminin-3-uncu-bolumu-izleyiciyle-bulusuyor","status":"publish","type":"post","link":"https:\/\/www.enerjigazetesi.ist\/en\/ruzgarin-kanatlari-belgesel-filminin-3-uncu-bolumu-izleyiciyle-bulusuyor\/","title":{"rendered":"(Turkish) &#8221;R\u00fczgar\u0131n Kanatlar\u0131&#8221; Belgeselinin 3&#8217;\u00fcnc\u00fc B\u00f6l\u00fcm\u00fc \u0130zleyiciyle Bulu\u015fuyor"},"content":{"rendered":"<p class=\"qtranxs-available-languages-message qtranxs-available-languages-message-en\">Sorry, this entry is only available in <a href=\"https:\/\/www.enerjigazetesi.ist\/tr\/wp-json\/wp\/v2\/posts\/192332\" class=\"qtranxs-available-language-link qtranxs-available-language-link-tr\" title=\"Turkish\">Turkish<\/a>. For the sake of viewer convenience, the content is shown below in the alternative language. You may click the link to switch the active language.<\/p><p><\/p>\n<h2>Ya\u015fama sayg\u0131 duyarak \u00fcreten, topluma ve \u00e7evreye katk\u0131 sa\u011flamay\u0131 hedefleyen Enerjisa \u00dcretim, usta belgeselci Co\u015fkun Aral ve ekibiyle \u00e7al\u0131\u015ft\u0131\u011f\u0131 \u201cR\u00fczgar\u0131n Kanatlar\u0131\u201d belgesel filminin \u00fc\u00e7\u00fcnc\u00fc b\u00f6l\u00fcm\u00fcn\u00fc yay\u0131nlad\u0131. Bilgi birikimini s\u00fcrekli geli\u015ftiren ve sahip oldu\u011fu birikimi toplumun farkl\u0131 kesimleriyle payla\u015fan Enerjisa \u00dcretim, belgesel filmi ile T\u00fcrkiye\u2019de enerji okur yazarl\u0131\u011f\u0131n\u0131n geli\u015fmesine katk\u0131 sunmay\u0131 hedefliyor.<\/h2>\n<p style=\"text-align: center;\"><img loading=\"lazy\" class=\"aligncenter wp-image-192334\" src=\"https:\/\/www.enerjigazetesi.ist\/wp-content\/uploads\/2024\/10\/ruzgarin-kanatlari-belgesel-filminin-3-uncu-bolumu-izleyiciyle-bulusuyor-1.jpg\" alt=\"\" width=\"500\" height=\"329\" srcset=\"https:\/\/www.enerjigazetesi.ist\/wp-content\/uploads\/2024\/10\/ruzgarin-kanatlari-belgesel-filminin-3-uncu-bolumu-izleyiciyle-bulusuyor-1.jpg 550w, https:\/\/www.enerjigazetesi.ist\/wp-content\/uploads\/2024\/10\/ruzgarin-kanatlari-belgesel-filminin-3-uncu-bolumu-izleyiciyle-bulusuyor-1-300x197.jpg 300w, https:\/\/www.enerjigazetesi.ist\/wp-content\/uploads\/2024\/10\/ruzgarin-kanatlari-belgesel-filminin-3-uncu-bolumu-izleyiciyle-bulusuyor-1-500x329.jpg 500w, https:\/\/www.enerjigazetesi.ist\/wp-content\/uploads\/2024\/10\/ruzgarin-kanatlari-belgesel-filminin-3-uncu-bolumu-izleyiciyle-bulusuyor-1-76x50.jpg 76w\" sizes=\"(max-width: 500px) 100vw, 500px\" \/><\/p>\n<p>D\u00fcnyada artan enerji krizine kar\u015f\u0131 yenilenebilir enerjiye ge\u00e7i\u015f h\u0131z kazan\u0131yor ve fosil yak\u0131tlar\u0131n yerini almak \u00fczere b\u00fcy\u00fck yat\u0131r\u0131mlar yap\u0131l\u0131yor. Paris Anla\u015fmas\u0131 gibi uluslararas\u0131 anla\u015fmalar, karbon emisyonlar\u0131n\u0131 azaltma hedefleriyle \u00fclkeleri yenilenebilir enerjiye y\u00f6nlendiriyor. \u00d6zellikle r\u00fczgar enerjisi alan\u0131nda, daha verimli t\u00fcrbinler, dijitalle\u015fme, enerji depolama ve yeni materyaller \u00fczerine yap\u0131lan \u00e7al\u0131\u015fmalarla b\u00fcy\u00fck teknolojik geli\u015fmeler ya\u015fan\u0131yor. Bu belgeselde, T\u00fcrkiye\u2019deki r\u00fczgar enerjisi yat\u0131r\u0131mlar\u0131n\u0131n kapsam\u0131, teknolojik geli\u015fmeleri ve kad\u0131n istihdam\u0131na y\u00f6nelik \u00e7al\u0131\u015fmalar anlat\u0131l\u0131yor. Enercon, Ate\u015fwind Power ve TPI Composite gibi \u00f6nemli payda\u015flarla, Enerjisa \u00dcretim\u2019in kademeli olarak 2026 y\u0131l\u0131na kadar tamamlamay\u0131 planlad\u0131\u011f\u0131 1000 MW&#8217;lik YEKA r\u00fczgar enerjisi yat\u0131r\u0131mlar\u0131na dair detaylar sunuluyor. Belgeselde, r\u00fczgar t\u00fcrbinlerinin \u00fcretiminden kurulumuna kadar geni\u015f bir s\u00fcre\u00e7 ele al\u0131narak, T\u00fcrkiye&#8217;nin ye\u015fil enerji d\u00f6n\u00fc\u015f\u00fcm\u00fcne yapt\u0131\u011f\u0131 katk\u0131lar g\u00f6zler \u00f6n\u00fcne seriliyor.<\/p>\n<p><strong>Sabanc\u0131 \u00dcniversitesi IICEC Direkt\u00f6r\u00fc Bora \u015eekip G\u00fcray<\/strong>\u00a0belgesel filminde, T\u00fcrkiye\u2019nin de bu s\u00fcrecin bir par\u00e7as\u0131 olarak \u00f6nemli ad\u0131mlar att\u0131\u011f\u0131n\u0131 belirtiyor.\u00a0Enerji g\u00fcvenli\u011finin ve enerji d\u00f6n\u00fc\u015f\u00fcm\u00fcn\u00fcn \u00f6nemine de\u011finen G\u00fcray, T\u00fcrkiye\u2019nin 12 GW seviyesine ula\u015fan r\u00fczgar enerjisi kapasitesinin hedeflenen art\u0131\u015flarla \u00f6nemli oranda b\u00fcy\u00fcyece\u011fini, 2035 y\u0131l\u0131nda r\u00fczgar\u0131n toplam elektrik \u00fcretimine katk\u0131s\u0131n\u0131n mevcuda g\u00f6re iki kat civar\u0131nda artabilece\u011fini aktar\u0131yor. T\u00fcrkiye, Avrupa&#8217;n\u0131n en b\u00fcy\u00fck be\u015finci r\u00fczgar t\u00fcrbini ekipman\u0131 \u00fcreticisi olma \u00f6zelli\u011fini ta\u015f\u0131yor ve 45 \u00fclkeye ihracat yap\u0131yor. T\u00fcrkiye\u2019de r\u00fczgar enerjisi sekt\u00f6r\u00fcnde 25.000&#8217;den fazla ki\u015fi istihdam ediliyor, bu sekt\u00f6r\u00fcn gelecekte \u00fclkenin en katma de\u011ferli alanlar\u0131ndan biri olmas\u0131 bekleniyor.<\/p>\n<p>\u201cR\u00fczgar\u0131n Kanatlar\u0131\u201d belgesel filminin daha \u00f6nce yay\u0131nlanan; r\u00fczgar t\u00fcrbinlerinin tarihi, yat\u0131r\u0131m s\u00fcre\u00e7leri, T\u00fcrkiye\u2019deki r\u00fczgar enerjisi potansiyeli, operasyonel s\u00fcre\u00e7leri, i\u015fletme ve bak\u0131m planlamalar\u0131, r\u00fczgar enerjisi santrallerinin kurulum a\u015famas\u0131 gibi ba\u015fl\u0131klar\u0131n aktar\u0131ld\u0131\u011f\u0131 ilk iki b\u00f6l\u00fcm\u00fcn\u00fcn ard\u0131ndan ilk g\u00f6sterimi yap\u0131lan \u00fc\u00e7\u00fcnc\u00fc b\u00f6l\u00fcm\u00fc, <strong>Habitat TV ve Enerjisa \u00dcretim Youtube kanal\u0131ndan<\/strong> takip edilebiliyor.<\/p>\n<p>&#8220;R\u00fczgar\u0131n Kanatlar\u0131&#8221; belgesel serisinin ilk b\u00f6l\u00fcm\u00fcnde, r\u00fczgar t\u00fcrbinlerinin tarih\u00e7esinden ba\u015flayarak, yat\u0131r\u0131m s\u00fcre\u00e7lerine kadar uzanan kapsaml\u0131 bir yolculu\u011fa \u00e7\u0131k\u0131l\u0131yor. T\u00fcrkiye\u2019nin sahip oldu\u011fu r\u00fczgar enerjisi potansiyeli detayl\u0131ca ele al\u0131n\u0131rken, operasyonel s\u00fcre\u00e7ler, t\u00fcrbinlerin i\u015fletme ve bak\u0131m planlamalar\u0131 gibi teknik unsurlar da izleyiciye sunuluyor. Ayr\u0131ca, s\u00fcrd\u00fcr\u00fclebilir enerjiye ge\u00e7i\u015fin \u00f6nemine vurgu yap\u0131l\u0131rken, karbon ayak izinin azalt\u0131lmas\u0131 gibi k\u00fcresel hedeflere nas\u0131l katk\u0131 sa\u011flanabilece\u011fi anlat\u0131l\u0131yor. Bu b\u00f6l\u00fcmde ayn\u0131 zamanda Enerjisa \u00dcretim\u2019in gelecekteki r\u00fczgar yat\u0131r\u0131mlar\u0131 da kapsaml\u0131 bir \u015fekilde tan\u0131t\u0131l\u0131yor.<\/p>\n<p>\u0130kinci b\u00f6l\u00fcm, T\u00fcrkiye\u2019nin yenilenebilir enerji potansiyelini derinlemesine inceliyor. Bu b\u00f6l\u00fcmde, yenilenebilir enerji \u00fcretiminin \u00f6nemi ve r\u00fczgar santrallerinin kurulum s\u00fcre\u00e7leri ad\u0131m ad\u0131m izleyiciyle payla\u015f\u0131l\u0131yor. \u0130zleyiciler, bir r\u00fczgar enerji santralinin s\u0131f\u0131rdan kurulum a\u015famalar\u0131n\u0131 izlerken, projelerin planlanmas\u0131ndan uygulamaya kadar ge\u00e7en s\u00fcreci deneyimleyebiliyorlar. Bu s\u00fcre\u00e7 boyunca, santrallerin teknolojik altyap\u0131s\u0131 ve yerel katk\u0131lar\u0131 da ele al\u0131n\u0131yor.<\/p>\n<p><strong>Y\u00f6netmen:<\/strong> Murat Kadir Toy<\/p>\n<p><strong>Yap\u0131m Koordinasyon:<\/strong> Nilg\u00fcn Birel Bozkurt<\/p>\n<p><strong>M\u00fczik:<\/strong> M\u00fczikotek<\/p>\n<p><strong>Kamera:<\/strong> O\u011fuz \u00d6zdemir<\/p>\n<p><strong>Grafik Tasar\u0131m:<\/strong> Evrek Berk<\/p>\n<p><strong>Kurgu:<\/strong> Selin Akta\u015f<\/p>\n<p><strong>Link:\u00a0<\/strong><a href=\"https:\/\/www.youtube.com\/watch?v=y8EvcSQfWMg\" target=\"_blank\" rel=\"noopener\">https:\/\/www.youtube.com\/watch?v=y8EvcSQfWMg<\/a><\/p>","protected":false},"excerpt":{"rendered":"<p>Sorry, this entry is only available in Turkish. For the sake of viewer convenience, the content is shown below in the alternative language. You may click the link to switch the active language. Ya\u015fama sayg\u0131 duyarak \u00fcreten, topluma ve \u00e7evreye katk\u0131 sa\u011flamay\u0131 hedefleyen Enerjisa \u00dcretim, usta belgeselci Co\u015fkun Aral ve ekibiyle \u00e7al\u0131\u015ft\u0131\u011f\u0131 \u201cR\u00fczgar\u0131n Kanatlar\u0131\u201d belgesel [&hellip;]<\/p>\n","protected":false},"author":1,"featured_media":192335,"comment_status":"open","ping_status":"open","sticky":false,"template":"","format":"standard","meta":[],"categories":[53,50],"tags":[48142,62865,35365,5320,17,104033],"views":38,"_links":{"self":[{"href":"https:\/\/www.enerjigazetesi.ist\/en\/wp-json\/wp\/v2\/posts\/192332"}],"collection":[{"href":"https:\/\/www.enerjigazetesi.ist\/en\/wp-json\/wp\/v2\/posts"}],"about":[{"href":"https:\/\/www.enerjigazetesi.ist\/en\/wp-json\/wp\/v2\/types\/post"}],"author":[{"embeddable":true,"href":"https:\/\/www.enerjigazetesi.ist\/en\/wp-json\/wp\/v2\/users\/1"}],"replies":[{"embeddable":true,"href":"https:\/\/www.enerjigazetesi.ist\/en\/wp-json\/wp\/v2\/comments?post=192332"}],"version-history":[{"count":0,"href":"https:\/\/www.enerjigazetesi.ist\/en\/wp-json\/wp\/v2\/posts\/192332\/revisions"}],"wp:featuredmedia":[{"embeddable":true,"href":"https:\/\/www.enerjigazetesi.ist\/en\/wp-json\/wp\/v2\/media\/192335"}],"wp:attachment":[{"href":"https:\/\/www.enerjigazetesi.ist\/en\/wp-json\/wp\/v2\/media?parent=192332"}],"wp:term":[{"taxonomy":"category","embeddable":true,"href":"https:\/\/www.enerjigazetesi.ist\/en\/wp-json\/wp\/v2\/categories?post=192332"},{"taxonomy":"post_tag","embeddable":true,"href":"https:\/\/www.enerjigazetesi.ist\/en\/wp-json\/wp\/v2\/tags?post=192332"}],"curies":[{"name":"wp","href":"https:\/\/api.w.org\/{rel}","templated":true}]}}