{"id":192277,"date":"2024-10-07T16:07:46","date_gmt":"2024-10-07T13:07:46","guid":{"rendered":"https:\/\/www.enerjigazetesi.ist\/?p=192277"},"modified":"2024-10-07T16:07:46","modified_gmt":"2024-10-07T13:07:46","slug":"26-siemens-turkiye-opera-yarismasi-icin-geri-sayim-basladi","status":"publish","type":"post","link":"https:\/\/www.enerjigazetesi.ist\/en\/26-siemens-turkiye-opera-yarismasi-icin-geri-sayim-basladi\/","title":{"rendered":"(Turkish) &#8217;26. Siemens T\u00fcrkiye Opera Yar\u0131\u015fmas\u0131&#8217; \u0130\u00e7in Geri Say\u0131m Ba\u015flad\u0131"},"content":{"rendered":"<p class=\"qtranxs-available-languages-message qtranxs-available-languages-message-en\">Sorry, this entry is only available in <a href=\"https:\/\/www.enerjigazetesi.ist\/tr\/wp-json\/wp\/v2\/posts\/192277\" class=\"qtranxs-available-language-link qtranxs-available-language-link-tr\" title=\"Turkish\">Turkish<\/a>. For the sake of viewer convenience, the content is shown below in the alternative language. You may click the link to switch the active language.<\/p><p><\/p>\n<h2><strong>T\u00fcrk opera sanat\u0131n\u0131n gen\u00e7 yeteneklerine kap\u0131lar\u0131n\u0131 a\u00e7an Siemens T\u00fcrkiye Opera Yar\u0131\u015fmas\u0131, 8 Ekim 2024 &#8211; 8 Kas\u0131m 2024 tarihleri aras\u0131nda ba\u015fvurular\u0131 kabul edecek. Yar\u0131\u015fmaya kat\u0131lmak isteyen opera tutkunlar\u0131, ba\u015fvurular\u0131n\u0131 <a href=\"http:\/\/www.operayarismasi.com\" target=\"_blank\" rel=\"noopener\">www.operayarismasi.com<\/a> adresi \u00fczerinden ger\u00e7ekle\u015ftirebilecekler. Yar\u0131\u015fmada dereceye giren gen\u00e7 opera sanat\u00e7\u0131lar\u0131n\u0131 kariyer yolunda \u00f6nemli geli\u015fimler bekliyor.<\/strong><\/h2>\n<p style=\"text-align: center;\"><img loading=\"lazy\" class=\"aligncenter wp-image-192279\" src=\"https:\/\/www.enerjigazetesi.ist\/wp-content\/uploads\/2024\/10\/26-siemens-turkiye-opera-yarismasi-icin-geri-sayim-basladi.jpg\" alt=\"\" width=\"500\" height=\"404\" srcset=\"https:\/\/www.enerjigazetesi.ist\/wp-content\/uploads\/2024\/10\/26-siemens-turkiye-opera-yarismasi-icin-geri-sayim-basladi.jpg 550w, https:\/\/www.enerjigazetesi.ist\/wp-content\/uploads\/2024\/10\/26-siemens-turkiye-opera-yarismasi-icin-geri-sayim-basladi-300x242.jpg 300w, https:\/\/www.enerjigazetesi.ist\/wp-content\/uploads\/2024\/10\/26-siemens-turkiye-opera-yarismasi-icin-geri-sayim-basladi-495x400.jpg 495w, https:\/\/www.enerjigazetesi.ist\/wp-content\/uploads\/2024\/10\/26-siemens-turkiye-opera-yarismasi-icin-geri-sayim-basladi-62x50.jpg 62w, https:\/\/www.enerjigazetesi.ist\/wp-content\/uploads\/2024\/10\/26-siemens-turkiye-opera-yarismasi-icin-geri-sayim-basladi-500x404.jpg 500w\" sizes=\"(max-width: 500px) 100vw, 500px\" \/><\/p>\n<p>1998 y\u0131l\u0131ndan bu yana d\u00fczenlenen ve opera d\u00fcnyas\u0131nda \u00f6nemli bir kariyer basama\u011f\u0131 olarak kabul edilen \u201cSiemens T\u00fcrkiye Opera Yar\u0131\u015fmas\u0131\u201d ba\u015fl\u0131yor. Hem T\u00fcrkiye\u2019de hem de uluslararas\u0131 arenada tan\u0131nma f\u0131rsat\u0131 sunan yar\u0131\u015fma, yetenekli gen\u00e7 sanat\u00e7\u0131lara b\u00fcy\u00fck \u00f6d\u00fcller ve sahne deneyimi kazand\u0131r\u0131yor. T\u00fcrkiye\u2019nin d\u00f6rt bir yan\u0131ndan yetenekli opera sanat\u00e7\u0131lar\u0131na sahneye \u00e7\u0131kma imk\u00e2n\u0131 tan\u0131yan yar\u0131\u015fma, ba\u015far\u0131l\u0131 isimleri ke\u015ffetmeyi ve opera sanat\u0131n\u0131n gelece\u011fine katk\u0131 sa\u011flamay\u0131 hedefliyor. Siemens T\u00fcrkiye, bu prestijli yar\u0131\u015fma ile gen\u00e7 sanat\u00e7\u0131lar\u0131 desteklemeye devam ederken, T\u00fcrkiye&#8217;de k\u00fclt\u00fcr ve sanat\u0131n geli\u015fimine de \u00f6nemli katk\u0131lar sunuyor. Siemens T\u00fcrkiye taraf\u0131ndan d\u00fczenlenen yar\u0131\u015fmaya kat\u0131lmak isteyen sanat\u00e7\u0131lar 8 Ekim 2024 &#8211; 8 Kas\u0131m 2024 tarihleri aras\u0131nda <a href=\"http:\/\/www.operayarismasi.com\" target=\"_blank\" rel=\"noopener\">www.operayarismasi.com<\/a> adresi \u00fczerinden ba\u015fvuruda bulunmalar\u0131 gerekiyor.<\/p>\n<h3><strong>GEN\u00c7 SANAT\u00c7ILARA KAR\u0130YER FIRSATI SUNUYOR<\/strong><\/h3>\n<p>Yar\u0131\u015fmada dereceye giren gen\u00e7 opera sanat\u00e7\u0131lar\u0131n\u0131 bu y\u0131l da d\u00fcnyan\u0131n \u00f6nemli m\u00fczik okullar\u0131nda, kariyer hayatlar\u0131nda \u00f6nemli bir yer tutacak f\u0131rsatlar bekliyor. Ayr\u0131ca yar\u0131\u015fmac\u0131lar birbirinden de\u011ferli \u00f6d\u00fcllere sahip olma f\u0131rsat\u0131 da yakal\u0131yor. Yar\u0131\u015fmada \u00f6n elemeler online olarak 11-20 Kas\u0131m, provalar 25 Kas\u0131m, yar\u0131 final 26 Kas\u0131m, final 27 Kas\u0131m ve gala ve performanslar ise 28 Kas\u0131m 2024 tarihinde ger\u00e7ekle\u015fecek. Yar\u0131\u015fmaya, t\u00fcm ses kategorilerinden (soprano, mezzo soprano, tenor, bariton, bas) kat\u0131lacak olan <strong>opera sanat\u00e7\u0131lar\u0131<\/strong>n\u0131n <strong>18-30 ya\u015f aral\u0131\u011f\u0131nda<\/strong> ve <strong>T\u00fcrkiye Cumhuriyeti vatanda\u015f\u0131<\/strong> olmas\u0131 gerekiyor.<\/p>\n<h3><strong>OPERA SANATININ DUAYENLER\u0130 OYLAYACAK<\/strong><\/h3>\n<p>\u00dclkemizdeki opera sanat\u0131na b\u00fcy\u00fck katk\u0131lar sunan Siemens T\u00fcrkiye Opera Yar\u0131\u015fmas\u0131\u2019n\u0131n j\u00fcri \u00fcyeleri birbirinden de\u011ferli isimlerden olu\u015fuyor. Ba\u015fvurular\u0131n sona ermesinin ard\u0131ndan ba\u015flayacak zorlu de\u011ferlendirme; Siemens Arts Program Sanat Direkt\u00f6r\u00fc ve Siemens T\u00fcrkiye Opera Yar\u0131\u015fmas\u0131 J\u00fcri Ba\u015fkan\u0131 Stephan Frucht, 1998 Siemens T\u00fcrkiye Opera Yar\u0131\u015fmas\u0131 birincisi Burak Bilgili, 2007 Siemens T\u00fcrkiye Opera Yar\u0131\u015fmas\u0131 birincisi ve Opera sanat\u00e7\u0131s\u0131 Caner Akg\u00fcn, Komische Opera Berlin\u2019den Eva Pons Andante ve Klasik M\u00fczik Dergisi Genel Yay\u0131n Y\u00f6netmeni Serhan Bali taraf\u0131ndan yap\u0131lacak.<\/p>\n<h3><strong>SANATA VE K\u00dcLT\u00dcRE B\u00dcY\u00dcK KATKI<\/strong><\/h3>\n<p>Siemens T\u00fcrkiye, sadece teknoloji ve inovasyon alan\u0131nda de\u011fil, ayn\u0131 zamanda sanat ve k\u00fclt\u00fcr alan\u0131nda da \u00f6nemli projelere imza atarak topluma katk\u0131da bulunmay\u0131 hedefliyor. Siemens T\u00fcrkiye Opera Yar\u0131\u015fmas\u0131, T\u00fcrkiye&#8217;nin gen\u00e7 yeteneklerine \u0131\u015f\u0131k tutarak, opera sanat\u0131n\u0131n geli\u015fimine b\u00fcy\u00fck katk\u0131 sa\u011fl\u0131yor. Bu yar\u0131\u015fma, Siemens\u2019in sosyal sorumluluk projeleri kapsam\u0131nda, k\u00fclt\u00fcrel ve sanatsal geli\u015fimi destekleme misyonunun bir par\u00e7as\u0131 olarak \u00f6ne \u00e7\u0131k\u0131yor.<\/p>","protected":false},"excerpt":{"rendered":"<p>Sorry, this entry is only available in Turkish. For the sake of viewer convenience, the content is shown below in the alternative language. You may click the link to switch the active language. T\u00fcrk opera sanat\u0131n\u0131n gen\u00e7 yeteneklerine kap\u0131lar\u0131n\u0131 a\u00e7an Siemens T\u00fcrkiye Opera Yar\u0131\u015fmas\u0131, 8 Ekim 2024 &#8211; 8 Kas\u0131m 2024 tarihleri aras\u0131nda ba\u015fvurular\u0131 kabul [&hellip;]<\/p>\n","protected":false},"author":1,"featured_media":192279,"comment_status":"open","ping_status":"open","sticky":false,"template":"","format":"standard","meta":[],"categories":[53],"tags":[79609,115304,115305,8268,115301,115302,1142,115303],"views":23,"_links":{"self":[{"href":"https:\/\/www.enerjigazetesi.ist\/en\/wp-json\/wp\/v2\/posts\/192277"}],"collection":[{"href":"https:\/\/www.enerjigazetesi.ist\/en\/wp-json\/wp\/v2\/posts"}],"about":[{"href":"https:\/\/www.enerjigazetesi.ist\/en\/wp-json\/wp\/v2\/types\/post"}],"author":[{"embeddable":true,"href":"https:\/\/www.enerjigazetesi.ist\/en\/wp-json\/wp\/v2\/users\/1"}],"replies":[{"embeddable":true,"href":"https:\/\/www.enerjigazetesi.ist\/en\/wp-json\/wp\/v2\/comments?post=192277"}],"version-history":[{"count":0,"href":"https:\/\/www.enerjigazetesi.ist\/en\/wp-json\/wp\/v2\/posts\/192277\/revisions"}],"wp:featuredmedia":[{"embeddable":true,"href":"https:\/\/www.enerjigazetesi.ist\/en\/wp-json\/wp\/v2\/media\/192279"}],"wp:attachment":[{"href":"https:\/\/www.enerjigazetesi.ist\/en\/wp-json\/wp\/v2\/media?parent=192277"}],"wp:term":[{"taxonomy":"category","embeddable":true,"href":"https:\/\/www.enerjigazetesi.ist\/en\/wp-json\/wp\/v2\/categories?post=192277"},{"taxonomy":"post_tag","embeddable":true,"href":"https:\/\/www.enerjigazetesi.ist\/en\/wp-json\/wp\/v2\/tags?post=192277"}],"curies":[{"name":"wp","href":"https:\/\/api.w.org\/{rel}","templated":true}]}}