{"id":192258,"date":"2024-10-07T14:51:23","date_gmt":"2024-10-07T11:51:23","guid":{"rendered":"https:\/\/www.enerjigazetesi.ist\/?p=192258"},"modified":"2024-10-07T14:51:23","modified_gmt":"2024-10-07T11:51:23","slug":"odas-ve-akcansa-dan-stratejik-is-birligi","status":"publish","type":"post","link":"https:\/\/www.enerjigazetesi.ist\/en\/odas-ve-akcansa-dan-stratejik-is-birligi\/","title":{"rendered":"(Turkish) ODA\u015e ve Ak\u00e7ansa\u2019dan Stratejik \u0130\u015f Birli\u011fi"},"content":{"rendered":"<p class=\"qtranxs-available-languages-message qtranxs-available-languages-message-en\">Sorry, this entry is only available in <a href=\"https:\/\/www.enerjigazetesi.ist\/tr\/wp-json\/wp\/v2\/posts\/192258\" class=\"qtranxs-available-language-link qtranxs-available-language-link-tr\" title=\"Turkish\">Turkish<\/a>. For the sake of viewer convenience, the content is shown below in the alternative language. You may click the link to switch the active language.<\/p><p><\/p>\n<h2><strong>Enerji, madencilik ve turizm sekt\u00f6rlerinde faaliyet g\u00f6steren ODA\u015e, \u00c7an 2 Termik Santrali\u2019nden \u00e7\u0131kan u\u00e7ucu k\u00fclleri d\u00f6ng\u00fcsel s\u00fcre\u00e7lerle ekonomiye geri kazand\u0131r\u0131yor. ODA\u015e, \u00e7imento sekt\u00f6r\u00fcnde faaliyet g\u00f6steren Ak\u00e7ansa ile yakla\u015f\u0131k 2 milyon ton u\u00e7ucu k\u00fcl sat\u0131\u015f\u0131 i\u00e7in i\u015f birli\u011fi yapt\u0131.<\/strong><\/h2>\n<p style=\"text-align: center;\"><img loading=\"lazy\" class=\"aligncenter wp-image-192260\" src=\"https:\/\/www.enerjigazetesi.ist\/wp-content\/uploads\/2024\/10\/odas-ve-akcansa-dan-stratejik-is-birligi.jpg\" alt=\"\" width=\"500\" height=\"337\" srcset=\"https:\/\/www.enerjigazetesi.ist\/wp-content\/uploads\/2024\/10\/odas-ve-akcansa-dan-stratejik-is-birligi.jpg 550w, https:\/\/www.enerjigazetesi.ist\/wp-content\/uploads\/2024\/10\/odas-ve-akcansa-dan-stratejik-is-birligi-300x202.jpg 300w, https:\/\/www.enerjigazetesi.ist\/wp-content\/uploads\/2024\/10\/odas-ve-akcansa-dan-stratejik-is-birligi-500x337.jpg 500w, https:\/\/www.enerjigazetesi.ist\/wp-content\/uploads\/2024\/10\/odas-ve-akcansa-dan-stratejik-is-birligi-74x50.jpg 74w\" sizes=\"(max-width: 500px) 100vw, 500px\" \/><\/p>\n<p>Enerji, madencilik ve turizm sekt\u00f6rlerinde faaliyet g\u00f6steren ODA\u015e, \u00e7imento sekt\u00f6r\u00fcn\u00fcn \u00f6nemli oyuncular\u0131ndan Ak\u00e7ansa ile u\u00e7ucu k\u00fcl sat\u0131\u015f\u0131na y\u00f6nelik anla\u015fma imzalad\u0131. Anla\u015fma, ODA\u015e b\u00fcnyesindeki \u00c7an2 Termik Santrali\u2019nde \u00fcretimden kaynakl\u0131 olu\u015fan proses \u00e7\u0131kt\u0131s\u0131 u\u00e7ucu k\u00fcllerin, \u00e7imento \u00fcretiminde kullan\u0131lmas\u0131 amac\u0131yla Ak\u00e7ansa\u2019ya sat\u0131lmas\u0131n\u0131 i\u00e7eriyor.<\/p>\n<p>\u0130ki \u015firket aras\u0131nda ger\u00e7ekle\u015ftirilen imza t\u00f6reninde, <strong>ODA\u015e Elektrik \u00dcretim Grubu Ba\u015fkan\u0131 ve Suda Stratejik Metal D\u0131\u015f Ticaret A.\u015e. Y\u00f6netim Kurulu Ba\u015fkan Vekili Ahmet Can, Ak\u00e7ansa Genel M\u00fcd\u00fcr\u00fc Vecih Y\u0131lmaz<\/strong> ile bir araya geldi. Yakla\u015f\u0131k 2 milyon ton u\u00e7ucu k\u00fcl tedari\u011fini kapsayan bu anla\u015fma, enerji ve \u00e7imento sekt\u00f6rlerinde s\u00fcrd\u00fcr\u00fclebilirlik standartlar\u0131n\u0131n y\u00fckseltilmesine \u00f6nemli bir katk\u0131 sa\u011flamay\u0131 ama\u00e7l\u0131yor. ODA\u015e, bu i\u015f birli\u011fi ile \u00e7evresel etkileri en aza indirme ve kaynaklar\u0131 daha verimli bir \u015fekilde kullanma y\u00f6n\u00fcndeki \u00e7al\u0131\u015fmalar\u0131na bir yenisini eklemi\u015f oldu.<\/p>\n<p>\u0130mza t\u00f6reninde konu\u015fan <strong>Ahmet Can<\/strong>, <em>&#8220;\u00c7an2 Termik Santrali\u2019nde olu\u015fan u\u00e7ucu k\u00fcl\u00fc \u00fcr\u00fcn haline getirerek d\u00f6ng\u00fcsel ekonomiye kazand\u0131r\u0131yoruz. S\u00fcrd\u00fcr\u00fclebilir b\u00fcy\u00fcme hedeflerimiz do\u011frultusunda kaynaklar\u0131 en verimli \u015fekilde kullanma politikam\u0131zla hem \u015firketimiz hem de \u00fclke ekonomimize katk\u0131 sa\u011fl\u0131yoruz. Bu i\u015f birli\u011fi, sekt\u00f6r\u00fcm\u00fczde at\u0131klar\u0131n ekonomiye tekrar kazand\u0131r\u0131lmas\u0131n\u0131n daha geni\u015f bir kabul\u00fcne katk\u0131 sa\u011flamas\u0131 a\u00e7\u0131s\u0131ndan \u00f6nem ta\u015f\u0131yor\u201d<\/em> dedi.<\/p>\n<p>340 MWm kapasiteli \u00c7an2 Termik Santrali\u2019nin sahip oldu\u011fu \u00c7evre \u0130zin ve Lisans Belgesi ile T\u00fcrkiye\u2019de \u00f6zel sekt\u00f6rdeki say\u0131l\u0131 santrallerden biri konumunda bulundu\u011funa dikkat \u00e7eken Can, <em>\u201cSantralimizin baca gaz\u0131 ar\u0131tma sistemi y\u00fczde 99,3 verimlilikle son teknolojik ekipmanlara sahip olmakla birlikte, baca gaz\u0131 ar\u0131tma sisteminde bypass \u00f6zelli\u011fi bulunmamas\u0131yla, konvansiyonel \u00fcretim yapan santraller aras\u0131nda \u00e7evreci uygulamalar\u0131 benimseyen tesis olarak da \u00f6ne \u00e7\u0131k\u0131yor. Bunun yan\u0131 s\u0131ra s\u0131f\u0131r at\u0131k belgesine sahip ilk k\u00f6m\u00fcr santrallerinden biriyiz. At\u0131k y\u00f6netimi konusunda y\u00fcr\u00fctt\u00fc\u011f\u00fcm\u00fcz politika sayesinde do\u011fal kaynaklar\u0131n \u00fczerindeki t\u00fcketim bask\u0131s\u0131n\u0131n azalt\u0131lmas\u0131na ve gelecek nesillerin kullanaca\u011f\u0131 kaynaklar\u0131n korunarak s\u00fcrd\u00fcr\u00fclebilir bir tedarik-\u00fcretim zinciri kurulmas\u0131na katk\u0131da bulunuyoruz\u201d<\/em> \u015feklinde konu\u015ftu.<\/p>\n<p>U\u00e7ucu k\u00fcl\u00fc yurt d\u0131\u015f\u0131na da satt\u0131klar\u0131na de\u011finen Can, <em>\u201c2020\u2019den bu yana ABD, Kanada ve Avrupa \u00fclkelerine toplam 1.3 Milyon tonu a\u015fk\u0131n u\u00e7ucu k\u00fcl ve sentetik al\u00e7\u0131 ta\u015f\u0131 (FGD Gypsum) ihra\u00e7 ettik\u201d<\/em> dedi.<\/p>\n<p><strong>Ak\u00e7ansa \u00a0Genel M\u00fcd\u00fcr\u00fc Vecih Y\u0131lmaz<\/strong> ise,\u00a0<em>&#8220;T\u00fcrkiye\u2019nin en y\u00fcksek payda\u015f de\u011ferine sahip s\u00fcrd\u00fcr\u00fclebilir yap\u0131 malzemeleri \u015firketi olma vizyonumuzla, \u00e7evresel etkilerimizi en aza indirme amac\u0131n\u0131 oda\u011f\u0131m\u0131za alarak faaliyetlerimizi s\u00fcrd\u00fcr\u00fcyoruz. \u00c7imento ve haz\u0131r beton \u00fcretiminde de\u011ferli bir malzeme ve alternatif hammadde olan u\u00e7ucu k\u00fcl, \u00fcretim s\u00fcre\u00e7lerinde do\u011fru \u015fekilde kullan\u0131ld\u0131\u011f\u0131nda \u00e7evresel etkileri minimize eden ve kaynaklar\u0131 verimli kullanan bir \u00fcretim s\u00fcrecini destekliyor. \u015eirket olarak benimsedi\u011fimiz d\u00f6ng\u00fcsel ekonomi yakla\u015f\u0131m\u0131m\u0131z\u0131n \u00e7ok \u00f6nemli bir \u00f6rne\u011fi olan bu ad\u0131m, iklim de\u011fi\u015fikli\u011fi ile m\u00fccadele stratejimize de katk\u0131 sunacak. Yapt\u0131\u011f\u0131m\u0131z bu i\u015f birli\u011fi ile Ak\u00e7ansa olarak kaynaklar\u0131n sorumlu kullan\u0131m\u0131na y\u00f6nelik taahh\u00fcd\u00fcm\u00fcz\u00fc s\u00fcrd\u00fcr\u00fcyoruz.&#8221;<\/em> diye konu\u015ftu.<\/p>","protected":false},"excerpt":{"rendered":"<p>Sorry, this entry is only available in Turkish. For the sake of viewer convenience, the content is shown below in the alternative language. You may click the link to switch the active language. Enerji, madencilik ve turizm sekt\u00f6rlerinde faaliyet g\u00f6steren ODA\u015e, \u00c7an 2 Termik Santrali\u2019nden \u00e7\u0131kan u\u00e7ucu k\u00fclleri d\u00f6ng\u00fcsel s\u00fcre\u00e7lerle ekonomiye geri kazand\u0131r\u0131yor. ODA\u015e, \u00e7imento [&hellip;]<\/p>\n","protected":false},"author":1,"featured_media":192260,"comment_status":"open","ping_status":"open","sticky":false,"template":"","format":"standard","meta":[],"categories":[53,24649],"tags":[871,28422,115291,2291,16376,115292],"views":33,"_links":{"self":[{"href":"https:\/\/www.enerjigazetesi.ist\/en\/wp-json\/wp\/v2\/posts\/192258"}],"collection":[{"href":"https:\/\/www.enerjigazetesi.ist\/en\/wp-json\/wp\/v2\/posts"}],"about":[{"href":"https:\/\/www.enerjigazetesi.ist\/en\/wp-json\/wp\/v2\/types\/post"}],"author":[{"embeddable":true,"href":"https:\/\/www.enerjigazetesi.ist\/en\/wp-json\/wp\/v2\/users\/1"}],"replies":[{"embeddable":true,"href":"https:\/\/www.enerjigazetesi.ist\/en\/wp-json\/wp\/v2\/comments?post=192258"}],"version-history":[{"count":0,"href":"https:\/\/www.enerjigazetesi.ist\/en\/wp-json\/wp\/v2\/posts\/192258\/revisions"}],"wp:featuredmedia":[{"embeddable":true,"href":"https:\/\/www.enerjigazetesi.ist\/en\/wp-json\/wp\/v2\/media\/192260"}],"wp:attachment":[{"href":"https:\/\/www.enerjigazetesi.ist\/en\/wp-json\/wp\/v2\/media?parent=192258"}],"wp:term":[{"taxonomy":"category","embeddable":true,"href":"https:\/\/www.enerjigazetesi.ist\/en\/wp-json\/wp\/v2\/categories?post=192258"},{"taxonomy":"post_tag","embeddable":true,"href":"https:\/\/www.enerjigazetesi.ist\/en\/wp-json\/wp\/v2\/tags?post=192258"}],"curies":[{"name":"wp","href":"https:\/\/api.w.org\/{rel}","templated":true}]}}