{"id":192249,"date":"2024-10-04T20:33:19","date_gmt":"2024-10-04T17:33:19","guid":{"rendered":"https:\/\/www.enerjigazetesi.ist\/?p=192249"},"modified":"2024-10-04T20:33:19","modified_gmt":"2024-10-04T17:33:19","slug":"gelecegin-teknolojisini-sekillendirecek-projeler-uretiyoruz","status":"publish","type":"post","link":"https:\/\/www.enerjigazetesi.ist\/en\/gelecegin-teknolojisini-sekillendirecek-projeler-uretiyoruz\/","title":{"rendered":"(Turkish) Gelece\u011fin Teknolojisini \u015eekillendirecek Projeler \u00dcretiyoruz"},"content":{"rendered":"<p class=\"qtranxs-available-languages-message qtranxs-available-languages-message-en\">Sorry, this entry is only available in <a href=\"https:\/\/www.enerjigazetesi.ist\/tr\/wp-json\/wp\/v2\/posts\/192249\" class=\"qtranxs-available-language-link qtranxs-available-language-link-tr\" title=\"Turkish\">Turkish<\/a>. For the sake of viewer convenience, the content is shown below in the alternative language. You may click the link to switch the active language.<\/p><p><\/p>\n<h2>Enerji ve Tabii Kaynaklar Bakan\u0131 Alparslan Bayraktar, t\u00fcm d\u00fcnyan\u0131n iklim kriziyle ve enerji arz\u0131ndaki sorunlarla m\u00fccadele etti\u011fini belirterek <em>\u201c200\u2019\u00fc a\u015fk\u0131n bilim insan\u0131m\u0131z ve m\u00fchendisimizle gelece\u011fin teknolojisini \u015fekillendirecek projeler \u00fcretiyoruz.\u201d<\/em> ifadelerini kulland\u0131.<\/h2>\n<p style=\"text-align: center;\"><img loading=\"lazy\" class=\"aligncenter wp-image-192251\" src=\"https:\/\/www.enerjigazetesi.ist\/wp-content\/uploads\/2024\/10\/gelecegin-teknolojisini-sekillendirecek-projeler-uretiyoruz.jpg\" alt=\"\" width=\"500\" height=\"329\" srcset=\"https:\/\/www.enerjigazetesi.ist\/wp-content\/uploads\/2024\/10\/gelecegin-teknolojisini-sekillendirecek-projeler-uretiyoruz.jpg 550w, https:\/\/www.enerjigazetesi.ist\/wp-content\/uploads\/2024\/10\/gelecegin-teknolojisini-sekillendirecek-projeler-uretiyoruz-300x197.jpg 300w, https:\/\/www.enerjigazetesi.ist\/wp-content\/uploads\/2024\/10\/gelecegin-teknolojisini-sekillendirecek-projeler-uretiyoruz-500x329.jpg 500w, https:\/\/www.enerjigazetesi.ist\/wp-content\/uploads\/2024\/10\/gelecegin-teknolojisini-sekillendirecek-projeler-uretiyoruz-76x50.jpg 76w\" sizes=\"(max-width: 500px) 100vw, 500px\" \/><\/p>\n<h3><strong>Cenevre\u2019de T\u00f6ren D\u00fczenlendi<\/strong><\/h3>\n<p>\u0130svi\u00e7re\u2019nin Cenevre kentinde Avrupa N\u00fckleer Ara\u015ft\u0131rma Merkezi\u2019nin (CERN) kurulu\u015funun 70\u2019inci y\u0131l\u0131 nedeniyle bir t\u00f6ren d\u00fczenlendi. T\u00f6rende T\u00fcrkiye\u2019yi, Enerji ve Tabii Kaynaklar Bakan\u0131 Bayraktar temsil etti.<\/p>\n<h3><strong>Her Zamankinden Daha \u00d6nemli<\/strong><\/h3>\n<p>T\u00f6rene ili\u015fkin sosyal medyadan bir a\u00e7\u0131klama yapan Bakan Bayraktar, <em>\u201cT\u00fcm d\u00fcnyan\u0131n iklim kriziyle ve enerji arz\u0131ndaki sorunlarla ba\u015f etmeye \u00e7al\u0131\u015ft\u0131\u011f\u0131 bir ortamda uluslararas\u0131 i\u015f birliklerini te\u015fvik etme ve bilimsel ara\u015ft\u0131rmalar\u0131 destekleme noktas\u0131nda CERN\u2019in y\u00fcr\u00fctt\u00fc\u011f\u00fc \u00e7al\u0131\u015fmalar her zamankinden daha \u00f6nemli hale geliyor. Biz de T\u00fcrkiye olarak TENMAK \u00f6nc\u00fcl\u00fc\u011f\u00fcnde bu faaliyetlere kat\u0131larak ilgili alanlarda \u00e7al\u0131\u015fan 200\u2019\u00fc a\u015fk\u0131n bilim insan\u0131m\u0131z ve m\u00fchendisimizle gelece\u011fin teknolojisini \u015fekillendirecek projeler \u00fcretiyoruz.\u201d<\/em> de\u011ferlendirmesini yapt\u0131.<\/p>\n<h3><strong>\u0130ddial\u0131 N\u00fckleer Program<\/strong><\/h3>\n<p>Bayraktar \u015f\u00f6yle devam etti: N\u00fckleer teknoloji alan\u0131nda d\u00fcnya \u00e7ap\u0131ndaki trendleri ve geli\u015fmeleri yak\u0131ndan takip ederek enerji politikalar\u0131m\u0131z\u0131 bu do\u011frultuda geli\u015ftiriyoruz. \u0130ddial\u0131 n\u00fckleer enerji program\u0131m\u0131zla enerji arz g\u00fcvenli\u011fimizi sa\u011flaman\u0131n ve kaynak \u00e7e\u015fitlili\u011fimizi artt\u0131rman\u0131n yan\u0131 s\u0131ra 2053\u2019te net s\u0131f\u0131r emisyona ula\u015fmay\u0131 hedefliyoruz.<\/p>\n<h3><strong>\u00dcst D\u00fczey G\u00f6r\u00fc\u015fmeler<\/strong><\/h3>\n<p>Bakan Bayraktar, d\u00fczenlenen t\u00f6rende S\u0131rbistan Cumhurba\u015fkan\u0131 Aleksandar Vucic, Bulgaristan Cumhurba\u015fkan\u0131 Rumen Radev, Yunanistan Kalk\u0131nma Bakan\u0131 Takis Theodorikakos ve Pakistan Atom Enerjisi Komisyonu Ba\u015fkan\u0131 Raja Ali Raza Anwar ile de g\u00f6r\u00fc\u015ft\u00fc.<\/p>\n<p>Kaynak: <a href=\"https:\/\/enerji.gov.tr\/haber-detay?id=21369\" target=\"_blank\" rel=\"noopener\">ETKB<\/a><\/p>","protected":false},"excerpt":{"rendered":"<p>Sorry, this entry is only available in Turkish. For the sake of viewer convenience, the content is shown below in the alternative language. You may click the link to switch the active language. Enerji ve Tabii Kaynaklar Bakan\u0131 Alparslan Bayraktar, t\u00fcm d\u00fcnyan\u0131n iklim kriziyle ve enerji arz\u0131ndaki sorunlarla m\u00fccadele etti\u011fini belirterek \u201c200\u2019\u00fc a\u015fk\u0131n bilim insan\u0131m\u0131z [&hellip;]<\/p>\n","protected":false},"author":1,"featured_media":192251,"comment_status":"open","ping_status":"open","sticky":false,"template":"","format":"standard","meta":[],"categories":[51,53,43],"tags":[25846,12446,21,7847],"views":29,"_links":{"self":[{"href":"https:\/\/www.enerjigazetesi.ist\/en\/wp-json\/wp\/v2\/posts\/192249"}],"collection":[{"href":"https:\/\/www.enerjigazetesi.ist\/en\/wp-json\/wp\/v2\/posts"}],"about":[{"href":"https:\/\/www.enerjigazetesi.ist\/en\/wp-json\/wp\/v2\/types\/post"}],"author":[{"embeddable":true,"href":"https:\/\/www.enerjigazetesi.ist\/en\/wp-json\/wp\/v2\/users\/1"}],"replies":[{"embeddable":true,"href":"https:\/\/www.enerjigazetesi.ist\/en\/wp-json\/wp\/v2\/comments?post=192249"}],"version-history":[{"count":0,"href":"https:\/\/www.enerjigazetesi.ist\/en\/wp-json\/wp\/v2\/posts\/192249\/revisions"}],"wp:featuredmedia":[{"embeddable":true,"href":"https:\/\/www.enerjigazetesi.ist\/en\/wp-json\/wp\/v2\/media\/192251"}],"wp:attachment":[{"href":"https:\/\/www.enerjigazetesi.ist\/en\/wp-json\/wp\/v2\/media?parent=192249"}],"wp:term":[{"taxonomy":"category","embeddable":true,"href":"https:\/\/www.enerjigazetesi.ist\/en\/wp-json\/wp\/v2\/categories?post=192249"},{"taxonomy":"post_tag","embeddable":true,"href":"https:\/\/www.enerjigazetesi.ist\/en\/wp-json\/wp\/v2\/tags?post=192249"}],"curies":[{"name":"wp","href":"https:\/\/api.w.org\/{rel}","templated":true}]}}