{"id":192203,"date":"2024-10-04T17:25:31","date_gmt":"2024-10-04T14:25:31","guid":{"rendered":"https:\/\/www.enerjigazetesi.ist\/?p=192203"},"modified":"2024-10-04T17:25:31","modified_gmt":"2024-10-04T14:25:31","slug":"tupras-venturestan-yesil-hidrojen-alaninda-yurt-disi-girisim-yatirimlari","status":"publish","type":"post","link":"https:\/\/www.enerjigazetesi.ist\/en\/tupras-venturestan-yesil-hidrojen-alaninda-yurt-disi-girisim-yatirimlari\/","title":{"rendered":"(Turkish) &#8217;T\u00fcpra\u015f Ventures&#8217;tan Ye\u015fil Hidrojen Alan\u0131nda Yurt D\u0131\u015f\u0131 Giri\u015fim Yat\u0131r\u0131mlar\u0131"},"content":{"rendered":"<p class=\"qtranxs-available-languages-message qtranxs-available-languages-message-en\">Sorry, this entry is only available in <a href=\"https:\/\/www.enerjigazetesi.ist\/tr\/wp-json\/wp\/v2\/posts\/192203\" class=\"qtranxs-available-language-link qtranxs-available-language-link-tr\" title=\"Turkish\">Turkish<\/a>. For the sake of viewer convenience, the content is shown below in the alternative language. You may click the link to switch the active language.<\/p><p><\/p>\n<h2>Stratejik D\u00f6n\u00fc\u015f\u00fcm Plan\u0131 kapsam\u0131nda, gelece\u011fin enerjisini \u00fcretmek ve 2050\u2019de karbon n\u00f6tr enerji \u015firketi olmak hedefiyle ilerleyen T\u00fcpra\u015f; enerji d\u00f6n\u00fc\u015f\u00fcm\u00fcnde belirleyici olacak teknoloji giri\u015fim \u015firketlerine yat\u0131r\u0131m yapmak, stratejik i\u015f birlikleri olu\u015fturmak ve ekosistemi geli\u015ftirmek amac\u0131yla kurdu\u011fu T\u00fcpra\u015f Ventures \u015firketi arac\u0131l\u0131\u011f\u0131yla odak i\u015f alanlar\u0131nda yat\u0131r\u0131mlar\u0131na devam ediyor.<\/h2>\n<p style=\"text-align: center;\"><img loading=\"lazy\" class=\"aligncenter wp-image-192205\" src=\"https:\/\/www.enerjigazetesi.ist\/wp-content\/uploads\/2024\/10\/tupras-venturestan-yesil-hidrojen-alaninda-yurt-disi-girisim-yatirimlari.jpg\" alt=\"\" width=\"500\" height=\"336\" srcset=\"https:\/\/www.enerjigazetesi.ist\/wp-content\/uploads\/2024\/10\/tupras-venturestan-yesil-hidrojen-alaninda-yurt-disi-girisim-yatirimlari.jpg 550w, https:\/\/www.enerjigazetesi.ist\/wp-content\/uploads\/2024\/10\/tupras-venturestan-yesil-hidrojen-alaninda-yurt-disi-girisim-yatirimlari-300x202.jpg 300w, https:\/\/www.enerjigazetesi.ist\/wp-content\/uploads\/2024\/10\/tupras-venturestan-yesil-hidrojen-alaninda-yurt-disi-girisim-yatirimlari-500x336.jpg 500w, https:\/\/www.enerjigazetesi.ist\/wp-content\/uploads\/2024\/10\/tupras-venturestan-yesil-hidrojen-alaninda-yurt-disi-girisim-yatirimlari-74x50.jpg 74w\" sizes=\"(max-width: 500px) 100vw, 500px\" \/><\/p>\n<p>T\u00fcpra\u015f\u2019\u0131n giri\u015fim sermayesi \u015firketi T\u00fcpra\u015f Ventures, ye\u015fil hidrojen alan\u0131nda faaliyet g\u00f6steren ba\u015far\u0131l\u0131 giri\u015fimlere yat\u0131r\u0131mlar\u0131n\u0131 s\u00fcrd\u00fcr\u00fcyor. T\u00fcpra\u015f Ventures, ge\u00e7en y\u0131l i\u00e7erisinde tamamlanan Verdagy yat\u0131r\u0131m\u0131ndan sonra Ionomr \u015firketine de yat\u0131r\u0131m ger\u00e7ekle\u015ftirdi.<\/p>\n<h3><strong>Ye\u015fil Hidrojen \u00dcretimi i\u00e7in \u0130leri Teknolojiler\u00a0<\/strong><\/h3>\n<p>Ye\u015fil hidrojen \u00fcretiminde, yenilenebilir kaynaklardan \u00fcretilen elektrik yard\u0131m\u0131yla su, elektroliz\u00f6r vas\u0131tas\u0131yla ayr\u0131\u015ft\u0131r\u0131l\u0131yor. B\u00f6ylece karbon emisyonuna yol a\u00e7mayacak \u015fekilde hidrojen elde ediliyor.<\/p>\n<p>Elektroliz\u00f6r teknolojileri alan\u0131nda faaliyet g\u00f6steren Verdagy, alan\u0131nda en y\u00fcksek ak\u0131m yo\u011funlu\u011funa eri\u015fmesi, patentli h\u00fccre ve membran mimarileri sunmas\u0131 ile \u00f6ne \u00e7\u0131k\u0131yor. Laboratuvar ve pilot a\u015famalar\u0131n\u0131n ard\u0131ndan 2 MW\u2019l\u0131k elektroliz\u00f6r tesisi ile h\u0131zl\u0131 \u00f6l\u00e7eklenme g\u00f6stermeyi ba\u015faran \u015firket, 20 MW kapasiteye sahip mod\u00fclleri sat\u0131\u015fa sunmaya haz\u0131rlan\u0131yor.<\/p>\n<p>Ye\u015fil hidrojen \u00fcreten elektroliz\u00f6rlerin en \u00f6nemli par\u00e7alar\u0131ndan biri de kulland\u0131klar\u0131 membranlar. Uzun \u00f6m\u00fcrl\u00fc, yenilik\u00e7i membran ve polimer teknolojileri geli\u015ftiricisi Ionomr, hem elektroliz\u00f6r hem de yak\u0131t pili sekt\u00f6r\u00fcne y\u00f6nelik \u00fcr\u00fcnler geli\u015ftiriyor. Geri d\u00f6n\u00fc\u015ft\u00fcr\u00fclebilir nitelikteki bu \u00fcr\u00fcnler; g\u00f6sterdikleri y\u00fcksek iyonik iletkenlik ve zorlu ko\u015fullar alt\u0131nda kararl\u0131l\u0131k ve dayan\u0131kl\u0131k ile sistemlerin verimlili\u011fini art\u0131r\u0131yor.<\/p>\n<h3><strong>\u201cGelece\u011fin Yeni \u0130\u015f Kollar\u0131na Yat\u0131r\u0131mlar\u0131m\u0131zla, En Verimli ve Yenilik\u00e7i Teknolojilerin Erken Uygulay\u0131c\u0131s\u0131 Olmay\u0131 Ama\u00e7l\u0131yoruz\u201d<\/strong><\/h3>\n<div id=\"attachment_192206\" style=\"width: 510px\" class=\"wp-caption aligncenter\"><img aria-describedby=\"caption-attachment-192206\" loading=\"lazy\" class=\"wp-image-192206\" src=\"https:\/\/www.enerjigazetesi.ist\/wp-content\/uploads\/2024\/10\/tupras-venturestan-yesil-hidrojen-alaninda-yurt-disi-girisim-yatirimlari-1.jpg\" alt=\"\" width=\"500\" height=\"315\" srcset=\"https:\/\/www.enerjigazetesi.ist\/wp-content\/uploads\/2024\/10\/tupras-venturestan-yesil-hidrojen-alaninda-yurt-disi-girisim-yatirimlari-1.jpg 550w, https:\/\/www.enerjigazetesi.ist\/wp-content\/uploads\/2024\/10\/tupras-venturestan-yesil-hidrojen-alaninda-yurt-disi-girisim-yatirimlari-1-300x189.jpg 300w, https:\/\/www.enerjigazetesi.ist\/wp-content\/uploads\/2024\/10\/tupras-venturestan-yesil-hidrojen-alaninda-yurt-disi-girisim-yatirimlari-1-500x315.jpg 500w, https:\/\/www.enerjigazetesi.ist\/wp-content\/uploads\/2024\/10\/tupras-venturestan-yesil-hidrojen-alaninda-yurt-disi-girisim-yatirimlari-1-80x50.jpg 80w\" sizes=\"(max-width: 500px) 100vw, 500px\" \/><p id=\"caption-attachment-192206\" class=\"wp-caption-text\">\u0130novasyondan Sorumlu T\u00fcpra\u015f Genel M\u00fcd\u00fcr Yard\u0131mc\u0131s\u0131 Levent Za\u011fra<\/p><\/div>\n<p><strong>\u0130novasyondan Sorumlu T\u00fcpra\u015f Genel M\u00fcd\u00fcr Yard\u0131mc\u0131s\u0131 Levent Za\u011fra<\/strong>: <em>\u201cT\u00fcpra\u015f olarak yakla\u015f\u0131k \u00fc\u00e7 y\u0131l \u00f6ncesinde a\u00e7\u0131klad\u0131\u011f\u0131m\u0131z Stratejik D\u00f6n\u00fc\u015f\u00fcm Plan\u0131m\u0131z do\u011frultusunda karbon emisyonu olmayan enerji teknolojilerine odakland\u0131k. S\u00fcrd\u00fcr\u00fclebilir rafinaj\u0131n yan\u0131 s\u0131ra, odak i\u015f alanlar\u0131m\u0131z olan biyoyak\u0131tlar, s\u0131f\u0131r karbonlu elektrik ve ye\u015fil hidrojen alan\u0131nda faaliyetlerimizi ve yat\u0131r\u0131mlar\u0131m\u0131z\u0131 s\u00fcrd\u00fcr\u00fcyoruz. Giri\u015fim \u015firketimiz T\u00fcpra\u015f Ventures ile gelece\u011fin yeni i\u015f kollar\u0131na yat\u0131r\u0131m yap\u0131yoruz. Farkl\u0131 hidrojen elektroliz\u00f6rleri ve s\u0131f\u0131r karbonlu elektrik kullanarak \u00fcretilecek hidrojen, karbon n\u00f6tr hedeflerimize ula\u015fmam\u0131zda \u00f6nemli ara\u00e7lardan biri olacak. Ge\u00e7en y\u0131l ger\u00e7ekle\u015ftirdi\u011fimiz Verdagy yat\u0131r\u0131m\u0131 ve bu y\u0131lki Ionomr yat\u0131r\u0131m\u0131m\u0131z\u0131n da g\u00f6sterdi\u011fi gibi, en verimli ve yenilik\u00e7i teknolojilerin erken uygulay\u0131c\u0131s\u0131 olmak amac\u0131nday\u0131z. Hidrojen alan\u0131nda faaliyet g\u00f6steren d\u00fcnyadaki t\u00fcm giri\u015fimleri \u00e7ok uzun s\u00fcredir takip ediyoruz. Ye\u015fil hidrojen \u00fcretiminde kullan\u0131lan yenilik\u00e7i elektroliz mimarilerinin h\u0131zla \u00f6l\u00e7eklenip, operasyonlar\u0131m\u0131zda ba\u015far\u0131yla kullan\u0131labilme potansiyeli oldu\u011funa inan\u0131yoruz. Bu alanda, Verdagy ve Ionomr giri\u015fimlerinin yat\u0131r\u0131mc\u0131s\u0131 olmaktan ve yat\u0131r\u0131m turuna kat\u0131lan uluslararas\u0131 yat\u0131r\u0131mc\u0131lar aras\u0131nda yer almaktan \u00e7ok mutluyuz\u201d<\/em> dedi.<\/p>","protected":false},"excerpt":{"rendered":"<p>Sorry, this entry is only available in Turkish. For the sake of viewer convenience, the content is shown below in the alternative language. You may click the link to switch the active language. Stratejik D\u00f6n\u00fc\u015f\u00fcm Plan\u0131 kapsam\u0131nda, gelece\u011fin enerjisini \u00fcretmek ve 2050\u2019de karbon n\u00f6tr enerji \u015firketi olmak hedefiyle ilerleyen T\u00fcpra\u015f; enerji d\u00f6n\u00fc\u015f\u00fcm\u00fcnde belirleyici olacak teknoloji [&hellip;]<\/p>\n","protected":false},"author":1,"featured_media":192205,"comment_status":"open","ping_status":"open","sticky":false,"template":"","format":"standard","meta":[],"categories":[53,44],"tags":[1000,109065,78619],"views":36,"_links":{"self":[{"href":"https:\/\/www.enerjigazetesi.ist\/en\/wp-json\/wp\/v2\/posts\/192203"}],"collection":[{"href":"https:\/\/www.enerjigazetesi.ist\/en\/wp-json\/wp\/v2\/posts"}],"about":[{"href":"https:\/\/www.enerjigazetesi.ist\/en\/wp-json\/wp\/v2\/types\/post"}],"author":[{"embeddable":true,"href":"https:\/\/www.enerjigazetesi.ist\/en\/wp-json\/wp\/v2\/users\/1"}],"replies":[{"embeddable":true,"href":"https:\/\/www.enerjigazetesi.ist\/en\/wp-json\/wp\/v2\/comments?post=192203"}],"version-history":[{"count":0,"href":"https:\/\/www.enerjigazetesi.ist\/en\/wp-json\/wp\/v2\/posts\/192203\/revisions"}],"wp:featuredmedia":[{"embeddable":true,"href":"https:\/\/www.enerjigazetesi.ist\/en\/wp-json\/wp\/v2\/media\/192205"}],"wp:attachment":[{"href":"https:\/\/www.enerjigazetesi.ist\/en\/wp-json\/wp\/v2\/media?parent=192203"}],"wp:term":[{"taxonomy":"category","embeddable":true,"href":"https:\/\/www.enerjigazetesi.ist\/en\/wp-json\/wp\/v2\/categories?post=192203"},{"taxonomy":"post_tag","embeddable":true,"href":"https:\/\/www.enerjigazetesi.ist\/en\/wp-json\/wp\/v2\/tags?post=192203"}],"curies":[{"name":"wp","href":"https:\/\/api.w.org\/{rel}","templated":true}]}}