{"id":192157,"date":"2024-10-01T17:48:16","date_gmt":"2024-10-01T14:48:16","guid":{"rendered":"https:\/\/www.enerjigazetesi.ist\/?p=192157"},"modified":"2024-10-01T17:48:16","modified_gmt":"2024-10-01T14:48:16","slug":"vestel-den-yerli-batarya-enerji-depolama-sistemi","status":"publish","type":"post","link":"https:\/\/www.enerjigazetesi.ist\/en\/vestel-den-yerli-batarya-enerji-depolama-sistemi\/","title":{"rendered":"(Turkish) &#8217;Vestel&#8217;den Yerli Batarya Enerji Depolama Sistemi"},"content":{"rendered":"<p class=\"qtranxs-available-languages-message qtranxs-available-languages-message-en\">Sorry, this entry is only available in <a href=\"https:\/\/www.enerjigazetesi.ist\/tr\/wp-json\/wp\/v2\/posts\/192157\" class=\"qtranxs-available-language-link qtranxs-available-language-link-tr\" title=\"Turkish\">Turkish<\/a>. For the sake of viewer convenience, the content is shown below in the alternative language. You may click the link to switch the active language.<\/p><p><\/p>\n<h2><strong>Vestel, mobilite pazar\u0131na y\u00f6nelik geli\u015ftirdi\u011fi ilk yerli batarya enerji depolama sistemini faaliyete ge\u00e7irerek T\u00fcrkiye\u2019de bir ilke imza att\u0131. Bilecik\u2019in Boz\u00fcy\u00fck il\u00e7esinde bulunan SARAR Outlet tesislerinde kurulan sistemin d\u00fcnyada say\u0131l\u0131 \u00f6rne\u011fi bulunuyor.<\/strong><\/h2>\n<p style=\"text-align: center;\"><img loading=\"lazy\" class=\"aligncenter wp-image-192159\" src=\"https:\/\/www.enerjigazetesi.ist\/wp-content\/uploads\/2024\/10\/vestel-den-yerli-batarya-enerji-depolama-sistemi.jpg\" alt=\"\" width=\"500\" height=\"347\" srcset=\"https:\/\/www.enerjigazetesi.ist\/wp-content\/uploads\/2024\/10\/vestel-den-yerli-batarya-enerji-depolama-sistemi.jpg 550w, https:\/\/www.enerjigazetesi.ist\/wp-content\/uploads\/2024\/10\/vestel-den-yerli-batarya-enerji-depolama-sistemi-300x208.jpg 300w, https:\/\/www.enerjigazetesi.ist\/wp-content\/uploads\/2024\/10\/vestel-den-yerli-batarya-enerji-depolama-sistemi-500x347.jpg 500w, https:\/\/www.enerjigazetesi.ist\/wp-content\/uploads\/2024\/10\/vestel-den-yerli-batarya-enerji-depolama-sistemi-72x50.jpg 72w\" sizes=\"(max-width: 500px) 100vw, 500px\" \/><\/p>\n<p>Vestel taraf\u0131ndan yap\u0131lan a\u00e7\u0131klamada <span style=\"text-decoration: underline;\">\u015f\u00f6yle denildi:<\/span><\/p>\n<p><em>\u201c300kWh kapasite ve 200kW g\u00fcce sahip hibrit sistem, solar panelleriyle \u015farj olabiliyor, panellerin kullan\u0131lamad\u0131\u011f\u0131 durumlarda ise \u015febekeden \u015farj oluyor. Ayn\u0131 anda sekiz elektrikli arac\u0131n \u015farj olabilece\u011fi tesiste bir arac\u0131n bataryas\u0131 ortalama 20 dakikada doluyor.<\/em><\/p>\n<p><em>Gelecek d\u00f6nemde \u00fcssel b\u00fcy\u00fcme bekledi\u011fi mobilite pazar\u0131na y\u00f6nelik faaliyetlerini yo\u011funla\u015ft\u0131ran Vestel, T\u00fcrkiye\u2019nin ilk yerli batarya enerji depolama sistemini devreye ald\u0131. Bilecik\u2019in Boz\u00fcy\u00fck il\u00e7esinde bulunan SARAR Outlet tesislerinde kurulan ticari ve end\u00fcstriyel i\u015fletmeler i\u00e7in \u00e7\u00f6z\u00fcm sunan enerji batarya depolama sistemi 400kW kapasiteli d\u00f6rt EVC\u2019ye ayn\u0131 anda kesintisiz enerji sa\u011fl\u0131yor.<\/em><\/p>\n<p><em>D\u00fcnyada pek az EVC arkas\u0131 kullan\u0131m \u00f6rne\u011fi bulunan ve Vestel m\u00fchendisleri taraf\u0131ndan geli\u015ftirilen sistem 300kWh kapasite ve 200kW g\u00fcce sahip. Vestel m\u00fchendisleri taraf\u0131ndan geli\u015ftirilen EMS (enerji y\u00f6netim sistemi) ile uzaktan kontrol edilebilen enerji batarya depolama sistemi, tesiste bulunan 400kW g\u00fc\u00e7 \u00e7\u0131k\u0131\u015fl\u0131 EVC\u2019lere ayn\u0131 anda ayn\u0131 performans ile enerji sa\u011fl\u0131yor. Vestel\u2019in kurdu\u011fu bu ticari ve end\u00fcstriyel i\u015fletmeler i\u00e7in \u00e7\u00f6z\u00fcm sunan enerji depolama sistemi mobilite ekosisteminin d\u00f6rt temel unsuru olan elektrikli ara\u00e7, DC h\u0131zl\u0131 \u015farj \u00fcnitesi, batarya ve g\u00fcne\u015f enerji santrallerini bir araya getiriyor.<\/em><\/p>\n<h3><strong>Hem G\u00fcne\u015ften Hem de \u015eebekeden Yararlan\u0131yor<\/strong><\/h3>\n<p><em>Hizmete giren batarya enerji depolama sistemi, hibrit olarak solar panelleri vas\u0131tas\u0131yla \u015farj oluyor, solar panellerin kullan\u0131lamad\u0131\u011f\u0131 durumlarda ise \u015febekeden \u015farj olabiliyor. EVC-Batarya-Solar-\u015eebeke entegrasyonu sa\u011flanan sistemde g\u00fcne\u015f panelleri \u00fczerinden depolanan enerji, ihtiya\u00e7 duyuldu\u011fu anda \u015febekeye destek vererek elektrikli \u015farj istasyonlar\u0131n\u0131n kullan\u0131lmas\u0131n\u0131 sa\u011fl\u0131yor.<\/em><\/p>\n<p><em>Yaz\u0131l\u0131m\u0131 ve donan\u0131m\u0131 tamamen yerli olan \u2018enerji y\u00f6netim sistemi\u2019 ile \u00e7al\u0131\u015fan batarya enerji depolama sisteminde, t\u00fcm teknik veriler uzaktan izlenilebiliyor, bu sayede \u015farj-de\u015farj senaryolar\u0131 de\u011fi\u015ftirilebilirken, kullan\u0131c\u0131 ihtiya\u00e7lar\u0131na g\u00f6re senaryo mod\u2019lar\u0131 da geli\u015ftirilebiliyor. Sistemde \u015febekeden al\u0131nan g\u00fc\u00e7 y\u00fczde 5 seviyelerinde minimize edilerek y\u00fczde 95 bataryan\u0131n g\u00fcc\u00fc ile EVC\u2019ler desteklenebilirken, batarya d\u00f6rt adet 400kW\u2019l\u0131k EVC \u00fcr\u00fcne hizmet verebiliyor.<\/em><\/p>\n<h3><strong>Kullan\u0131c\u0131lar Yenilenebilir Enerjiyi Depolamak \u0130stiyor<\/strong><\/h3>\n<p><em>Global mobilite pazar\u0131n\u0131n 2030 y\u0131l\u0131nda, sadece Vestel\u2019in faaliyet g\u00f6sterdi\u011fi elektrikli ara\u00e7 komponentleri, elektrikli ara\u00e7 \u015farj istasyonlar\u0131 ve enerji batarya depolama \u00e7\u00f6z\u00fcmleri alanlar\u0131nda yakla\u015f\u0131k 580 milyar dolarl\u0131k b\u00fcy\u00fckl\u00fc\u011fe ula\u015fmas\u0131 bekleniyor. G\u00fcn\u00fcm\u00fczde d\u00fcnyan\u0131n pek \u00e7ok yerinde g\u00fcne\u015f ve r\u00fczg\u00e2r gibi yenilenebilir enerji kaynaklar\u0131na y\u00f6nelik depolama \u00e7\u00f6z\u00fcmleri h\u0131zla yayg\u0131nla\u015f\u0131yor. \u00d6zellikle Avrupa \u00fclkelerinde g\u00fcnd\u00fcz g\u00fcne\u015f panelleri arac\u0131l\u0131\u011f\u0131yla enerji depolayan pek \u00e7ok kullan\u0131c\u0131 bulunuyor. Bu kullan\u0131c\u0131lar, batarya \u00e7\u00f6z\u00fcmleri sayesinde biriktirdikleri enerjiyi; ak\u015fam evlerinde kullan\u0131yor. B\u00f6ylece enerji maliyetlerinde \u00f6nemli tasarruf sa\u011fl\u0131yorlar.<\/em><\/p>\n<p><em>Vestel, bu bak\u0131\u015f a\u00e7\u0131s\u0131yla d\u00fcnya kaynaklar\u0131n\u0131 daha verimli kullanmay\u0131 sa\u011flayacak \u00e7\u00f6z\u00fcmler \u00fcretiyor. Vestel Mobilite, bug\u00fcn konut, ticari ve end\u00fcstriyel alanlarda, yenilenebilir g\u00fcne\u015f ve r\u00fczg\u00e2r enerjisi santrallerinde, ayr\u0131ca telekom\u00fcnikasyon sekt\u00f6r\u00fcnde kullan\u0131lan enerji depolama sistemleri \u00fcretiyor. Vestel hem konut hem de toplu kullan\u0131m i\u00e7in pazara ilk olarak 75 kWh ve 300 kWh\u2019l\u0131k enerji depolama \u00fcr\u00fcnlerini sunan \u015firketlerden biri olmu\u015ftu. G\u00fcne\u015f ve r\u00fczg\u00e2r gibi kesintili yenilenebilir enerji kaynaklar\u0131n\u0131n enerji \u00fcretmedi\u011fi durumlarda, bu kaynaklar\u0131n enerji depolama teknolojileri ile desteklenmesi gerekiyor. Bu ihtiyaca yan\u0131t olarak Vestel, 2 ila 5 MWh kapasiteli konteyner boyutunda enerji batarya depolama \u00fcniteleri tasarlay\u0131p \u00fcretiyor.\u201d<\/em><\/p>\n<p>Kaynak:\u00a0<a href=\"https:\/\/www.iha.com.tr\/istanbul-haberleri\/vestelden-yerli-batarya-enerji-depolama-sistemi-121621972\" target=\"_blank\" rel=\"noopener\">\u0130HA<\/a><\/p>","protected":false},"excerpt":{"rendered":"<p>Sorry, this entry is only available in Turkish. For the sake of viewer convenience, the content is shown below in the alternative language. You may click the link to switch the active language. Vestel, mobilite pazar\u0131na y\u00f6nelik geli\u015ftirdi\u011fi ilk yerli batarya enerji depolama sistemini faaliyete ge\u00e7irerek T\u00fcrkiye\u2019de bir ilke imza att\u0131. Bilecik\u2019in Boz\u00fcy\u00fck il\u00e7esinde bulunan [&hellip;]<\/p>\n","protected":false},"author":1,"featured_media":192159,"comment_status":"open","ping_status":"open","sticky":false,"template":"","format":"standard","meta":[],"categories":[51,53],"tags":[115266,115268,2625,115267,720,113309],"views":36,"_links":{"self":[{"href":"https:\/\/www.enerjigazetesi.ist\/en\/wp-json\/wp\/v2\/posts\/192157"}],"collection":[{"href":"https:\/\/www.enerjigazetesi.ist\/en\/wp-json\/wp\/v2\/posts"}],"about":[{"href":"https:\/\/www.enerjigazetesi.ist\/en\/wp-json\/wp\/v2\/types\/post"}],"author":[{"embeddable":true,"href":"https:\/\/www.enerjigazetesi.ist\/en\/wp-json\/wp\/v2\/users\/1"}],"replies":[{"embeddable":true,"href":"https:\/\/www.enerjigazetesi.ist\/en\/wp-json\/wp\/v2\/comments?post=192157"}],"version-history":[{"count":0,"href":"https:\/\/www.enerjigazetesi.ist\/en\/wp-json\/wp\/v2\/posts\/192157\/revisions"}],"wp:featuredmedia":[{"embeddable":true,"href":"https:\/\/www.enerjigazetesi.ist\/en\/wp-json\/wp\/v2\/media\/192159"}],"wp:attachment":[{"href":"https:\/\/www.enerjigazetesi.ist\/en\/wp-json\/wp\/v2\/media?parent=192157"}],"wp:term":[{"taxonomy":"category","embeddable":true,"href":"https:\/\/www.enerjigazetesi.ist\/en\/wp-json\/wp\/v2\/categories?post=192157"},{"taxonomy":"post_tag","embeddable":true,"href":"https:\/\/www.enerjigazetesi.ist\/en\/wp-json\/wp\/v2\/tags?post=192157"}],"curies":[{"name":"wp","href":"https:\/\/api.w.org\/{rel}","templated":true}]}}