{"id":192096,"date":"2024-09-30T16:17:42","date_gmt":"2024-09-30T13:17:42","guid":{"rendered":"https:\/\/www.enerjigazetesi.ist\/?p=192096"},"modified":"2024-09-30T16:17:42","modified_gmt":"2024-09-30T13:17:42","slug":"dicle-elektrik-ar-ge-merkezi-yenilikci-projelerle-sektore-onculuk-ediyor","status":"publish","type":"post","link":"https:\/\/www.enerjigazetesi.ist\/en\/dicle-elektrik-ar-ge-merkezi-yenilikci-projelerle-sektore-onculuk-ediyor\/","title":{"rendered":"(Turkish) Dicle Elektrik Ar-Ge Merkezi Yenilik\u00e7i Projelerle Sekt\u00f6re \u00d6nc\u00fcl\u00fck Ediyor"},"content":{"rendered":"<p class=\"qtranxs-available-languages-message qtranxs-available-languages-message-en\">Sorry, this entry is only available in <a href=\"https:\/\/www.enerjigazetesi.ist\/tr\/wp-json\/wp\/v2\/posts\/192096\" class=\"qtranxs-available-language-link qtranxs-available-language-link-tr\" title=\"Turkish\">Turkish<\/a>. For the sake of viewer convenience, the content is shown below in the alternative language. You may click the link to switch the active language.<\/p><p><\/p>\n<h2><strong>Teknoloji ve Ar-Ge yat\u0131r\u0131mlar\u0131yla elektrik da\u011f\u0131t\u0131m sekt\u00f6r\u00fcnde \u00f6nc\u00fc konumda bulunan Dicle Elektrik, T\u00fcrkiye\u2019de ilk niteli\u011findeki \u00e7al\u0131\u015fmalara imza atmaya devam ediyor.<\/strong><\/h2>\n<p style=\"text-align: center;\"><img loading=\"lazy\" class=\"aligncenter wp-image-192099\" src=\"https:\/\/www.enerjigazetesi.ist\/wp-content\/uploads\/2024\/09\/dicle-elektrik-ar-ge-merkezi-yenilikci-projelerle-sektore-onculuk-ediyor-1.jpg\" alt=\"\" width=\"500\" height=\"312\" srcset=\"https:\/\/www.enerjigazetesi.ist\/wp-content\/uploads\/2024\/09\/dicle-elektrik-ar-ge-merkezi-yenilikci-projelerle-sektore-onculuk-ediyor-1.jpg 550w, https:\/\/www.enerjigazetesi.ist\/wp-content\/uploads\/2024\/09\/dicle-elektrik-ar-ge-merkezi-yenilikci-projelerle-sektore-onculuk-ediyor-1-300x187.jpg 300w, https:\/\/www.enerjigazetesi.ist\/wp-content\/uploads\/2024\/09\/dicle-elektrik-ar-ge-merkezi-yenilikci-projelerle-sektore-onculuk-ediyor-1-500x312.jpg 500w, https:\/\/www.enerjigazetesi.ist\/wp-content\/uploads\/2024\/09\/dicle-elektrik-ar-ge-merkezi-yenilikci-projelerle-sektore-onculuk-ediyor-1-80x50.jpg 80w\" sizes=\"(max-width: 500px) 100vw, 500px\" \/><\/p>\n<p>Kay\u0131ps\u0131z-Kesintisiz-Kaliteli enerji anlay\u0131\u015f\u0131yla elektrik da\u011f\u0131t\u0131m hizmeti veren Dicle Elektrik, teknoloji ve Ar-Ge yat\u0131r\u0131mlar\u0131yla, s\u00fcrd\u00fcr\u00fclebilirlik ve verimlili\u011fi merkeze alan yenilik\u00e7i projeler geli\u015ftirmeye devam ediyor. \u015eirketin 2017 y\u0131l\u0131nda kurdu\u011fu Enerji ve Tabii Kaynaklar Bakanl\u0131\u011f\u0131 onayl\u0131 Ar-Ge Merkezi, elektrik da\u011f\u0131t\u0131m \u015firketleri aras\u0131nda kurulan ilk Ar-Ge Merkezi olma \u00f6zelli\u011fi ta\u015f\u0131yor.<\/p>\n<h3><strong>Ka\u00e7ak Elektri\u011fe Kar\u015f\u0131 Yerli ve Milli \u00c7\u00f6z\u00fcmler <\/strong><\/h3>\n<p>Dicle Elektrik\u2019in Ar-Ge faaliyetleri; enerji da\u011f\u0131t\u0131m\u0131nda verimlilik sa\u011flamaya, d\u0131\u015fa ba\u011f\u0131ml\u0131l\u0131\u011f\u0131 azaltacak milli yaz\u0131l\u0131mlar geli\u015ftirmeye ve ak\u0131ll\u0131 \u015febeke \u00e7\u00f6z\u00fcmleri \u00fcretmeye odaklan\u0131yor. Ar-Ge merkezinde 30 ki\u015filik uzman ekiple kay\u0131p ka\u00e7ak oranlar\u0131n\u0131 azaltmaya y\u00f6nelik projeler geli\u015ftiren Dicle Elektrik, 2013 y\u0131l\u0131nda y\u00fczde 80 seviyelerinde olan kay\u0131p ka\u00e7ak oran\u0131n\u0131, 2024 y\u0131l\u0131 itibar\u0131yla y\u00fczde 42 seviyelerine d\u00fc\u015f\u00fcrmeyi ba\u015fard\u0131. Konuyu de\u011ferlendiren <strong>Dicle Elektrik Genel M\u00fcd\u00fcr\u00fc Ya\u015far Arvas<\/strong>,<em> \u201cG\u00fcvenli ve kesintisiz enerji tedarikinin sa\u011flanmas\u0131, \u015firketimizin en \u00f6nemli Ar-Ge stratejisini temsil ediyor. \u00d6zelle\u015fmeden bu yana s\u00fcrd\u00fcrd\u00fc\u011f\u00fcm\u00fcz \u2018Ar-Ge \u015firketi olma\u2019 hedefimiz kapsam\u0131nda 60\u2019\u0131n \u00fcst\u00fcnde nitelikli proje geli\u015ftirdik. Bu projelerle enerji verimlili\u011fini ve g\u00fcvenli\u011fini sa\u011flayarak hizmet b\u00f6lgemizde s\u00fcrd\u00fcr\u00fclebilir bir altyap\u0131 olu\u015fturmay\u0131 ve m\u00fc\u015fteri memnuniyetini daha da art\u0131rmay\u0131 hedefliyoruz. Teknoloji ve Ar-Ge\u2019nin g\u00fcc\u00fcn\u00fc kullanarak T\u00fcrkiye\u2019de ilk olma \u00f6zelli\u011fi ta\u015f\u0131yan ve di\u011fer da\u011f\u0131t\u0131m \u015firketlerinin \u00e7al\u0131\u015fmalar\u0131na \u00f6rnek te\u015fkil eden projelerimiz ile elektrik da\u011f\u0131t\u0131m\u0131nda yeni bir d\u00f6nemin kap\u0131s\u0131n\u0131 aral\u0131yor ve sekt\u00f6r\u00fcm\u00fczde \u00f6nc\u00fc rol\u00fcm\u00fcz\u00fc peki\u015ftiriyoruz.\u201d<\/em> dedi.<\/p>\n<p>Dicle Elektrik\u2019in Ar-Ge kapsam\u0131ndaki hedeflerini de aktaran Arvas, <em>\u201c5 y\u0131ll\u0131k stratejimiz kapsam\u0131nda; ekstrem hava ko\u015fullar\u0131 ve do\u011fal afetlere kar\u015f\u0131 \u015febeke dayan\u0131kl\u0131l\u0131\u011f\u0131n\u0131n art\u0131r\u0131lmas\u0131, da\u011f\u0131t\u0131m \u015febekelerinin \u00e7ift y\u00f6nl\u00fc enerji ve bilgi ak\u0131\u015f\u0131yla daha dinamik hale getirilmesi, ger\u00e7ek zamana yak\u0131n \u00f6l\u00e7\u00fcm altyap\u0131lar\u0131n\u0131n kullan\u0131lmas\u0131 ile durumsal fark\u0131ndal\u0131\u011f\u0131n iyile\u015ftirilmesi ve dijitalizasyonun art\u0131r\u0131lmas\u0131 gibi hedeflerimize ula\u015fmak i\u00e7in \u00e7al\u0131\u015fmalar\u0131m\u0131z\u0131 s\u00fcrd\u00fcr\u00fcyoruz.\u201d<\/em> \u015feklinde konu\u015ftu.<\/p>\n<h3><strong>Her 100 km\u2019de Y\u00fczde 30 Oran\u0131nda Karbon Ayak \u0130zini Siliyor<\/strong><\/h3>\n<p>Dicle Elektrik Ar-Ge Merkezi\u2019nin \u00f6ne \u00e7\u0131kan projeleri aras\u0131nda, \u201cMakaral\u0131 Ayd\u0131nlatma Dire\u011fi\u201d geliyor. 2021 y\u0131l\u0131nda ba\u015flayan proje ile i\u015f kazalar\u0131n\u0131n \u00f6nlenmesi, bak\u0131m s\u00fcre\u00e7lerinin h\u0131zlanmas\u0131 ve \u00e7al\u0131\u015fanlar\u0131n i\u015f y\u00fck\u00fcn\u00fcn hafifletilmesinin hedeflenirken \u00e7evresel s\u00fcrd\u00fcr\u00fclebilirli\u011fe de katk\u0131 sa\u011flan\u0131yor. Projenin yayg\u0131nla\u015fmas\u0131yla, elektrik sekt\u00f6r\u00fcnde s\u0131k\u00e7a kullan\u0131lan sepetli kamyonetlerin kullan\u0131m\u0131n\u0131n azalaca\u011f\u0131, b\u00f6ylece her 100 kilometrede yakla\u015f\u0131k y\u00fczde 30 oran\u0131nda karbon ayak izinin silinebilece\u011fi \u00f6ng\u00f6r\u00fcl\u00fcyor.<\/p>\n<h3><strong>Dicle Elektrik\u2019in K\u00f6stebe\u011fi Ka\u00e7a\u011f\u0131 An\u0131nda Buluyor!<\/strong><\/h3>\n<p>Dicle Elektrik\u2019in bir di\u011fer \u00f6rnek Ar-Ge projesi olan \u2018K\u00f6stebek\u2019, 2020 y\u0131l\u0131nda hayata ge\u00e7irildi. Yeralt\u0131 kablo \u015febekelerinde g\u00f6zle tespit edilemeyen ka\u00e7aklar\u0131 belirlemeyi hedefleyen \u2018K\u00f6stebek\u2019 ile ak\u0131ll\u0131 saya\u00e7lardan elde edilen \u00f6l\u00e7\u00fcm verileri kullan\u0131larak ka\u00e7ak b\u00f6lgesi sistematik bir \u015fekilde tespit ediliyor. Sistem, sadece ka\u00e7a\u011f\u0131n yerini de\u011fil, ayn\u0131 zamanda ka\u00e7a\u011f\u0131n yap\u0131ld\u0131\u011f\u0131 mesafeyi de tahmin ediyor. Projenin devreye girmesiyle birlikte usuls\u00fcz kullan\u0131m\u0131n \u00f6n\u00fcne ge\u00e7ilerek \u00fclke ekonomisine \u00f6nemli katk\u0131lar sa\u011fland\u0131.<\/p>","protected":false},"excerpt":{"rendered":"<p>Sorry, this entry is only available in Turkish. For the sake of viewer convenience, the content is shown below in the alternative language. You may click the link to switch the active language. Teknoloji ve Ar-Ge yat\u0131r\u0131mlar\u0131yla elektrik da\u011f\u0131t\u0131m sekt\u00f6r\u00fcnde \u00f6nc\u00fc konumda bulunan Dicle Elektrik, T\u00fcrkiye\u2019de ilk niteli\u011findeki \u00e7al\u0131\u015fmalara imza atmaya devam ediyor. Kay\u0131ps\u0131z-Kesintisiz-Kaliteli enerji [&hellip;]<\/p>\n","protected":false},"author":1,"featured_media":192098,"comment_status":"open","ping_status":"open","sticky":false,"template":"","format":"standard","meta":[],"categories":[51,53],"tags":[21112,16269,12240,15016,36954],"views":27,"_links":{"self":[{"href":"https:\/\/www.enerjigazetesi.ist\/en\/wp-json\/wp\/v2\/posts\/192096"}],"collection":[{"href":"https:\/\/www.enerjigazetesi.ist\/en\/wp-json\/wp\/v2\/posts"}],"about":[{"href":"https:\/\/www.enerjigazetesi.ist\/en\/wp-json\/wp\/v2\/types\/post"}],"author":[{"embeddable":true,"href":"https:\/\/www.enerjigazetesi.ist\/en\/wp-json\/wp\/v2\/users\/1"}],"replies":[{"embeddable":true,"href":"https:\/\/www.enerjigazetesi.ist\/en\/wp-json\/wp\/v2\/comments?post=192096"}],"version-history":[{"count":0,"href":"https:\/\/www.enerjigazetesi.ist\/en\/wp-json\/wp\/v2\/posts\/192096\/revisions"}],"wp:featuredmedia":[{"embeddable":true,"href":"https:\/\/www.enerjigazetesi.ist\/en\/wp-json\/wp\/v2\/media\/192098"}],"wp:attachment":[{"href":"https:\/\/www.enerjigazetesi.ist\/en\/wp-json\/wp\/v2\/media?parent=192096"}],"wp:term":[{"taxonomy":"category","embeddable":true,"href":"https:\/\/www.enerjigazetesi.ist\/en\/wp-json\/wp\/v2\/categories?post=192096"},{"taxonomy":"post_tag","embeddable":true,"href":"https:\/\/www.enerjigazetesi.ist\/en\/wp-json\/wp\/v2\/tags?post=192096"}],"curies":[{"name":"wp","href":"https:\/\/api.w.org\/{rel}","templated":true}]}}