{"id":192060,"date":"2024-09-27T17:23:04","date_gmt":"2024-09-27T14:23:04","guid":{"rendered":"https:\/\/www.enerjigazetesi.ist\/?p=192060"},"modified":"2024-09-27T17:24:07","modified_gmt":"2024-09-27T14:24:07","slug":"yenilenebilir-enerji-kurulumu-icin-gerekli-izin-surecleri-kolaylasiyor","status":"publish","type":"post","link":"https:\/\/www.enerjigazetesi.ist\/en\/yenilenebilir-enerji-kurulumu-icin-gerekli-izin-surecleri-kolaylasiyor\/","title":{"rendered":"(Turkish) Yenilenebilir Enerji Kurulumu i\u00e7in Gerekli \u0130zin S\u00fcre\u00e7leri Kolayla\u015f\u0131yor"},"content":{"rendered":"<p class=\"qtranxs-available-languages-message qtranxs-available-languages-message-en\">Sorry, this entry is only available in <a href=\"https:\/\/www.enerjigazetesi.ist\/tr\/wp-json\/wp\/v2\/posts\/192060\" class=\"qtranxs-available-language-link qtranxs-available-language-link-tr\" title=\"Turkish\">Turkish<\/a>. For the sake of viewer convenience, the content is shown below in the alternative language. You may click the link to switch the active language.<\/p><p><\/p>\n<h2>Yenilenebilir enerji yat\u0131r\u0131mlar\u0131nda izin s\u00fcre\u00e7leri h\u0131zlan\u0131yor. Mevcut durumda \u00fc\u00e7 y\u0131l s\u00fcren s\u00fcre\u00e7, iki y\u0131l\u0131n alt\u0131na \u00e7ekilerek daha fazla yat\u0131r\u0131m\u0131n T\u00fcrkiye&#8217;ye gelmesi bekleniyor.<\/h2>\n<p style=\"text-align: center;\"><img loading=\"lazy\" class=\"aligncenter wp-image-192063\" src=\"https:\/\/www.enerjigazetesi.ist\/wp-content\/uploads\/2024\/09\/yenilenebilir-enerji-kurulumu-icin-gerekli-izin-surecleri-kolaylasiyor.jpg\" alt=\"\" width=\"500\" height=\"334\" srcset=\"https:\/\/www.enerjigazetesi.ist\/wp-content\/uploads\/2024\/09\/yenilenebilir-enerji-kurulumu-icin-gerekli-izin-surecleri-kolaylasiyor.jpg 550w, https:\/\/www.enerjigazetesi.ist\/wp-content\/uploads\/2024\/09\/yenilenebilir-enerji-kurulumu-icin-gerekli-izin-surecleri-kolaylasiyor-300x200.jpg 300w, https:\/\/www.enerjigazetesi.ist\/wp-content\/uploads\/2024\/09\/yenilenebilir-enerji-kurulumu-icin-gerekli-izin-surecleri-kolaylasiyor-500x334.jpg 500w, https:\/\/www.enerjigazetesi.ist\/wp-content\/uploads\/2024\/09\/yenilenebilir-enerji-kurulumu-icin-gerekli-izin-surecleri-kolaylasiyor-75x50.jpg 75w, https:\/\/www.enerjigazetesi.ist\/wp-content\/uploads\/2024\/09\/yenilenebilir-enerji-kurulumu-icin-gerekli-izin-surecleri-kolaylasiyor-450x300.jpg 450w\" sizes=\"(max-width: 500px) 100vw, 500px\" \/><\/p>\n<p>Yenilenebilir enerji santralleri, iklim de\u011fi\u015fikli\u011fiyle m\u00fccadele ederken t\u00fcketici haklar\u0131n\u0131 korumaya da \u00f6nem veriyor. \u00d6zellikle kapasite art\u0131\u015flar\u0131 ve hibrit tesis yat\u0131r\u0131mlar\u0131, h\u0131zl\u0131 bir \u015fekilde devreye al\u0131nabilmek i\u00e7in daha etkin idari izin s\u00fcre\u00e7lerine ihtiya\u00e7 duyuyor. Bu durum, enerji arz g\u00fcvenli\u011finin sa\u011flanmas\u0131 a\u00e7\u0131s\u0131ndan da b\u00fcy\u00fck \u00f6nem ta\u015f\u0131yor. Enerji ve Tabii Kaynaklar Bakanl\u0131\u011f\u0131, sekt\u00f6r\u00fcn talebini g\u00f6z \u00f6n\u00fcnde bulundurarak, yeni Meclis d\u00f6neminde bu konuda bir d\u00fczenleme yapmay\u0131 planl\u0131yor. Avrupa\u2019da yedi y\u0131la kadar s\u00fcrebilen izin s\u00fcre\u00e7leri, T\u00fcrkiye&#8217;de rekor h\u0131zla iki y\u0131l\u0131n alt\u0131na indirilecek. D\u00fczenleme ile projelerin daha k\u0131sa s\u00fcrede elektrik \u00fcretimine d\u00f6n\u00fc\u015fmesi hedefleniyor.<\/p>\n<h3><strong>YATIRIMLAR TE\u015eV\u0130K ED\u0130LECEK<\/strong><\/h3>\n<p>Yenilenebilir enerji kaynaklar\u0131ndan elektrik \u00fcreten firmalar, \u00fcretim maliyetlerini d\u00fc\u015f\u00fcrmek i\u00e7in kapasite art\u0131\u015flar\u0131, hibrit tesisler ve g\u00fc\u00e7lendirme yat\u0131r\u0131mlar\u0131 gibi konulara odaklan\u0131yor. Mevcut tesislerin kapasite art\u0131\u015flar\u0131 ve hibrit uygulamalar, sadece daha fazla enerji \u00fcretimini sa\u011flamakla kalmay\u0131p, ayn\u0131 zamanda \u00fcretim maliyetlerini de d\u00fc\u015f\u00fcr\u00fcyor. Bu yat\u0131r\u0131mlar\u0131n h\u0131zla hayata ge\u00e7mesi i\u00e7in idari izin s\u00fcre\u00e7lerinin kolayla\u015ft\u0131r\u0131lmas\u0131, ekonomik faydalar sa\u011flayacak.<\/p>\n<p>\u00d6zellikle \u00f6n izin ve kesin izin s\u00fcre\u00e7lerinde, bir\u00e7ok kamu kurulu\u015fundan tekrar tekrar g\u00f6r\u00fc\u015f al\u0131nmas\u0131, s\u00fcrecin yava\u015flamas\u0131na neden oluyor. Planlanan d\u00fczenleme ile izin s\u00fcre\u00e7lerinin tek bir merkezi idare taraf\u0131ndan y\u00f6netilmesi ve hem b\u00f6lgesel hem de merkezi idarelerde komisyonlar kurulmas\u0131 hedefleniyor.<\/p>\n<h3><strong>UZUN VADEL\u0130 PLANLAMA YAPILACAK<\/strong><\/h3>\n<p>Enerji ve Tabii Kaynaklar Bakanl\u0131\u011f\u0131&#8217;n\u0131n \u00f6ng\u00f6rd\u00fc\u011f\u00fc planlamada, s\u00fcre\u00e7 2035 y\u0131l\u0131na kadar programlanacak. Yat\u0131r\u0131mc\u0131lar, T\u00fcrkiye\u2019de ekipman ve panel fabrikalar\u0131 kurmay\u0131 veya enerji alan\u0131nda yat\u0131r\u0131mlar yapmay\u0131 daha \u00f6ng\u00f6r\u00fclebilir \u015fekilde planlayabilecek. Bu \u00e7er\u00e7evede, T\u00fcrkiye&#8217;nin A\u011fustos 2024 itibar\u0131yla elektrik \u00fcretiminde yenilenebilir enerjinin pay\u0131 %40\u2019a ula\u015f\u0131rken, g\u00fcne\u015f enerjisi ise toplam elektrik \u00fcretiminin yakla\u015f\u0131k %10,31\u2019ini olu\u015fturdu.<\/p>","protected":false},"excerpt":{"rendered":"<p>Sorry, this entry is only available in Turkish. For the sake of viewer convenience, the content is shown below in the alternative language. You may click the link to switch the active language. Yenilenebilir enerji yat\u0131r\u0131mlar\u0131nda izin s\u00fcre\u00e7leri h\u0131zlan\u0131yor. Mevcut durumda \u00fc\u00e7 y\u0131l s\u00fcren s\u00fcre\u00e7, iki y\u0131l\u0131n alt\u0131na \u00e7ekilerek daha fazla yat\u0131r\u0131m\u0131n T\u00fcrkiye&#8217;ye gelmesi bekleniyor. [&hellip;]<\/p>\n","protected":false},"author":1,"featured_media":192063,"comment_status":"open","ping_status":"open","sticky":false,"template":"","format":"standard","meta":[],"categories":[53,49,50],"tags":[13,16,842,14333,6532],"views":32,"_links":{"self":[{"href":"https:\/\/www.enerjigazetesi.ist\/en\/wp-json\/wp\/v2\/posts\/192060"}],"collection":[{"href":"https:\/\/www.enerjigazetesi.ist\/en\/wp-json\/wp\/v2\/posts"}],"about":[{"href":"https:\/\/www.enerjigazetesi.ist\/en\/wp-json\/wp\/v2\/types\/post"}],"author":[{"embeddable":true,"href":"https:\/\/www.enerjigazetesi.ist\/en\/wp-json\/wp\/v2\/users\/1"}],"replies":[{"embeddable":true,"href":"https:\/\/www.enerjigazetesi.ist\/en\/wp-json\/wp\/v2\/comments?post=192060"}],"version-history":[{"count":0,"href":"https:\/\/www.enerjigazetesi.ist\/en\/wp-json\/wp\/v2\/posts\/192060\/revisions"}],"wp:featuredmedia":[{"embeddable":true,"href":"https:\/\/www.enerjigazetesi.ist\/en\/wp-json\/wp\/v2\/media\/192063"}],"wp:attachment":[{"href":"https:\/\/www.enerjigazetesi.ist\/en\/wp-json\/wp\/v2\/media?parent=192060"}],"wp:term":[{"taxonomy":"category","embeddable":true,"href":"https:\/\/www.enerjigazetesi.ist\/en\/wp-json\/wp\/v2\/categories?post=192060"},{"taxonomy":"post_tag","embeddable":true,"href":"https:\/\/www.enerjigazetesi.ist\/en\/wp-json\/wp\/v2\/tags?post=192060"}],"curies":[{"name":"wp","href":"https:\/\/api.w.org\/{rel}","templated":true}]}}