{"id":191898,"date":"2024-09-22T19:58:28","date_gmt":"2024-09-22T16:58:28","guid":{"rendered":"https:\/\/www.enerjigazetesi.ist\/?p=191898"},"modified":"2024-09-22T19:58:28","modified_gmt":"2024-09-22T16:58:28","slug":"turkiye-halk-temsilcileri-meclisi-escevder-i-ziyaret-etti","status":"publish","type":"post","link":"https:\/\/www.enerjigazetesi.ist\/en\/turkiye-halk-temsilcileri-meclisi-escevder-i-ziyaret-etti\/","title":{"rendered":"(Turkish) T\u00fcrkiye Halk Temsilcileri Meclisi &#8216;ES\u00c7EVDER&#8217;i Ziyaret Etti&#8230;"},"content":{"rendered":"<p class=\"qtranxs-available-languages-message qtranxs-available-languages-message-en\">Sorry, this entry is only available in <a href=\"https:\/\/www.enerjigazetesi.ist\/tr\/wp-json\/wp\/v2\/posts\/191898\" class=\"qtranxs-available-language-link qtranxs-available-language-link-tr\" title=\"Turkish\">Turkish<\/a>. For the sake of viewer convenience, the content is shown below in the alternative language. You may click the link to switch the active language.<\/p><p><\/p>\n<h2>T\u00fcrkiye Halk Temsilcileri Meclisi\u2019nce \u0130stanbul Kartal\u2019dan ba\u015flay\u0131p Adana \u0130ncirlik\u2019teki NATO \u00fcss\u00fcnde sonlanacak y\u00fcr\u00fcy\u00fc\u015f\u00fcnde, \u00e7ok de\u011ferli kat\u0131l\u0131mc\u0131lar \u015fehrimize ula\u015ft\u0131lar ve derne\u011fimizi ziyaret ettiler.<\/h2>\n<p style=\"text-align: center;\"><img loading=\"lazy\" class=\"aligncenter wp-image-191900\" src=\"https:\/\/www.enerjigazetesi.ist\/wp-content\/uploads\/2024\/09\/turkiye-halk-temsilcileri-meclisi-escevder-i-ziyaret-etti.jpg\" alt=\"\" width=\"500\" height=\"375\" srcset=\"https:\/\/www.enerjigazetesi.ist\/wp-content\/uploads\/2024\/09\/turkiye-halk-temsilcileri-meclisi-escevder-i-ziyaret-etti.jpg 550w, https:\/\/www.enerjigazetesi.ist\/wp-content\/uploads\/2024\/09\/turkiye-halk-temsilcileri-meclisi-escevder-i-ziyaret-etti-300x225.jpg 300w, https:\/\/www.enerjigazetesi.ist\/wp-content\/uploads\/2024\/09\/turkiye-halk-temsilcileri-meclisi-escevder-i-ziyaret-etti-500x375.jpg 500w, https:\/\/www.enerjigazetesi.ist\/wp-content\/uploads\/2024\/09\/turkiye-halk-temsilcileri-meclisi-escevder-i-ziyaret-etti-67x50.jpg 67w\" sizes=\"(max-width: 500px) 100vw, 500px\" \/><\/p>\n<p>\u00dclke g\u00fcndemini son y\u0131llarda i\u015fgal eden en \u00f6nemli g\u00fcndem maddeleri maalesef \u00c7evre katliamlar\u0131 oldu. 2019 y\u0131l\u0131nda Kirazl\u0131 Alt\u0131n Madeni projesi kapsam\u0131nda Kaz Da\u011flar\u0131\u2019nda, 2023\u2019te linyit madeni geni\u015fleme projesi ile Mu\u011fla Milas\u2019a ba\u011fl\u0131 Akbelen\u2019 de, 2024\u2019te Erzincan \u0130li\u00e7\u2019te Alt\u0131n Madencili\u011fi \u015firketlerince ger\u00e7ekle\u015ftirilen \u00e7evre katliamlar\u0131 ve gasp edilen \u00dclke kaynaklar\u0131; K\u00fctahya Murat Da\u011f\u0131\u2019nda alt\u0131n madeni a\u00e7ma \u00e7abalar\u0131, Eski\u015fehir\u2019de Alpu Ovas\u0131\u2019na kurulmak istenen k\u00f6m\u00fcrl\u00fc termik santral, yine Eski\u015fehir Mihalgazi il\u00e7esi Alpagut &#8211; Atalan b\u00f6lgesinde Cengiz Holding taraf\u0131ndan ya\u011fmalanmak istenen \u00fclke kaynaklar\u0131 ve bu yolda ger\u00e7ekle\u015ftirilecek \u00c7evre katliam\u0131 ve maalesef \u00fclkenin d\u00f6rt bir yan\u0131nda benzer niceleri mevcuttur.<\/p>\n<p>Ya\u015fad\u0131\u011f\u0131m\u0131z; havam\u0131z\u0131, suyumuzu, topra\u011f\u0131m\u0131z\u0131, ekme\u011fimizi sa\u011flad\u0131\u011f\u0131m\u0131z \u00e7evremiz ve do\u011fa varl\u0131klar\u0131m\u0131z ile toprak alt\u0131nda s\u0131n\u0131rl\u0131 varl\u0131klar\u0131yla madenlerimiz bizlere, \u00e7ocuklar\u0131m\u0131za, \u00fclkemize ait en \u00f6nemli kaynaklar\u0131m\u0131zd\u0131r.<\/p>\n<p>Bu kaynaklar ancak \u00fclkemizin, bizlerin, \u00e7ocuklar\u0131m\u0131z\u0131n ortak ihtiya\u00e7lar\u0131 u\u011fruna bilimsel y\u00f6ntemlerle kullan\u0131lmal\u0131d\u0131r. Ancak ya\u015fad\u0131\u011f\u0131m\u0131z onlarca madencilik facias\u0131, \u00e7evre katliam\u0131 g\u00f6stermi\u015ftir ki \u00fclke n\u00fcfusunun b\u00fcy\u00fck k\u0131smi yoksulluk ve a\u00e7l\u0131kla bo\u011fu\u015furken \u00fclkemizin en \u00f6nemli kaynaklar\u0131 bir avu\u00e7 \u015firkete tahsis edilmekte, ya\u011fmalanmakta ve bu u\u011furda s\u00f6m\u00fcrge madencili\u011fi ile \u00fclkenin do\u011fas\u0131 ac\u0131mas\u0131zca ve vah\u015fice katledilmektedir.<\/p>\n<p>Bizler, ES\u00c7EVDER olarak, kapitalizm ve emperyalizm ele\u015ftirisinden ar\u0131nd\u0131r\u0131lm\u0131\u015f bir \u00e7evrecilik anlay\u0131\u015f\u0131n\u0131n kar\u015f\u0131s\u0131nday\u0131z. Madenlerin ve do\u011fal kaynaklar\u0131n kamula\u015ft\u0131r\u0131lmas\u0131n\u0131n ve devlet eliyle i\u015fletilmesi kapitalist ve emperyalist ya\u011fmadan kurtarabilmenin ye\u011fane yolu oldu\u011funu d\u00fc\u015f\u00fcn\u00fcyoruz.<\/p>\n<p>Bu vesileyle emperyalizme ve s\u00f6m\u00fcr\u00fc d\u00fczenine kar\u015f\u0131tl\u0131\u011f\u0131m\u0131z; Yurt sevgisi ve Cumhuriyet\u00e7ili\u011fimiz, laik, ba\u011f\u0131ms\u0131z, egemen, bir \u00fclke, devlet\u00e7i- planl\u0131 \u00a0bir ekonomi ve t\u00fcm yurtta\u015flar\u0131m\u0131z\u0131n e\u015fitlik ve karde\u015flik i\u00e7inde, refah ve ayd\u0131nl\u0131\u011fa kavu\u015faca\u011f\u0131 bir toplumsal sistem \u00f6zleminde ortakla\u015ft\u0131\u011f\u0131m\u0131z T\u00fcrkiye Halk Temsilcileri Meclisi de\u011ferli \u00fcyelerinin bizlere \u015feref veren ziyaretleri nedeniyle kendilerine te\u015fekk\u00fcr ediyor, sayg\u0131yla selaml\u0131yoruz.<\/p>\n<p><strong>ESK\u0130\u015eEH\u0130R \u00c7EVRE KORUMA ve GEL\u0130\u015eT\u0130RME DERNE\u011e\u0130<\/strong><\/p>\n<p><strong>Y\u00d6NET\u0130M KURULU<\/strong><\/p>","protected":false},"excerpt":{"rendered":"<p>Sorry, this entry is only available in Turkish. For the sake of viewer convenience, the content is shown below in the alternative language. You may click the link to switch the active language. T\u00fcrkiye Halk Temsilcileri Meclisi\u2019nce \u0130stanbul Kartal\u2019dan ba\u015flay\u0131p Adana \u0130ncirlik\u2019teki NATO \u00fcss\u00fcnde sonlanacak y\u00fcr\u00fcy\u00fc\u015f\u00fcnde, \u00e7ok de\u011ferli kat\u0131l\u0131mc\u0131lar \u015fehrimize ula\u015ft\u0131lar ve derne\u011fimizi ziyaret ettiler. [&hellip;]<\/p>\n","protected":false},"author":1,"featured_media":191900,"comment_status":"open","ping_status":"open","sticky":false,"template":"","format":"standard","meta":[],"categories":[53],"tags":[115188,46191,71840,1413,18009,115187],"views":17,"_links":{"self":[{"href":"https:\/\/www.enerjigazetesi.ist\/en\/wp-json\/wp\/v2\/posts\/191898"}],"collection":[{"href":"https:\/\/www.enerjigazetesi.ist\/en\/wp-json\/wp\/v2\/posts"}],"about":[{"href":"https:\/\/www.enerjigazetesi.ist\/en\/wp-json\/wp\/v2\/types\/post"}],"author":[{"embeddable":true,"href":"https:\/\/www.enerjigazetesi.ist\/en\/wp-json\/wp\/v2\/users\/1"}],"replies":[{"embeddable":true,"href":"https:\/\/www.enerjigazetesi.ist\/en\/wp-json\/wp\/v2\/comments?post=191898"}],"version-history":[{"count":0,"href":"https:\/\/www.enerjigazetesi.ist\/en\/wp-json\/wp\/v2\/posts\/191898\/revisions"}],"wp:featuredmedia":[{"embeddable":true,"href":"https:\/\/www.enerjigazetesi.ist\/en\/wp-json\/wp\/v2\/media\/191900"}],"wp:attachment":[{"href":"https:\/\/www.enerjigazetesi.ist\/en\/wp-json\/wp\/v2\/media?parent=191898"}],"wp:term":[{"taxonomy":"category","embeddable":true,"href":"https:\/\/www.enerjigazetesi.ist\/en\/wp-json\/wp\/v2\/categories?post=191898"},{"taxonomy":"post_tag","embeddable":true,"href":"https:\/\/www.enerjigazetesi.ist\/en\/wp-json\/wp\/v2\/tags?post=191898"}],"curies":[{"name":"wp","href":"https:\/\/api.w.org\/{rel}","templated":true}]}}