{"id":191823,"date":"2024-09-18T17:50:29","date_gmt":"2024-09-18T14:50:29","guid":{"rendered":"https:\/\/www.enerjigazetesi.ist\/?p=191823"},"modified":"2024-09-18T17:50:29","modified_gmt":"2024-09-18T14:50:29","slug":"gun-gunes-enerjisi-elektrik-in-ozellestirme-ile-devralinmasi-islemine-izin","status":"publish","type":"post","link":"https:\/\/www.enerjigazetesi.ist\/en\/gun-gunes-enerjisi-elektrik-in-ozellestirme-ile-devralinmasi-islemine-izin\/","title":{"rendered":"(Turkish) &#8217;G\u00fcn G\u00fcne\u015f Enerjisi Elektrik&#8217;in \u00d6zelle\u015ftirme ile Devral\u0131nmas\u0131 \u0130\u015flemine \u0130zin"},"content":{"rendered":"<p class=\"qtranxs-available-languages-message qtranxs-available-languages-message-en\">Sorry, this entry is only available in <a href=\"https:\/\/www.enerjigazetesi.ist\/tr\/wp-json\/wp\/v2\/posts\/191823\" class=\"qtranxs-available-language-link qtranxs-available-language-link-tr\" title=\"Turkish\">Turkish<\/a>. For the sake of viewer convenience, the content is shown below in the alternative language. You may click the link to switch the active language.<\/p><p><\/p>\n<h2><strong>Rekabet Kurulu, G\u00fcn G\u00fcne\u015f Enerjisi Elektrik \u00dcretim Sanayi ve Ticaret A\u015e\u2019nin \u00f6zelle\u015ftirme yolu ile devral\u0131nmas\u0131 i\u015flemine izin verdi.<\/strong><\/h2>\n<p style=\"text-align: center;\"><img loading=\"lazy\" class=\"aligncenter wp-image-191825\" src=\"https:\/\/www.enerjigazetesi.ist\/wp-content\/uploads\/2024\/09\/gun-gunes-enerjisi-elektrik-in-ozellestirme-ile-devralinmasi-islemine-izin.jpg\" alt=\"\" width=\"500\" height=\"325\" srcset=\"https:\/\/www.enerjigazetesi.ist\/wp-content\/uploads\/2024\/09\/gun-gunes-enerjisi-elektrik-in-ozellestirme-ile-devralinmasi-islemine-izin.jpg 550w, https:\/\/www.enerjigazetesi.ist\/wp-content\/uploads\/2024\/09\/gun-gunes-enerjisi-elektrik-in-ozellestirme-ile-devralinmasi-islemine-izin-300x195.jpg 300w, https:\/\/www.enerjigazetesi.ist\/wp-content\/uploads\/2024\/09\/gun-gunes-enerjisi-elektrik-in-ozellestirme-ile-devralinmasi-islemine-izin-500x325.jpg 500w, https:\/\/www.enerjigazetesi.ist\/wp-content\/uploads\/2024\/09\/gun-gunes-enerjisi-elektrik-in-ozellestirme-ile-devralinmasi-islemine-izin-77x50.jpg 77w\" sizes=\"(max-width: 500px) 100vw, 500px\" \/><\/p>\n<p>Rekabet Kurumu\u2019nun (RK) konuya ili\u015fkin a\u00e7\u0131klamas\u0131nda <em>\u201cG\u00fcn G\u00fcne\u015f Enerjisi Elektrik \u00dcretim Sanayi ve Ticaret A\u015e\u2019nin \u00f6zelle\u015ftirme yolu ile devral\u0131nmas\u0131 i\u015flemine izin verildi\u201d<\/em> ifadesi kullan\u0131ld\u0131.<\/p>\n<p>16 A\u011fustos 2024 tarihinde yap\u0131lan ihalede en iyi teklifi verene \u00fc\u00e7 istekli belirlenmi\u015f, \u015firketin bu isteklilere devri i\u00e7in Rekabet Kurulu onay s\u00fcreci ba\u015flat\u0131lm\u0131\u015ft\u0131. G\u00fcn G\u00fcne\u015f Enerjisi Elektrik \u00dcretim Sanayi ve Ticaret A\u015e portf\u00f6y\u00fcnde iki adet g\u00fcne\u015f enerji santrali bulunuyor. Bunlardan biri, 2020 y\u0131l\u0131nda devreye al\u0131nan, Van\u2019\u0131n Tu\u015fba il\u00e7esindeki <strong>45 MW<\/strong>\u2019lik <strong>G\u00fcn G\u00fcne\u015f Van Ar\u0131su GES<\/strong>. Di\u011fer proje ise 2021 y\u0131l\u0131nda devreye al\u0131nan, <strong>23.4 MW<\/strong>\u2019lik <strong>G\u00fcn G\u00fcne\u015f Antalya Akseki B\u00fcy\u00fckalan 1 GES.<\/strong><\/p>","protected":false},"excerpt":{"rendered":"<p>Sorry, this entry is only available in Turkish. For the sake of viewer convenience, the content is shown below in the alternative language. You may click the link to switch the active language. Rekabet Kurulu, G\u00fcn G\u00fcne\u015f Enerjisi Elektrik \u00dcretim Sanayi ve Ticaret A\u015e\u2019nin \u00f6zelle\u015ftirme yolu ile devral\u0131nmas\u0131 i\u015flemine izin verdi. Rekabet Kurumu\u2019nun (RK) konuya [&hellip;]<\/p>\n","protected":false},"author":1,"featured_media":191825,"comment_status":"open","ping_status":"open","sticky":false,"template":"","format":"standard","meta":[],"categories":[51,53,49],"tags":[2326,115168,2206,1248,4464,115169],"views":33,"_links":{"self":[{"href":"https:\/\/www.enerjigazetesi.ist\/en\/wp-json\/wp\/v2\/posts\/191823"}],"collection":[{"href":"https:\/\/www.enerjigazetesi.ist\/en\/wp-json\/wp\/v2\/posts"}],"about":[{"href":"https:\/\/www.enerjigazetesi.ist\/en\/wp-json\/wp\/v2\/types\/post"}],"author":[{"embeddable":true,"href":"https:\/\/www.enerjigazetesi.ist\/en\/wp-json\/wp\/v2\/users\/1"}],"replies":[{"embeddable":true,"href":"https:\/\/www.enerjigazetesi.ist\/en\/wp-json\/wp\/v2\/comments?post=191823"}],"version-history":[{"count":0,"href":"https:\/\/www.enerjigazetesi.ist\/en\/wp-json\/wp\/v2\/posts\/191823\/revisions"}],"wp:featuredmedia":[{"embeddable":true,"href":"https:\/\/www.enerjigazetesi.ist\/en\/wp-json\/wp\/v2\/media\/191825"}],"wp:attachment":[{"href":"https:\/\/www.enerjigazetesi.ist\/en\/wp-json\/wp\/v2\/media?parent=191823"}],"wp:term":[{"taxonomy":"category","embeddable":true,"href":"https:\/\/www.enerjigazetesi.ist\/en\/wp-json\/wp\/v2\/categories?post=191823"},{"taxonomy":"post_tag","embeddable":true,"href":"https:\/\/www.enerjigazetesi.ist\/en\/wp-json\/wp\/v2\/tags?post=191823"}],"curies":[{"name":"wp","href":"https:\/\/api.w.org\/{rel}","templated":true}]}}