{"id":191815,"date":"2024-09-18T16:48:33","date_gmt":"2024-09-18T13:48:33","guid":{"rendered":"https:\/\/www.enerjigazetesi.ist\/?p=191815"},"modified":"2024-09-18T16:49:28","modified_gmt":"2024-09-18T13:49:28","slug":"gelecegin-teknoloji-liderleri-sertifikalarini-aldi","status":"publish","type":"post","link":"https:\/\/www.enerjigazetesi.ist\/en\/gelecegin-teknoloji-liderleri-sertifikalarini-aldi\/","title":{"rendered":"(Turkish) Gelece\u011fin Teknoloji Liderleri Sertifikalar\u0131n\u0131 Ald\u0131"},"content":{"rendered":"<p class=\"qtranxs-available-languages-message qtranxs-available-languages-message-en\">Sorry, this entry is only available in <a href=\"https:\/\/www.enerjigazetesi.ist\/tr\/wp-json\/wp\/v2\/posts\/191815\" class=\"qtranxs-available-language-link qtranxs-available-language-link-tr\" title=\"Turkish\">Turkish<\/a>. For the sake of viewer convenience, the content is shown below in the alternative language. You may click the link to switch the active language.<\/p><p><\/p>\n<h2><strong>42 T\u00fcrkiye ile beraber gelece\u011fin teknoloji liderlerini yeti\u015ftirme vizyonuyla yola \u00e7\u0131kan Hepsiburada\u2019n\u0131n bu y\u0131l May\u0131s ay\u0131nda ba\u015flayan \u2018Hepsiburada Tech Academy\u2019 program\u0131 tamamland\u0131. 42 T\u00fcrkiye okullar\u0131n\u0131n \u0130stanbul ve Kocaeli&#8217;deki kamp\u00fcslerinde ger\u00e7ekle\u015ftirilen e\u011fitimi ba\u015far\u0131yla bitirerek sertifikalar\u0131n\u0131 alan 112 \u00f6\u011frenciden 42\u2019si Hepsiburada\u2019da staj yapma f\u0131rsat\u0131na sahip olacak.<\/strong><\/h2>\n<p style=\"text-align: center;\"><img loading=\"lazy\" class=\"aligncenter wp-image-191817\" src=\"https:\/\/www.enerjigazetesi.ist\/wp-content\/uploads\/2024\/09\/gelecegin-teknoloji-liderleri-sertifikalarini-aldi.jpg\" alt=\"\" width=\"500\" height=\"281\" srcset=\"https:\/\/www.enerjigazetesi.ist\/wp-content\/uploads\/2024\/09\/gelecegin-teknoloji-liderleri-sertifikalarini-aldi.jpg 550w, https:\/\/www.enerjigazetesi.ist\/wp-content\/uploads\/2024\/09\/gelecegin-teknoloji-liderleri-sertifikalarini-aldi-300x169.jpg 300w, https:\/\/www.enerjigazetesi.ist\/wp-content\/uploads\/2024\/09\/gelecegin-teknoloji-liderleri-sertifikalarini-aldi-500x281.jpg 500w, https:\/\/www.enerjigazetesi.ist\/wp-content\/uploads\/2024\/09\/gelecegin-teknoloji-liderleri-sertifikalarini-aldi-80x45.jpg 80w\" sizes=\"(max-width: 500px) 100vw, 500px\" \/><\/p>\n<p>Hepsiburada ve 42 T\u00fcrkiye\u2019nin, gelece\u011fin teknoloji liderlerini yeti\u015ftirme vizyonuyla bir araya gelerek hayata ge\u00e7irdi\u011fi &#8220;Hepsiburada Tech Academy&#8221; program\u0131 ba\u015far\u0131yla tamamland\u0131. Program, 42 T\u00fcrkiye&#8217;nin 42 \u0130stanbul ve 42 Kocaeli kamp\u00fcslerinde 8 mod\u00fcl olarak ger\u00e7ekle\u015ftirildi. Program kapsam\u0131nda e\u011fitim alan \u00f6\u011frencilere Hepsiburada\u2019n\u0131n teknoloji ekipleri taraf\u0131ndan, \u00fcr\u00fcn geli\u015ftirme, kullan\u0131c\u0131 deneyimi, veri bilimi, veri analistli\u011fi, yaz\u0131l\u0131m geli\u015ftirme ve sistem\/g\u00fcvenlik gibi konularda \u00f6zel e\u011fitimler verildi.<\/p>\n<h3><strong>Hepsiburada\u2019da Staj \u0130mkan\u0131<\/strong><\/h3>\n<p>May\u0131s ay\u0131nda ba\u015flayan ve 8\u2019er mod\u00fcl boyunca devam eden program kapsam\u0131nda e\u011fitimleri ba\u015far\u0131yla tamamlayan \u00f6\u011frenciler ger\u00e7ekle\u015fen t\u00f6renle sertifikalar\u0131n\u0131 ald\u0131. 42 T\u00fcrkiye\u2019deki yakla\u015f\u0131k 2 y\u0131ll\u0131k temel e\u011fitimini tamamlayan ve tamamlamaya yak\u0131n olan \u00f6\u011frenciler ayn\u0131 zamanda Hepsiburada\u2019n\u0131n \u2018Gelece\u011finiZburada\u2019 staj program\u0131na kat\u0131lmaya hak kazand\u0131.<\/p>\n<h3><strong>\u201cStaj Program\u0131m\u0131zla \u00d6\u011frencilerin Profesyonel Geli\u015fimine Destek Oluyoruz\u201d<\/strong><\/h3>\n<p>Program\u0131n kapan\u0131\u015f t\u00f6reninde s\u00f6z alan <strong>Hepsiburada Teknoloji Grup Ba\u015fkan\u0131 (CTO) Alexey Shevenkov<\/strong> <em>\u201c42 T\u00fcrkiye ile i\u015f birli\u011fi kapsam\u0131nda ger\u00e7ekle\u015ftirilen 8 mod\u00fclden olu\u015fan &#8216;Hepsiburada Tech Academy&#8217; e\u011fitim s\u00fcreci ba\u015far\u0131yla tamamland\u0131. Teknoloji ekibimizin katk\u0131lar\u0131yla \u00f6\u011frenciler, de\u011ferli bilgi ve deneyimler kazand\u0131. Ancak bu sadece bir ba\u015flang\u0131\u00e7; staj program\u0131m\u0131zla onlar\u0131n profesyonel geli\u015fim yolculu\u011funa destek olmay\u0131 s\u00fcrd\u00fcrece\u011fiz. Teknoloji d\u00fcnyas\u0131nda her \u015fey h\u0131zla de\u011fi\u015fiyor; bu y\u00fczden \u00f6\u011frenciler s\u00fcrekli kendini geli\u015ftirmeli. Hepsiburada olarak \u00f6\u011frencileri staj ve e\u011fitim programlar\u0131m\u0131zla desteklemekten mutluluk duyuyoruz.\u201d<\/em> dedi.<\/p>\n<h3><strong>Teknolojik Ba\u011f\u0131ms\u0131zl\u0131k ve \u00c7e\u015fitlilik Kritik \u00d6nemde<\/strong><\/h3>\n<p><strong>Bili\u015fim Vadisi Genel M\u00fcd\u00fcr\u00fc Erkam T\u00fczgen<\/strong>, ge\u00e7ti\u011fimiz aylarda ya\u015fanan k\u00fcresel IT krizine de\u011finerek; <em>\u201cTek bir i\u015fletim sistemi, arama motoru veya sosyal medya platformunun \u00e7\u00f6kmesiyle k\u00fcresel d\u00fczeyde kesintilere ve kritik altyap\u0131lar\u0131n \u00e7\u00f6kmesine neden olabildi\u011fini g\u00f6rd\u00fck. Bu kriz, sadece yaz\u0131l\u0131m sekt\u00f6r\u00fc i\u00e7in de\u011fil, ayn\u0131 zamanda bu sekt\u00f6r\u00fcn hizmet verdi\u011fi t\u00fcm end\u00fcstriler i\u00e7in de b\u00fcy\u00fck bir tehdit olu\u015fturuyor. Bu nedenle, teknolojik ba\u011f\u0131ms\u0131zl\u0131k ve \u00e7e\u015fitlilik, k\u00fcresel dayan\u0131kl\u0131l\u0131\u011f\u0131n art\u0131r\u0131lmas\u0131 a\u00e7\u0131s\u0131ndan kritik bir \u00f6neme sahip. E\u011fitim programlar\u0131n\u0131n g\u00fc\u00e7lendirilmesi, yaz\u0131l\u0131m geli\u015ftirme s\u00fcre\u00e7lerinin iyile\u015ftirilmesi ve sekt\u00f6r\u00fcn i\u015f g\u00fcc\u00fc ihtiyac\u0131n\u0131 kar\u015f\u0131lamak i\u00e7in yenilik\u00e7i \u00e7\u00f6z\u00fcmler \u00fcretilmesi gerekiyor. Ve 42 T\u00fcrkiye de bu \u00e7\u00f6z\u00fcmlere m\u00fckemmel bir \u00f6rnek\u201d<\/em> diye konu\u015ftu. Hepsiburada Tech Academy\u2019nin yaz\u0131l\u0131m ve teknoloji alan\u0131nda \u00fclkemizin gelece\u011fini \u015fekillendirmek ad\u0131na \u00f6nemli bir ad\u0131m oldu\u011funa dikkat \u00e7eken Erkam T\u00fczgen, b\u00f6ylesine anlaml\u0131 ve etkili bir i\u015f birli\u011finin, teknoloji alan\u0131nda yeni liderlerin yeti\u015fmesi i\u00e7in \u00e7ok kritik bir rol oynad\u0131\u011f\u0131n\u0131n alt\u0131n\u0131 \u00e7izdi.<\/p>\n<h3><strong>\u00c7evik ve \u00c7\u00f6z\u00fcm Odakl\u0131 Teknoloji Liderleri Yeti\u015fiyor<\/strong><\/h3>\n<p>Hepsiburada&#8217;n\u0131n teknoloji geli\u015ftirmelerini yak\u0131ndan tan\u0131ma ve ger\u00e7ek hayat uygulamalar\u0131yla bilgi ve becerilerini art\u0131rma f\u0131rsat\u0131 bulan \u00f6\u011frenciler, teknoloji d\u00fcnyas\u0131nda b\u00fcy\u00fck bir avantaj elde etti. Hepsiburada M\u00fc\u015fteri Deneyimi ve \u0130nsan Kaynaklar\u0131ndan Sorumlu Grup Ba\u015fkan\u0131 Esra Beyzadeo\u011flu (CEPO), &#8220;Hepsiburada olarak, h\u0131zla de\u011fi\u015fen teknoloji d\u00fcnyas\u0131nda yeniliklere ayak uydurabilen, h\u0131zl\u0131 ve \u00e7\u00f6z\u00fcm odakl\u0131 liderlere olan ihtiyac\u0131 kar\u015f\u0131lamay\u0131 ama\u00e7l\u0131yoruz. 42 T\u00fcrkiye ile yapt\u0131\u011f\u0131m\u0131z bu i\u015f birli\u011finin, teknoloji profesyonellerinin geli\u015fiminde b\u00fcy\u00fck rol oynayaca\u011f\u0131na inan\u0131yoruz. Gelece\u011fin teknoloji liderlerinin geli\u015fimine katk\u0131 vermekten, \u00fclkemizin teknoloji hamlesini desteklemekten mutluyuz.&#8221; dedi.<\/p>\n<h3><strong>\u201c\u00d6\u011frencilerimizin \u00c7al\u0131\u015fan Kimliklerini Bulmalar\u0131n\u0131 Destekliyoruz\u201d<\/strong><\/h3>\n<p>42 T\u00fcrkiye Direkt\u00f6r\u00fc Meltem Akbulut Y\u0131ld\u0131rm\u0131\u015f, program s\u00fcrecini de\u011ferlendirdi\u011fi sunumunda \u015funlara de\u011findi: \u201cMay\u0131s ay\u0131nda ba\u015flad\u0131\u011f\u0131m\u0131z \u2018Hepsiburada Tech Academy\u2019 program\u0131 ile \u00f6\u011frencilerimizin \u00e7al\u0131\u015fan kimliklerini bulmalar\u0131na destek olmay\u0131 hedefledik. Oturumlar\u0131n, 42 T\u00fcrkiye genelindeki farkl\u0131 e\u011fitim a\u015famalar\u0131ndaki \u00f6\u011frencilere hitap etmesiyle \u00e7e\u015fitlili\u011fi ve kapsay\u0131c\u0131l\u0131\u011f\u0131 olduk\u00e7a y\u00fcksekti. E\u011fitime yap\u0131lan yat\u0131r\u0131mlar\u0131n etkilerinin sosyal ve ekonomik kalk\u0131nmaya yans\u0131mas\u0131 zaman al\u0131r. Sistematik olarak a\u015famalar\u0131 takip etmek, sab\u0131rl\u0131 ve dirayetli olmak gerekir. Bu program\u0131n \u00e7\u0131kt\u0131lar\u0131, e\u011fitime yat\u0131r\u0131m \u00f6nceliklendirildi\u011finde ve sistemin pi\u015fmesine zaman verildi\u011finde kazan\u0131mlar\u0131n ne kadar etkili olabilece\u011fini g\u00f6steriyor. Bug\u00fcn \u00f6\u011frencilerimizin yaz\u0131l\u0131m d\u00fcnyas\u0131ndaki alanlar\u0131 deneyimlemeleriyle ba\u015flayan bu s\u00fcrecin etkileri pek \u00e7ok f\u0131rsat\u0131n ba\u015flang\u0131c\u0131 olacak ve hayat yolculuklar\u0131n\u0131n \u00e7e\u015fitli a\u015famalar\u0131nda kendini g\u00f6sterecektir.\u201d dedi.<\/p>","protected":false},"excerpt":{"rendered":"<p>Sorry, this entry is only available in Turkish. For the sake of viewer convenience, the content is shown below in the alternative language. You may click the link to switch the active language. 42 T\u00fcrkiye ile beraber gelece\u011fin teknoloji liderlerini yeti\u015ftirme vizyonuyla yola \u00e7\u0131kan Hepsiburada\u2019n\u0131n bu y\u0131l May\u0131s ay\u0131nda ba\u015flayan \u2018Hepsiburada Tech Academy\u2019 program\u0131 tamamland\u0131. [&hellip;]<\/p>\n","protected":false},"author":1,"featured_media":191817,"comment_status":"open","ping_status":"open","sticky":false,"template":"","format":"standard","meta":[],"categories":[53,157],"tags":[115167,115166,115165],"views":33,"_links":{"self":[{"href":"https:\/\/www.enerjigazetesi.ist\/en\/wp-json\/wp\/v2\/posts\/191815"}],"collection":[{"href":"https:\/\/www.enerjigazetesi.ist\/en\/wp-json\/wp\/v2\/posts"}],"about":[{"href":"https:\/\/www.enerjigazetesi.ist\/en\/wp-json\/wp\/v2\/types\/post"}],"author":[{"embeddable":true,"href":"https:\/\/www.enerjigazetesi.ist\/en\/wp-json\/wp\/v2\/users\/1"}],"replies":[{"embeddable":true,"href":"https:\/\/www.enerjigazetesi.ist\/en\/wp-json\/wp\/v2\/comments?post=191815"}],"version-history":[{"count":0,"href":"https:\/\/www.enerjigazetesi.ist\/en\/wp-json\/wp\/v2\/posts\/191815\/revisions"}],"wp:featuredmedia":[{"embeddable":true,"href":"https:\/\/www.enerjigazetesi.ist\/en\/wp-json\/wp\/v2\/media\/191817"}],"wp:attachment":[{"href":"https:\/\/www.enerjigazetesi.ist\/en\/wp-json\/wp\/v2\/media?parent=191815"}],"wp:term":[{"taxonomy":"category","embeddable":true,"href":"https:\/\/www.enerjigazetesi.ist\/en\/wp-json\/wp\/v2\/categories?post=191815"},{"taxonomy":"post_tag","embeddable":true,"href":"https:\/\/www.enerjigazetesi.ist\/en\/wp-json\/wp\/v2\/tags?post=191815"}],"curies":[{"name":"wp","href":"https:\/\/api.w.org\/{rel}","templated":true}]}}