{"id":191696,"date":"2024-09-16T15:39:31","date_gmt":"2024-09-16T12:39:31","guid":{"rendered":"https:\/\/www.enerjigazetesi.ist\/?p=191696"},"modified":"2024-09-16T15:39:31","modified_gmt":"2024-09-16T12:39:31","slug":"izoder-tesisat-yalitiminin-onemine-dikkat-cekiyor","status":"publish","type":"post","link":"https:\/\/www.enerjigazetesi.ist\/en\/izoder-tesisat-yalitiminin-onemine-dikkat-cekiyor\/","title":{"rendered":"(Turkish) &#8217;\u0130ZODER&#8217; Tesisat Yal\u0131t\u0131m\u0131n\u0131n \u00d6nemine Dikkat \u00c7ekiyor"},"content":{"rendered":"<p class=\"qtranxs-available-languages-message qtranxs-available-languages-message-en\">Sorry, this entry is only available in <a href=\"https:\/\/www.enerjigazetesi.ist\/tr\/wp-json\/wp\/v2\/posts\/191696\" class=\"qtranxs-available-language-link qtranxs-available-language-link-tr\" title=\"Turkish\">Turkish<\/a>. For the sake of viewer convenience, the content is shown below in the alternative language. You may click the link to switch the active language.<\/p><p><\/p>\n<h2><strong>Enerji maliyetlerinin azalt\u0131lmas\u0131nda tesisat yal\u0131t\u0131m\u0131n\u0131n \u00f6nemli rol oynad\u0131\u011f\u0131n\u0131 biliyor muydunuz? Yal\u0131t\u0131m, yayg\u0131n olarak d\u0131\u015f cephelerde uygulansa da binalardaki tesisatlara da yal\u0131t\u0131m yap\u0131lmas\u0131 \u0131s\u0131tma ve so\u011futma i\u00e7in harcanan enerjiden \u00f6nemli oranda tasarruf edilmesini sa\u011fl\u0131yor.<\/strong><\/h2>\n<p style=\"text-align: center;\"><img loading=\"lazy\" class=\"aligncenter wp-image-191698\" src=\"https:\/\/www.enerjigazetesi.ist\/wp-content\/uploads\/2024\/09\/izoder-tesisat-yalitiminin-onemine-dikkat-cekiyor.jpg\" alt=\"\" width=\"500\" height=\"354\" srcset=\"https:\/\/www.enerjigazetesi.ist\/wp-content\/uploads\/2024\/09\/izoder-tesisat-yalitiminin-onemine-dikkat-cekiyor.jpg 550w, https:\/\/www.enerjigazetesi.ist\/wp-content\/uploads\/2024\/09\/izoder-tesisat-yalitiminin-onemine-dikkat-cekiyor-300x212.jpg 300w, https:\/\/www.enerjigazetesi.ist\/wp-content\/uploads\/2024\/09\/izoder-tesisat-yalitiminin-onemine-dikkat-cekiyor-500x354.jpg 500w, https:\/\/www.enerjigazetesi.ist\/wp-content\/uploads\/2024\/09\/izoder-tesisat-yalitiminin-onemine-dikkat-cekiyor-71x50.jpg 71w\" sizes=\"(max-width: 500px) 100vw, 500px\" \/><\/p>\n<p>Tesisat yal\u0131t\u0131m\u0131; i\u00e7inden ak\u0131\u015fkan ge\u00e7en borular, vanalar, havaland\u0131rma ama\u00e7l\u0131 kullan\u0131lan kanallar, tanklar, kazanlar, vb. tesisat elemanlar\u0131na ve kazan daireleri gibi tesisat elemanlar\u0131n\u0131n bulundu\u011fu mekanik odalarda \u0131s\u0131, ses ve yang\u0131n yal\u0131t\u0131m\u0131 yap\u0131lmas\u0131 anlam\u0131na geliyor. End\u00fcstriyel proseslerde ve binalarda \u0131s\u0131tma veya so\u011futma i\u00e7in harcanan enerjiden tasarruf edilmesinde b\u00fcy\u00fck rol oynayan tesisat yal\u0131t\u0131m\u0131 sayesinde enerji t\u00fcketimi ile birlikte atmosfere yay\u0131lan sera gaz\u0131 miktar\u0131 da azal\u0131yor. Bu noktada k\u00fcresel \u0131s\u0131nma ve iklim de\u011fi\u015fikli\u011fi ile m\u00fccadelede de tesisat yal\u0131t\u0131m\u0131 \u00f6nemli bir ara\u00e7 rol\u00fc \u00fcstleniyor.<\/p>\n<h3><strong>Tesisat Yal\u0131t\u0131m\u0131, End\u00fcstriyel Tesislerin S\u00fcrd\u00fcr\u00fclebilirli\u011finde \u00d6nemli Bir Ad\u0131m<\/strong><\/h3>\n<div id=\"attachment_191699\" style=\"width: 510px\" class=\"wp-caption aligncenter\"><img aria-describedby=\"caption-attachment-191699\" loading=\"lazy\" class=\"wp-image-191699\" src=\"https:\/\/www.enerjigazetesi.ist\/wp-content\/uploads\/2024\/09\/izoder-tesisat-yalitiminin-onemine-dikkat-cekiyor-1.jpg\" alt=\"\" width=\"500\" height=\"367\" srcset=\"https:\/\/www.enerjigazetesi.ist\/wp-content\/uploads\/2024\/09\/izoder-tesisat-yalitiminin-onemine-dikkat-cekiyor-1.jpg 550w, https:\/\/www.enerjigazetesi.ist\/wp-content\/uploads\/2024\/09\/izoder-tesisat-yalitiminin-onemine-dikkat-cekiyor-1-300x220.jpg 300w, https:\/\/www.enerjigazetesi.ist\/wp-content\/uploads\/2024\/09\/izoder-tesisat-yalitiminin-onemine-dikkat-cekiyor-1-500x367.jpg 500w, https:\/\/www.enerjigazetesi.ist\/wp-content\/uploads\/2024\/09\/izoder-tesisat-yalitiminin-onemine-dikkat-cekiyor-1-68x50.jpg 68w\" sizes=\"(max-width: 500px) 100vw, 500px\" \/><p id=\"caption-attachment-191699\" class=\"wp-caption-text\">\u0130ZODER-Is\u0131 Su Ses ve Yang\u0131n Yal\u0131t\u0131mc\u0131lar\u0131 Derne\u011fi Y\u00f6netim Kurulu Ba\u015fkan\u0131 Emrullah Eruslu<\/p><\/div>\n<p>Tesisat yal\u0131t\u0131m\u0131n\u0131n ekonomik avantajlar\u0131 kadar s\u00fcrd\u00fcr\u00fclebilirlik a\u00e7\u0131s\u0131ndan da dikkate de\u011fer katk\u0131lar sundu\u011funu dile getiren <strong>\u0130ZODER-Is\u0131 Su Ses ve Yang\u0131n Yal\u0131t\u0131mc\u0131lar\u0131 Derne\u011fi Y\u00f6netim Kurulu Ba\u015fkan\u0131 Emrullah Eruslu<\/strong>, <em>\u201c\u00dclkemizde nihai enerji t\u00fcketiminin sekt\u00f6rel da\u011f\u0131l\u0131m\u0131 incelendi\u011finde y\u00fczde 33 ile sanayi sekt\u00f6r\u00fcn\u00fcn binalar ile birlikte ba\u015f\u0131 \u00e7ekti\u011fi g\u00f6r\u00fcl\u00fcyor. Sanayide enerji t\u00fcketiminin a\u011f\u0131rl\u0131kl\u0131 k\u0131sm\u0131 proses ve alan \u0131s\u0131tmas\u0131 veya so\u011futmas\u0131nda kullan\u0131l\u0131yor. End\u00fcstriyel proseslerde yap\u0131lacak olan \u0131s\u0131 yal\u0131t\u0131m\u0131 uygulamalar\u0131, sa\u011flam\u0131\u015f olduklar\u0131 enerji verimlili\u011fi ile kendini \u00e7ok k\u0131sa s\u00fcrede geri \u00f6d\u00fcyor. \u00d6te yandan Avrupa Ye\u015fil Mutabakat\u0131 (AYM), uluslararas\u0131 ticaret arenas\u0131nda rekabet\u00e7i olmak isteyen t\u00fcm sanayi tesislerinin enerji verimlili\u011fi projelerini hayata ge\u00e7irmeye ve karbon ayak izlerini azaltmaya te\u015fvik ediyor. Dolay\u0131s\u0131yla end\u00fcstriyel tesislerde yap\u0131lacak tesisat yal\u0131t\u0131m\u0131 uygulamalar\u0131 sa\u011flad\u0131klar\u0131 enerji verimlili\u011fi ve sera gaz\u0131 sal\u0131mlar\u0131ndaki azalma ile s\u00fcrd\u00fcr\u00fclebilirlik anlam\u0131nda \u00f6ne \u00e7\u0131k\u0131yor. Hayata ge\u00e7irilecek olan tesisat yal\u0131t\u0131m\u0131 uygulamalar\u0131; \u00fcretim maliyetlerindeki enerji y\u00fck\u00fcn\u00fc azalt\u0131rken uluslararas\u0131 pazarlarda daha rekabet\u00e7i \u00e7\u00f6z\u00fcmler sunulmas\u0131 ile mali s\u00fcrd\u00fcr\u00fclebilirli\u011fe de \u00f6nemli kazan\u0131mlar getirebiliyor. Yal\u0131t\u0131m uygulamalar\u0131 ile d\u00fc\u015f\u00fck karbonlu ve enerji verimli \u00fcretime ge\u00e7memiz co\u011frafi yak\u0131nl\u0131k avantaj\u0131 ile \u00fclkemizin AB \u00fclkelerine olan ihracat\u0131n\u0131n artmas\u0131na da olanak sa\u011flayabilir\u201d<\/em> dedi.<\/p>\n<h3><strong>Tesisat Yal\u0131t\u0131m\u0131 Baz\u0131 \u0130\u015f Kazalar\u0131n\u0131n Minimize Edilmesini Sa\u011flayabilir<\/strong><\/h3>\n<p>Tesisat yal\u0131t\u0131m\u0131n\u0131n baz\u0131 i\u015f kazalar\u0131ndan korunmada da etkin rol oynad\u0131\u011f\u0131n\u0131 s\u00f6yleyen <strong>\u0130ZODER Ba\u015fkan\u0131 Emrullah Eruslu<\/strong>, a\u00e7\u0131klamalar\u0131na \u015f\u00f6yle devam etti; <em>\u201cEnd\u00fcstriyel proseslerde tesisat elemanlar\u0131nda farkl\u0131 s\u0131cakl\u0131klarda s\u0131cak veya so\u011fuk su, k\u0131zg\u0131n buhar, k\u0131zg\u0131n ya\u011f, s\u00fct vb. bir\u00e7ok ak\u0131\u015fkan ta\u015f\u0131nabiliyor. S\u0131cak su, k\u0131zg\u0131n buhar veya k\u0131zg\u0131n ya\u011f ta\u015f\u0131nan hatlarda y\u00fczey s\u0131cakl\u0131klar\u0131 \u00e7ok y\u00fcksek oluyor. \u00c7al\u0131\u015fanlar\u0131n istemsiz veya kazara s\u00f6z konusu tesisat elemanlar\u0131na temas etmeleri durumunda meydana gelecek i\u015f kazalar\u0131na kar\u015f\u0131 tesisat yal\u0131t\u0131m\u0131 yap\u0131l\u0131p, y\u00fczeyin makul s\u0131cakl\u0131klara getirilmesi i\u015f\u00e7i sa\u011fl\u0131\u011f\u0131 ve i\u015f g\u00fcvenli\u011fi a\u00e7\u0131s\u0131ndan \u015fart. Ayr\u0131ca d\u00fc\u015f\u00fck s\u0131cakl\u0131klarda ak\u0131\u015fkanlar\u0131n ta\u015f\u0131nd\u0131\u011f\u0131 hatlarda da yal\u0131t\u0131m yaparak yo\u011fu\u015fman\u0131n ve tesisat\u0131n \u00f6mr\u00fcn\u00fcn korozyonla azalmas\u0131n\u0131n \u00f6nlenmesi m\u00fcmk\u00fcn. Bu noktada t\u00fcm tesisat elemanlar\u0131na mutlaka yal\u0131t\u0131m yap\u0131lmas\u0131 gerekiyor.\u201d<\/em><\/p>\n<p>Is\u0131, su, ses, tesisat ve yang\u0131n yal\u0131t\u0131m\u0131n\u0131n tek tek ya da birlikte ele al\u0131nd\u0131\u011f\u0131nda, binan\u0131n ve tesisat\u0131n \u00f6mr\u00fcne de \u00f6nemli katk\u0131lar sundu\u011funa de\u011finen <strong>Emrullah Eruslu<\/strong>, a\u00e7\u0131klamalar\u0131n\u0131 \u015fu s\u00f6zlerle bitirdi: <em>\u201cTesisatlar\u0131m\u0131z v\u00fccudumuzdaki damarlar gibi binalarda t\u00fcm alanlara da\u011f\u0131l\u0131yor. Bu yolla ya\u015fam\u0131m\u0131z ve konforumuz i\u00e7in gerekli temiz ve \u015fartland\u0131r\u0131lm\u0131\u015f hava, \u0131s\u0131 gibi t\u00fcm unsurlar\u0131n ta\u015f\u0131nmas\u0131 sa\u011flan\u0131yor. Bu \u00e7er\u00e7evede g\u00fcr\u00fclt\u00fc ve yang\u0131n\u0131n zararl\u0131 etkilerinin tesisatlar vas\u0131tas\u0131yla yay\u0131lmamas\u0131 i\u00e7in yal\u0131t\u0131m tedbirlerinin al\u0131nmas\u0131 gerekiyor. Bir binada tesisata \u0131s\u0131 yal\u0131t\u0131m\u0131 ile birlikte ses yal\u0131t\u0131m\u0131 da yapt\u0131r\u0131l\u0131rsa binalarda g\u00fcr\u00fclt\u00fc azal\u0131r ve b\u00f6ylece konfor artm\u0131\u015f olur. Tesisat borular\u0131, havaland\u0131rma kanallar\u0131, elektrik kablolar\u0131n\u0131n \u015faftlar\u0131 gibi olas\u0131 bir yang\u0131n durumunda en riskli noktalar\u0131 olu\u015fturan yerlerde yang\u0131n yal\u0131t\u0131m\u0131 yap\u0131lmas\u0131 ise can ve mal kayb\u0131n\u0131 ciddi oranda azaltarak daha g\u00fcvenli binalara kavu\u015fmam\u0131z\u0131 sa\u011flar. Yeni yap\u0131lacak binalarda tesisat yal\u0131t\u0131m\u0131na da di\u011fer yal\u0131t\u0131m uygulamalar\u0131 kadar \u00f6ncelik verilmesini ve yap\u0131 in\u015fas\u0131n\u0131n vazge\u00e7ilmez bir \u00f6gesi olarak kabul edilmesini \u00f6nemli buluyoruz. Enerji verimli, g\u00fcvenli ve konforlu yap\u0131lar i\u00e7in t\u00fcm yal\u0131t\u0131m uygulamalar\u0131n\u0131 kaliteli malzemeler ile do\u011fru olarak uygulanmas\u0131 gerekiyor.\u201d<\/em><\/p>","protected":false},"excerpt":{"rendered":"<p>Sorry, this entry is only available in Turkish. For the sake of viewer convenience, the content is shown below in the alternative language. You may click the link to switch the active language. Enerji maliyetlerinin azalt\u0131lmas\u0131nda tesisat yal\u0131t\u0131m\u0131n\u0131n \u00f6nemli rol oynad\u0131\u011f\u0131n\u0131 biliyor muydunuz? Yal\u0131t\u0131m, yayg\u0131n olarak d\u0131\u015f cephelerde uygulansa da binalardaki tesisatlara da yal\u0131t\u0131m yap\u0131lmas\u0131 [&hellip;]<\/p>\n","protected":false},"author":1,"featured_media":191698,"comment_status":"open","ping_status":"open","sticky":false,"template":"","format":"standard","meta":[],"categories":[53,52],"tags":[115120,25455,675,49703],"views":42,"_links":{"self":[{"href":"https:\/\/www.enerjigazetesi.ist\/en\/wp-json\/wp\/v2\/posts\/191696"}],"collection":[{"href":"https:\/\/www.enerjigazetesi.ist\/en\/wp-json\/wp\/v2\/posts"}],"about":[{"href":"https:\/\/www.enerjigazetesi.ist\/en\/wp-json\/wp\/v2\/types\/post"}],"author":[{"embeddable":true,"href":"https:\/\/www.enerjigazetesi.ist\/en\/wp-json\/wp\/v2\/users\/1"}],"replies":[{"embeddable":true,"href":"https:\/\/www.enerjigazetesi.ist\/en\/wp-json\/wp\/v2\/comments?post=191696"}],"version-history":[{"count":0,"href":"https:\/\/www.enerjigazetesi.ist\/en\/wp-json\/wp\/v2\/posts\/191696\/revisions"}],"wp:featuredmedia":[{"embeddable":true,"href":"https:\/\/www.enerjigazetesi.ist\/en\/wp-json\/wp\/v2\/media\/191698"}],"wp:attachment":[{"href":"https:\/\/www.enerjigazetesi.ist\/en\/wp-json\/wp\/v2\/media?parent=191696"}],"wp:term":[{"taxonomy":"category","embeddable":true,"href":"https:\/\/www.enerjigazetesi.ist\/en\/wp-json\/wp\/v2\/categories?post=191696"},{"taxonomy":"post_tag","embeddable":true,"href":"https:\/\/www.enerjigazetesi.ist\/en\/wp-json\/wp\/v2\/tags?post=191696"}],"curies":[{"name":"wp","href":"https:\/\/api.w.org\/{rel}","templated":true}]}}