{"id":191681,"date":"2024-09-12T18:32:00","date_gmt":"2024-09-12T15:32:00","guid":{"rendered":"https:\/\/www.enerjigazetesi.ist\/?p=191681"},"modified":"2024-09-12T18:32:57","modified_gmt":"2024-09-12T15:32:57","slug":"zorlu-tekstil-grubu-ucuncu-surdurulebilirlik-raporunu-yayimladi","status":"publish","type":"post","link":"https:\/\/www.enerjigazetesi.ist\/en\/zorlu-tekstil-grubu-ucuncu-surdurulebilirlik-raporunu-yayimladi\/","title":{"rendered":"(Turkish) &#8217;Zorlu Tekstil Grubu&#8217; \u00dc\u00e7\u00fcnc\u00fc S\u00fcrd\u00fcr\u00fclebilirlik Raporunu Yay\u0131mlad\u0131"},"content":{"rendered":"<p class=\"qtranxs-available-languages-message qtranxs-available-languages-message-en\">Sorry, this entry is only available in <a href=\"https:\/\/www.enerjigazetesi.ist\/tr\/wp-json\/wp\/v2\/posts\/191681\" class=\"qtranxs-available-language-link qtranxs-available-language-link-tr\" title=\"Turkish\">Turkish<\/a>. For the sake of viewer convenience, the content is shown below in the alternative language. You may click the link to switch the active language.<\/p><p><\/p>\n<h2>Avrupa&#8217;n\u0131n en b\u00fcy\u00fck entegre polyester iplik \u00fcretim merkezi Korteks ve pamuklu ev tekstili ile polyester kuma\u015f sekt\u00f6r\u00fcnde lider \u00fcretici Zorluteks&#8217;i b\u00fcnyesinde bar\u0131nd\u0131ran Zorlu Tekstil Grubu, i\u015f s\u00fcre\u00e7lerine entegre etti\u011fi s\u00fcrd\u00fcr\u00fclebilirlik yakla\u015f\u0131m\u0131n\u0131 bir kez daha ortaya koyarak \u00fc\u00e7\u00fcnc\u00fc s\u00fcrd\u00fcr\u00fclebilirlik raporunu yay\u0131mlad\u0131. Grup, s\u00fcrd\u00fcr\u00fclebilirlik raporunu, GRI standartlar\u0131 ve imzac\u0131s\u0131 oldu\u011fu Birle\u015fmi\u015f Milletler K\u00fcresel \u0130lkeler S\u00f6zle\u015fmesi \u00e7er\u00e7evesinde haz\u0131rlad\u0131.<\/h2>\n<p>Ya\u015fanabilir bir gelecek hedefiyle, \u201cDo\u011fa ve \u0130nsan i\u00e7in Yenileyici (Regenerative) Tekstil\u201d anlay\u0131\u015f\u0131n\u0131 benimseyen ve Zorlu Holding\u2019in \u201cAk\u0131ll\u0131 Hayat 2030\u201d hedeflerine paralel olarak s\u00fcrd\u00fcr\u00fclebilirlik stratejilerini uygulayan Zorlu Tekstil Grubu,\u00a0gelecek nesillere daha ya\u015fanabilir bir d\u00fcnya b\u0131rakmak i\u00e7in\u00a0\u00e7al\u0131\u015f\u0131rken;\u00a0sahip oldu\u011fu y\u00fcksek \u00fcretim kapasitesi ve nitelikli i\u015f g\u00fcc\u00fc sayesinde her zaman g\u00fcvenle tercih edilen bir kurum olmaya devam ediyor.<\/p>\n<div id=\"attachment_191684\" style=\"width: 510px\" class=\"wp-caption aligncenter\"><img aria-describedby=\"caption-attachment-191684\" loading=\"lazy\" class=\"wp-image-191684\" src=\"https:\/\/www.enerjigazetesi.ist\/wp-content\/uploads\/2024\/09\/zorlu-tekstil-grubu-ucuncu-surdurulebilirlik-raporunu-yayimladi-1.jpg\" alt=\"\" width=\"500\" height=\"369\" srcset=\"https:\/\/www.enerjigazetesi.ist\/wp-content\/uploads\/2024\/09\/zorlu-tekstil-grubu-ucuncu-surdurulebilirlik-raporunu-yayimladi-1.jpg 550w, https:\/\/www.enerjigazetesi.ist\/wp-content\/uploads\/2024\/09\/zorlu-tekstil-grubu-ucuncu-surdurulebilirlik-raporunu-yayimladi-1-300x221.jpg 300w, https:\/\/www.enerjigazetesi.ist\/wp-content\/uploads\/2024\/09\/zorlu-tekstil-grubu-ucuncu-surdurulebilirlik-raporunu-yayimladi-1-500x369.jpg 500w, https:\/\/www.enerjigazetesi.ist\/wp-content\/uploads\/2024\/09\/zorlu-tekstil-grubu-ucuncu-surdurulebilirlik-raporunu-yayimladi-1-68x50.jpg 68w\" sizes=\"(max-width: 500px) 100vw, 500px\" \/><p id=\"caption-attachment-191684\" class=\"wp-caption-text\">Zorlu Holding Tekstil Grubu Ba\u015fkan\u0131 Necat Alt\u0131n<\/p><\/div>\n<h3><em><strong>Zorlu Holding Tekstil Grubu Ba\u015fkan\u0131 Necat Alt\u0131n<\/strong><\/em>: <em><strong>S\u00fcrd\u00fcr\u00fclebilirli\u011fi Bir Kavramdan Ziyade \u0130\u015flerimizin En Temel Par\u00e7as\u0131 Olarak G\u00f6r\u00fcyoruz.<\/strong><\/em><\/h3>\n<p><em><strong>Zorlu Holding Tekstil Grubu Ba\u015fkan\u0131 Necat Alt\u0131n<\/strong><\/em>, <em>\u201cZorlu Tekstil Grubu olarak, s\u00fcrd\u00fcr\u00fclebilirli\u011fi bir kavramdan ziyade i\u015flerimizin en temel par\u00e7as\u0131 olarak g\u00f6r\u00fcyoruz. Bu yakla\u015f\u0131m sayesinde ge\u00e7ti\u011fimiz y\u0131l da Zorlu Tekstil Grubu olarak \u00e7evre performans\u0131m\u0131zda etkileyici ilerlemeler kaydettik. Su tasarrufu \u00e7al\u0131\u015fmalar\u0131yla, Korteks 33.679 m\u00b3 ve Zorluteks 848.000 m\u00b3 suyun korunmas\u0131na katk\u0131 sa\u011flad\u0131. Emisyon azaltma konusunda b\u00fcy\u00fck ad\u0131mlar att\u0131k. Yenilenebilir enerjiye olan ba\u011fl\u0131l\u0131\u011f\u0131m\u0131z\u0131 g\u00f6stermek ad\u0131na I-REC sertifikas\u0131n\u0131 kullan\u0131rken emisyonlar\u0131m\u0131z\u0131 da azaltmay\u0131 s\u00fcrd\u00fcr\u00fcyoruz. Korteks, 2020\u2019den bu yana emisyonlar\u0131n\u0131 %44 oran\u0131nda azalt\u0131rken, Zorluteks %53\u2019l\u00fck bir d\u00fc\u015f\u00fc\u015f elde etti. At\u0131k azaltma alan\u0131nda yap\u0131lan \u00e7al\u0131\u015fmalarla da \u00f6nemli ba\u015far\u0131lar elde ettik; Korteks %33 ve Zorluteks ise %16 oran\u0131nda at\u0131k azalt\u0131m\u0131 ger\u00e7ekle\u015ftirdi. Zorlu Tekstil Grubu olarak, s\u00fcrd\u00fcr\u00fclebilirlik odakl\u0131 ak\u0131ll\u0131 tekstil \u00fcr\u00fcnlerini geli\u015ftirmeye devam ediyoruz. Sekt\u00f6rde bu alandaki lider konumumuzu Ar-Ge ve inovasyon \u00e7al\u0131\u015fmalar\u0131m\u0131zla g\u00fc\u00e7lendiriyoruz. Temel hedefimiz, su ve enerji t\u00fcketimini azaltan, karbon sal\u0131m\u0131n\u0131 minimize eden ve teknolojiyle ya\u015fam kalitesini art\u0131ran, inovatif \u00f6zelliklere sahip \u00fcr\u00fcnler sunmak\u201d<\/em> dedi.<\/p>\n<h3><em><strong>Zorlu Holding Tekstil Grubu Ba\u015fkan\u0131 Necat Alt\u0131n: \u2018Gelecek \u0130\u00e7in Bug\u00fcn\u2019 Mottosuyla Att\u0131\u011f\u0131m\u0131z Her Ad\u0131m, Yar\u0131n\u0131n Ye\u015feren Umutlar\u0131n\u0131n Habercisidir.<\/strong><\/em><\/h3>\n<p>S\u00fcrd\u00fcr\u00fclebilir bir kurum olmak i\u00e7in sadece \u00e7evresel konularda iyile\u015ftirme yapman\u0131n yeterli olmayaca\u011f\u0131n\u0131 vurgulayan <strong>Alt\u0131n<\/strong>, <em>\u201cSadece \u00e7evresel a\u00e7\u0131dan de\u011fil, ayn\u0131 zamanda sosyal anlamda da s\u00fcrd\u00fcr\u00fclebilir bir kurum olman\u0131n \u00f6neminin fark\u0131nday\u0131z. \u0130nsan\u0131 merkeze alan yakla\u015f\u0131m\u0131m\u0131zla, \u00e7al\u0131\u015fanlar\u0131m\u0131za sa\u011flad\u0131\u011f\u0131m\u0131z de\u011ferle sekt\u00f6rde fark yaratmay\u0131 hedefliyoruz. Zorlu Tekstil Grubu\u2019nun bug\u00fcnk\u00fc ba\u015far\u0131s\u0131n\u0131n temelinde \u00e7al\u0131\u015fanlar\u0131m\u0131z\u0131n eme\u011fi ve azmi yat\u0131yor. Onlar\u0131n refah\u0131n\u0131 art\u0131rarak, g\u00fcvenli ve destekleyici bir i\u015f ortam\u0131 sunarak bu de\u011feri korumak ve ileriye ta\u015f\u0131may\u0131 ama\u00e7l\u0131yoruz. Her \u00e7al\u0131\u015fan\u0131m\u0131z\u0131n ki\u015fisel ve mesleki geli\u015fimine destek olmak, potansiyellerini maksimum seviyede kullanmalar\u0131n\u0131 sa\u011flamak i\u00e7in \u00e7aba g\u00f6steriyoruz. Geli\u015fime a\u00e7\u0131k bir k\u00fclt\u00fcr olu\u015fturarak, yenilik\u00e7i fikirleri te\u015fvik ediyor ve \u00e7al\u0131\u015fanlar\u0131m\u0131z\u0131n kendilerini ifade etmelerine olanak tan\u0131yoruz. B\u00f6ylelikle hem kurum i\u00e7inde hem de sekt\u00f6rde fark yaratmay\u0131 ama\u00e7l\u0131yoruz. Gelecek nesiller i\u00e7in s\u00fcrd\u00fcr\u00fclebilir bir d\u00fcnya in\u015fa etmek i\u00e7in \u00e7al\u0131\u015f\u0131rken, \u00e7al\u0131\u015fanlar\u0131m\u0131z\u0131n da bu s\u00fcrecin \u00f6nemli bir par\u00e7as\u0131 oldu\u011funu unutmuyoruz. \u2018Gelecek \u0130\u00e7in Bug\u00fcn\u2019 mottosuyla att\u0131\u011f\u0131m\u0131z her ad\u0131m, yar\u0131n\u0131n ye\u015feren umutlar\u0131n\u0131n habercisidir. Bu \u00e7er\u00e7evede, ye\u015fil bir gelecek i\u00e7in \u00e7al\u0131\u015f\u0131rken adil ve s\u00fcrd\u00fcr\u00fclebilir bir d\u00fcnya in\u015fa etme kararl\u0131l\u0131\u011f\u0131m\u0131z\u0131 s\u00fcrd\u00fcrece\u011fiz\u201d<\/em> dedi.<\/p>\n<h3><strong>Zorlu Tekstil Grubu D\u00f6ng\u00fcsel Ekonomi Odakl\u0131 Ar-Ge Yakla\u015f\u0131m\u0131yla 2023 Y\u0131l\u0131nda 91 Projeye \u0130mza Att\u0131<\/strong><\/h3>\n<p>Zorlu Tekstil Grubu ayn\u0131 zamanda tekstil sekt\u00f6r\u00fcnde inovasyonun \u00f6nc\u00fcs\u00fc olan bir grup, y\u0131ll\u0131k 4 milyon Dolarl\u0131k Ar-Ge b\u00fct\u00e7esiyle Korteks ve Zorluteks b\u00fcnyesindeki iki Ar-Ge merkezinde toplam 123 \u00e7al\u0131\u015fan ile \u00e7al\u0131\u015fmalar\u0131n\u0131 s\u00fcrd\u00fcrmektedir. \u015eirket 2023 y\u0131l\u0131nda s\u00fcrd\u00fcr\u00fclebilirlik ve d\u00f6ng\u00fcsel ekonomi odakl\u0131 Ar-Ge yakla\u015f\u0131m\u0131yla 91 projeye imza att\u0131.<\/p>\n<p>Zorlu Tekstil Grubu s\u00fcrd\u00fcr\u00fclebilirlik \u00e7al\u0131\u015fmalar\u0131 kapsam\u0131nda ve toplumsal sorunlara duyarl\u0131 yakla\u015f\u0131m\u0131yla da \u00e7e\u015fitli kurumsal sosyal sorumluluk projeleri hayata ge\u00e7iriyor. \u00d6zellikle \u00e7ocuklar, ya\u015fl\u0131lar, kad\u0131nlar ve gen\u00e7ler gibi toplumun \u00e7e\u015fitli kesimlerine odaklanan projeleriyle s\u00fcrd\u00fcr\u00fclebilir toplumsal kalk\u0131nmaya katk\u0131 sa\u011fl\u0131yor. Ayr\u0131ca, ekonomik faydan\u0131n yan\u0131 s\u0131ra, sosyal ve k\u00fclt\u00fcrel geli\u015fmelere de katk\u0131 sa\u011flama hedefiyle kendi inisiyatifiyle tasarlad\u0131\u011f\u0131 sosyal sorumluluk projeleri hayata ge\u00e7iriyor.<\/p>\n<h3><strong>\u00c7evresel S\u00fcrd\u00fcr\u00fclebildik \u0130\u00e7in \u2018Temiz \u00dcretim \u015eemsiyesi\u2019<\/strong><\/h3>\n<p>Zorlu Tekstil Grubu, Be\u015f P (\u0130nsanlar, Refah, Gezegen, Bar\u0131\u015f, Ortakl\u0131k) olarak belirledi\u011fi prensiplerle S\u00fcrd\u00fcr\u00fclebilir Kalk\u0131nma Hedeflerine katk\u0131 sa\u011flarken \u00e7evresel s\u00fcrd\u00fcr\u00fclebilirlik \u00e7al\u0131\u015fmalar\u0131n\u0131 da \u2018<strong>Temiz \u00dcretim \u015eemsiyesi\u2019\u00a0<\/strong>alt\u0131nda y\u00fcr\u00fct\u00fcyor. Bu \u00e7er\u00e7evede \u00e7evre y\u00f6netimi, ekolojik \u00fcr\u00fcn geli\u015ftirme ve at\u0131k y\u00f6netimi gibi konularda sistemli \u00e7al\u0131\u015fmalar yaparken; s\u00fcrd\u00fcr\u00fclebilir bir \u00e7evre anlay\u0131\u015f\u0131n\u0131 benimseyerek t\u00fcm payda\u015flar\u0131n\u0131 da bu y\u00f6nde te\u015fvik ediyor. Verimli do\u011fal kaynak kullan\u0131m\u0131n\u0131 i\u015f modeli olarak kabul eden grup, \u00e7evresel de\u011ferlerini stratejilerinin merkezine koyarken; Ye\u015fil Mutabakat Eylem Plan\u0131\u2019n\u0131n yay\u0131nlanmas\u0131ndan \u00f6nce kendi eylem plan\u0131n\u0131 olu\u015fturarak sadece kendi sekt\u00f6r\u00fcne de\u011fil farkl\u0131 sekt\u00f6rlere de iyi bir \u00f6rnek sunuyor.<\/p>\n<p>S\u00fcrd\u00fcr\u00fclebilirli\u011fi t\u00fcm i\u015f s\u00fcre\u00e7lerinin merkezine alan Zorlu Tekstil Grubu, Zorlu Holding\u2019in \u201cAk\u0131ll\u0131 Hayat 2030\u201d hedeflerine paralel olarak s\u00fcrd\u00fcr\u00fclebilirlik stratejilerini uyguluyor. Birle\u015fmi\u015f Milletler K\u00fcresel \u0130lkeler S\u00f6zle\u015fmesi\u2019ne (UNGC) 2007\u2019den beri imza atan Zorlu Holding ve 2021\u2019den itibaren imza atan Zorlu Tekstil Grubu insan haklar\u0131, \u00e7al\u0131\u015fma ko\u015fullar\u0131, \u00e7evre ve yolsuzlukla m\u00fccadele alanlar\u0131nda belirlenen 10 ilkeyi benimseyerek bu alanlarda s\u00fcrekli iyile\u015ftirmeler yapmaya devam ediyor. Zorlu Tekstil Grubu 2023 y\u0131l\u0131nda ayr\u0131ca \u0130lerleme Bildirim Raporunu (Communication on Progress CoP) UN Global Compact\u2019a iletmi\u015f bulunuyor.<\/p>","protected":false},"excerpt":{"rendered":"<p>Sorry, this entry is only available in Turkish. For the sake of viewer convenience, the content is shown below in the alternative language. You may click the link to switch the active language. Avrupa&#8217;n\u0131n en b\u00fcy\u00fck entegre polyester iplik \u00fcretim merkezi Korteks ve pamuklu ev tekstili ile polyester kuma\u015f sekt\u00f6r\u00fcnde lider \u00fcretici Zorluteks&#8217;i b\u00fcnyesinde bar\u0131nd\u0131ran [&hellip;]<\/p>\n","protected":false},"author":1,"featured_media":191683,"comment_status":"open","ping_status":"open","sticky":false,"template":"","format":"standard","meta":[],"categories":[53,52],"tags":[115118,9054,71392,101002,872,1096,115117,73079],"views":27,"_links":{"self":[{"href":"https:\/\/www.enerjigazetesi.ist\/en\/wp-json\/wp\/v2\/posts\/191681"}],"collection":[{"href":"https:\/\/www.enerjigazetesi.ist\/en\/wp-json\/wp\/v2\/posts"}],"about":[{"href":"https:\/\/www.enerjigazetesi.ist\/en\/wp-json\/wp\/v2\/types\/post"}],"author":[{"embeddable":true,"href":"https:\/\/www.enerjigazetesi.ist\/en\/wp-json\/wp\/v2\/users\/1"}],"replies":[{"embeddable":true,"href":"https:\/\/www.enerjigazetesi.ist\/en\/wp-json\/wp\/v2\/comments?post=191681"}],"version-history":[{"count":0,"href":"https:\/\/www.enerjigazetesi.ist\/en\/wp-json\/wp\/v2\/posts\/191681\/revisions"}],"wp:featuredmedia":[{"embeddable":true,"href":"https:\/\/www.enerjigazetesi.ist\/en\/wp-json\/wp\/v2\/media\/191683"}],"wp:attachment":[{"href":"https:\/\/www.enerjigazetesi.ist\/en\/wp-json\/wp\/v2\/media?parent=191681"}],"wp:term":[{"taxonomy":"category","embeddable":true,"href":"https:\/\/www.enerjigazetesi.ist\/en\/wp-json\/wp\/v2\/categories?post=191681"},{"taxonomy":"post_tag","embeddable":true,"href":"https:\/\/www.enerjigazetesi.ist\/en\/wp-json\/wp\/v2\/tags?post=191681"}],"curies":[{"name":"wp","href":"https:\/\/api.w.org\/{rel}","templated":true}]}}