{"id":191638,"date":"2024-09-12T16:26:30","date_gmt":"2024-09-12T13:26:30","guid":{"rendered":"https:\/\/www.enerjigazetesi.ist\/?p=191638"},"modified":"2024-09-12T16:26:30","modified_gmt":"2024-09-12T13:26:30","slug":"5inci-elektrikli-ve-hibrit-araclar-surus-haftasi-basliyor","status":"publish","type":"post","link":"https:\/\/www.enerjigazetesi.ist\/en\/5inci-elektrikli-ve-hibrit-araclar-surus-haftasi-basliyor\/","title":{"rendered":"(Turkish) 5&#8217;inci Elektrikli ve Hibrit Ara\u00e7lar S\u00fcr\u00fc\u015f Haftas\u0131 Ba\u015fl\u0131yor!"},"content":{"rendered":"<p class=\"qtranxs-available-languages-message qtranxs-available-languages-message-en\">Sorry, this entry is only available in <a href=\"https:\/\/www.enerjigazetesi.ist\/tr\/wp-json\/wp\/v2\/posts\/191638\" class=\"qtranxs-available-language-link qtranxs-available-language-link-tr\" title=\"Turkish\">Turkish<\/a>. For the sake of viewer convenience, the content is shown below in the alternative language. You may click the link to switch the active language.<\/p><p><\/p>\n<h2><strong>T\u00fcrkiye\u2019de ilk kez 2019 y\u0131l\u0131nda d\u00fczenlenen Elektrikli ve Hibrit S\u00fcr\u00fc\u015f Haftas\u0131\u2019n\u0131n be\u015fincisi, 14-15 Eyl\u00fcl 2024 tarihlerinde \u0130stanbul Autodrom yar\u0131\u015f pistinde ger\u00e7ekle\u015ftirilecek. Finans sponsorlu\u011funu Akbank, catering sponsorlu\u011funu Turkuaz Catering ve coffee-break sponsporlu\u011funu ise Voltify\u2019\u0131n \u00fcstlendi\u011fi etkinlik, T\u00fcrkiye Elektrikli ve Hibrid Ara\u00e7lar Derne\u011fi (TEHAD) deste\u011fiyle mobilite tutkunlar\u0131n\u0131 a\u011f\u0131rlayacak. Etkinlik kapsam\u0131nda otomobil, motosiklet ve teknoloji merakl\u0131lar\u0131 hafta sonu boyunca, elektrikli ara\u00e7lar\u0131 pist \u00fczerinde deneyimleme \u015fans\u0131 bulabilecek. Etkinlik kapsam\u0131nda Beefull, BMW, BMW Motorrad, E-Garaj, Honda, KIA, KYMCO, Lixhium, Maxus, MINI, MG, Opel, Piaggio, Renault, Silence, Suzuki ve Vespa gibi markalar\u0131n\u0131n en yeni modelleri test edilebilecek, \u00fcr\u00fcn ve hizmetleri incelenebilecek. T\u00fcrkiye\u2019nin ilk ve tek t\u00fcketici deneyim odakl\u0131 elektrikli s\u00fcr\u00fc\u015f etkinli\u011fi, halka a\u00e7\u0131k ve \u00fccretsiz olarak ger\u00e7ekle\u015ftirilecek.<\/strong><\/h2>\n<p style=\"text-align: center;\"><img loading=\"lazy\" class=\"aligncenter wp-image-191641\" src=\"https:\/\/www.enerjigazetesi.ist\/wp-content\/uploads\/2024\/09\/5inci-elektrikli-ve-hibrit-araclar-surus-haftasi-basliyor-1.jpg\" alt=\"\" width=\"500\" height=\"300\" srcset=\"https:\/\/www.enerjigazetesi.ist\/wp-content\/uploads\/2024\/09\/5inci-elektrikli-ve-hibrit-araclar-surus-haftasi-basliyor-1.jpg 550w, https:\/\/www.enerjigazetesi.ist\/wp-content\/uploads\/2024\/09\/5inci-elektrikli-ve-hibrit-araclar-surus-haftasi-basliyor-1-300x180.jpg 300w, https:\/\/www.enerjigazetesi.ist\/wp-content\/uploads\/2024\/09\/5inci-elektrikli-ve-hibrit-araclar-surus-haftasi-basliyor-1-500x300.jpg 500w, https:\/\/www.enerjigazetesi.ist\/wp-content\/uploads\/2024\/09\/5inci-elektrikli-ve-hibrit-araclar-surus-haftasi-basliyor-1-80x48.jpg 80w\" sizes=\"(max-width: 500px) 100vw, 500px\" \/><\/p>\n<p>T\u00fcrkiye Elektrikli ve Hibrid Ara\u00e7lar Derne\u011fi (TEHAD) ve Electric Hybrid Cars Dergisi taraf\u0131ndan bu y\u0131l be\u015fincisi d\u00fczenlenen Elektrikli ve Hibrit S\u00fcr\u00fc\u015f Haftas\u0131, 14-15 Eyl\u00fcl 2024 tarihleri aras\u0131nda \u0130stanbul Autodrom\u2019da ger\u00e7ekle\u015ftirilecek. T\u00fcrkiye\u2019de ilk kez 2019 y\u0131l\u0131nda d\u00fczenlenen etkinli\u011fin, bu y\u0131l finans sponsorlu\u011funu Akbank, catering sponsorlu\u011funu Turkuaz Catering ve coffee-break sponsorlu\u011funu ise Voltify ger\u00e7ekle\u015ftirecek. \u201cElektrikli ve Hibrit S\u00fcr\u00fc\u015f Haftas\u0131\u201dnda, aralar\u0131nda Beefull, BMW, BMW Motorrad, E-Garaj, Honda, KIA, KYMCO, Lixhium, Maxus, MINI, MG, Opel, Piaggio, Renault, Silence, Suzuki ve Vespa gibi sekt\u00f6r\u00fcn ba\u015f akt\u00f6rlerinin yer ald\u0131\u011f\u0131 markalar\u0131n, \u00e7evreci, sessiz ve teknoloji odakl\u0131 en yeni elektrikli ve hibrit modelleri de test edilebilecek.<\/p>\n<h3><strong>Etkinlikteki T\u00fcm Aktiviteler \u00dccretsiz<\/strong><\/h3>\n<p>Ge\u00e7ti\u011fimiz senelerde oldu\u011fu gibi 2024 y\u0131l\u0131nda da otomotiv, teknoloji, finans, mobilite markalar\u0131n\u0131n destekledi\u011fi etkinlikte, T\u00fcrkiye\u2019de pazara sunulan modellerden hen\u00fcz yollara \u00e7\u0131kmam\u0131\u015f modellere kadar, birbirinden \u00f6zel elektrikli ve hibrit ara\u00e7lar boy g\u00f6steriyor. Etkinlik kapsam\u0131nda, otomobil ve teknoloji merakl\u0131lar\u0131 bir hafta sonu boyunca elektrikli ara\u00e7lar\u0131 pist \u00fczerinde deneyimleme \u015fans\u0131 buluyor. Elektrikli ve Hibrit S\u00fcr\u00fc\u015f Haftas\u0131 kapsam\u0131ndaki t\u00fcm aktiviteler halka a\u00e7\u0131k ve \u00fccretsiz olarak ger\u00e7ekle\u015ftiriliyor. Ziyaret\u00e7iler kay\u0131tlar\u0131n\u0131 etkinlik alan\u0131nda veya <a href=\"http:\/\/elektriklisurushaftasi.com\/\" target=\"_blank\" rel=\"noopener\">elektriklisurushaftasi.com<\/a> web sitesi \u00fczerinden yapabilecekler.<\/p>","protected":false},"excerpt":{"rendered":"<p>Sorry, this entry is only available in Turkish. For the sake of viewer convenience, the content is shown below in the alternative language. You may click the link to switch the active language. T\u00fcrkiye\u2019de ilk kez 2019 y\u0131l\u0131nda d\u00fczenlenen Elektrikli ve Hibrit S\u00fcr\u00fc\u015f Haftas\u0131\u2019n\u0131n be\u015fincisi, 14-15 Eyl\u00fcl 2024 tarihlerinde \u0130stanbul Autodrom yar\u0131\u015f pistinde ger\u00e7ekle\u015ftirilecek. Finans [&hellip;]<\/p>\n","protected":false},"author":1,"featured_media":191640,"comment_status":"open","ping_status":"open","sticky":false,"template":"","format":"standard","meta":[],"categories":[51,53],"tags":[215,41064,4660,114289,115101,25930,25929],"views":31,"_links":{"self":[{"href":"https:\/\/www.enerjigazetesi.ist\/en\/wp-json\/wp\/v2\/posts\/191638"}],"collection":[{"href":"https:\/\/www.enerjigazetesi.ist\/en\/wp-json\/wp\/v2\/posts"}],"about":[{"href":"https:\/\/www.enerjigazetesi.ist\/en\/wp-json\/wp\/v2\/types\/post"}],"author":[{"embeddable":true,"href":"https:\/\/www.enerjigazetesi.ist\/en\/wp-json\/wp\/v2\/users\/1"}],"replies":[{"embeddable":true,"href":"https:\/\/www.enerjigazetesi.ist\/en\/wp-json\/wp\/v2\/comments?post=191638"}],"version-history":[{"count":0,"href":"https:\/\/www.enerjigazetesi.ist\/en\/wp-json\/wp\/v2\/posts\/191638\/revisions"}],"wp:featuredmedia":[{"embeddable":true,"href":"https:\/\/www.enerjigazetesi.ist\/en\/wp-json\/wp\/v2\/media\/191640"}],"wp:attachment":[{"href":"https:\/\/www.enerjigazetesi.ist\/en\/wp-json\/wp\/v2\/media?parent=191638"}],"wp:term":[{"taxonomy":"category","embeddable":true,"href":"https:\/\/www.enerjigazetesi.ist\/en\/wp-json\/wp\/v2\/categories?post=191638"},{"taxonomy":"post_tag","embeddable":true,"href":"https:\/\/www.enerjigazetesi.ist\/en\/wp-json\/wp\/v2\/tags?post=191638"}],"curies":[{"name":"wp","href":"https:\/\/api.w.org\/{rel}","templated":true}]}}