{"id":191628,"date":"2024-09-12T15:39:30","date_gmt":"2024-09-12T12:39:30","guid":{"rendered":"https:\/\/www.enerjigazetesi.ist\/?p=191628"},"modified":"2024-09-12T15:39:30","modified_gmt":"2024-09-12T12:39:30","slug":"oedas-yer-alti-ve-yer-ustu-kablolarini-gelismis-sistemlerle-kontrol-ediyor","status":"publish","type":"post","link":"https:\/\/www.enerjigazetesi.ist\/en\/oedas-yer-alti-ve-yer-ustu-kablolarini-gelismis-sistemlerle-kontrol-ediyor\/","title":{"rendered":"(Turkish) &#8217;OEDA\u015e&#8217; Yer Alt\u0131 ve Yer \u00dcst\u00fc Kablolar\u0131n\u0131 Geli\u015fmi\u015f Sistemlerle Kontrol Ediyor"},"content":{"rendered":"<p class=\"qtranxs-available-languages-message qtranxs-available-languages-message-en\">Sorry, this entry is only available in <a href=\"https:\/\/www.enerjigazetesi.ist\/tr\/wp-json\/wp\/v2\/posts\/191628\" class=\"qtranxs-available-language-link qtranxs-available-language-link-tr\" title=\"Turkish\">Turkish<\/a>. For the sake of viewer convenience, the content is shown below in the alternative language. You may click the link to switch the active language.<\/p><p><\/p>\n<h2><strong>Elektrik da\u011f\u0131t\u0131m \u015firketi OEDA\u015e, hizmet verdi\u011fi be\u015f ilde g\u00fcvenli ve s\u00fcrd\u00fcr\u00fclebilir enerji arz\u0131 sa\u011flamak \u00fczere teknolojiden yararlan\u0131yor. Yer alt\u0131ndaki ar\u0131zal\u0131 kablolar\u0131, kablo test ara\u00e7lar\u0131 ile tespit ederek gerekli \u00e7al\u0131\u015fmalar\u0131 yapan OEDA\u015e, y\u00fcksek gerilim hatt\u0131 kablolar\u0131ndaki zedelenmeleri veya zay\u0131f noktalar\u0131 ise VLF cihaz\u0131 kullanarak belirliyor.<\/strong><\/h2>\n<p style=\"text-align: center;\"><img loading=\"lazy\" class=\"aligncenter wp-image-191630\" src=\"https:\/\/www.enerjigazetesi.ist\/wp-content\/uploads\/2024\/09\/oedas-yer-alti-ve-yer-ustu-kablolarini-gelismis-sistemlerle-kontrol-ediyor.jpg\" alt=\"\" width=\"500\" height=\"334\" srcset=\"https:\/\/www.enerjigazetesi.ist\/wp-content\/uploads\/2024\/09\/oedas-yer-alti-ve-yer-ustu-kablolarini-gelismis-sistemlerle-kontrol-ediyor.jpg 550w, https:\/\/www.enerjigazetesi.ist\/wp-content\/uploads\/2024\/09\/oedas-yer-alti-ve-yer-ustu-kablolarini-gelismis-sistemlerle-kontrol-ediyor-300x200.jpg 300w, https:\/\/www.enerjigazetesi.ist\/wp-content\/uploads\/2024\/09\/oedas-yer-alti-ve-yer-ustu-kablolarini-gelismis-sistemlerle-kontrol-ediyor-500x334.jpg 500w, https:\/\/www.enerjigazetesi.ist\/wp-content\/uploads\/2024\/09\/oedas-yer-alti-ve-yer-ustu-kablolarini-gelismis-sistemlerle-kontrol-ediyor-75x50.jpg 75w, https:\/\/www.enerjigazetesi.ist\/wp-content\/uploads\/2024\/09\/oedas-yer-alti-ve-yer-ustu-kablolarini-gelismis-sistemlerle-kontrol-ediyor-450x300.jpg 450w\" sizes=\"(max-width: 500px) 100vw, 500px\" \/><\/p>\n<p>Afyonkarahisar, Bilecik, Eski\u015fehir, K\u00fctahya ve U\u015fak\u2019ta elektrik da\u011f\u0131t\u0131m hizmeti veren <strong>Osmangazi Elektrik Da\u011f\u0131t\u0131m A\u015e (OEDA\u015e)<\/strong>, ar\u0131za tespiti, bak\u0131m ve onar\u0131m \u00e7al\u0131\u015fmalar\u0131n\u0131 geli\u015fmi\u015f sistemler ile ger\u00e7ekle\u015ftiriyor. \u015eirket bu kapsamda yer alt\u0131ndaki ar\u0131zal\u0131 kablolar\u0131n kontrol\u00fcn\u00fc kablo test arac\u0131, y\u00fcksek gerilim hatlar\u0131ndaki kablolardaki hasar tespitini ise VLF cihaz\u0131 ile yap\u0131yor. <strong>OEDA\u015e Direkt\u00f6r\u00fc Muzaffer Yal\u00e7\u0131n<\/strong>, yer alt\u0131 ve yer \u00fcst\u00fcndeki kablolardaki ar\u0131za tespiti kulland\u0131klar\u0131 bu iki sistem hakk\u0131nda bilgi verdi.<\/p>\n<h3><strong>\u201cKablo Test Arac\u0131 Say\u0131m\u0131z\u0131 Art\u0131raca\u011f\u0131z\u201d<\/strong><\/h3>\n<div id=\"attachment_191631\" style=\"width: 510px\" class=\"wp-caption aligncenter\"><img aria-describedby=\"caption-attachment-191631\" loading=\"lazy\" class=\"wp-image-191631\" src=\"https:\/\/www.enerjigazetesi.ist\/wp-content\/uploads\/2024\/09\/oedas-yer-alti-ve-yer-ustu-kablolarini-gelismis-sistemlerle-kontrol-ediyor-1.jpg\" alt=\"\" width=\"500\" height=\"331\" srcset=\"https:\/\/www.enerjigazetesi.ist\/wp-content\/uploads\/2024\/09\/oedas-yer-alti-ve-yer-ustu-kablolarini-gelismis-sistemlerle-kontrol-ediyor-1.jpg 550w, https:\/\/www.enerjigazetesi.ist\/wp-content\/uploads\/2024\/09\/oedas-yer-alti-ve-yer-ustu-kablolarini-gelismis-sistemlerle-kontrol-ediyor-1-300x199.jpg 300w, https:\/\/www.enerjigazetesi.ist\/wp-content\/uploads\/2024\/09\/oedas-yer-alti-ve-yer-ustu-kablolarini-gelismis-sistemlerle-kontrol-ediyor-1-500x331.jpg 500w, https:\/\/www.enerjigazetesi.ist\/wp-content\/uploads\/2024\/09\/oedas-yer-alti-ve-yer-ustu-kablolarini-gelismis-sistemlerle-kontrol-ediyor-1-76x50.jpg 76w\" sizes=\"(max-width: 500px) 100vw, 500px\" \/><p id=\"caption-attachment-191631\" class=\"wp-caption-text\">OEDA\u015e Direkt\u00f6r\u00fc Muzaffer Yal\u00e7\u0131n<\/p><\/div>\n<p>Kablo test arac\u0131n\u0131n yer alt\u0131 kablolar\u0131n ar\u0131zalanmas\u0131 halinde ar\u0131zal\u0131 kablonun tespiti i\u00e7in kullan\u0131ld\u0131\u011f\u0131n\u0131 s\u00f6yleyen <strong>Yal\u00e7\u0131n,<\/strong> <em>\u201cY\u00fcksek gerilim kablolar\u0131ndan abone ve ayd\u0131nlatma hatt\u0131 kablolar\u0131na kadar yer alt\u0131 kablolar\u0131nda ya\u015fanabilen her t\u00fcrl\u00fc ar\u0131za tespitini bu ara\u00e7 ile yap\u0131yoruz. Envanterimizde her ilimizde birer adet olmak \u00fczere toplam be\u015f adet kablo test arac\u0131 bulunuyor. \u00d6n\u00fcm\u00fczdeki d\u00f6nemde Ar-Ge yayg\u0131nla\u015ft\u0131rma planlar\u0131m\u0131z dahilinde \u00fc\u00e7 yeni ara\u00e7 daha almay\u0131 planl\u0131yoruz.\u201d<\/em> dedi.<\/p>\n<h3><strong>\u201cVLF ile Kablolardaki Hasarlar\u0131 Ar\u0131zaya D\u00f6n\u00fc\u015fmeden Tespit Ediyoruz\u201d<\/strong><\/h3>\n<p>VLF cihaz\u0131n\u0131n kablo test arac\u0131ndan farkl\u0131 olarak y\u00fcksek gerilim hatlar\u0131nda kullan\u0131ld\u0131\u011f\u0131n\u0131 ve ar\u0131za olu\u015fmadan hasar tespiti yapmay\u0131 sa\u011flad\u0131\u011f\u0131n\u0131 ifade eden <strong>Yal\u00e7\u0131n<\/strong> \u015f\u00f6yle devam etti; <em>\u201cVLF cihaz\u0131, y\u00fcksek gerilim kablolar\u0131nda olu\u015fan zedelenmeleri ya da kablo ve \u00fczerinde bulunan eklerdeki zay\u0131f noktalar\u0131 ar\u0131zaya d\u00f6n\u00fc\u015fmeden tespit etmekte kullan\u0131l\u0131yor. Bu cihaz ile y\u00fcksek gerilim hatlar\u0131m\u0131zda bulunan ring \u015febekeleri periyodik olarak kontrol ediyor ve kablolar\u0131m\u0131zda ileride ar\u0131zaya sebep olabilecek zay\u0131f noktalar\u0131 belirliyoruz. Yakla\u015f\u0131k \u00fc\u00e7 y\u0131ld\u0131r kulland\u0131\u011f\u0131m\u0131z VLF cihaz\u0131 sayesinde y\u00fcksek gerilim kablolar\u0131m\u0131zda ya\u015fanan ar\u0131zalarda y\u00fczde 35\u2019lik bir iyile\u015fme sa\u011flad\u0131k.\u201d<\/em><\/p>\n<p><strong>Yal\u00e7\u0131n<\/strong>, ger\u00e7ekle\u015ftirdikleri teknolojik yat\u0131r\u0131mlar ile t\u00fcketicilerine g\u00fcvenli ve s\u00fcrd\u00fcr\u00fclebilir enerji arz\u0131 sa\u011flamay\u0131 hedeflediklerine vurgu yaparak, <em>\u201cTeknolojiyi yak\u0131ndan takip ederek \u015febekemizi daha da g\u00fc\u00e7lendirirken gelece\u011fin teknolojileriyle ak\u0131ll\u0131 \u015fehirlerimizin olu\u015fmas\u0131na da katk\u0131 sa\u011fl\u0131yoruz\u201d<\/em> diye konu\u015ftu.<\/p>","protected":false},"excerpt":{"rendered":"<p>Sorry, this entry is only available in Turkish. For the sake of viewer convenience, the content is shown below in the alternative language. You may click the link to switch the active language. Elektrik da\u011f\u0131t\u0131m \u015firketi OEDA\u015e, hizmet verdi\u011fi be\u015f ilde g\u00fcvenli ve s\u00fcrd\u00fcr\u00fclebilir enerji arz\u0131 sa\u011flamak \u00fczere teknolojiden yararlan\u0131yor. Yer alt\u0131ndaki ar\u0131zal\u0131 kablolar\u0131, kablo [&hellip;]<\/p>\n","protected":false},"author":1,"featured_media":191630,"comment_status":"open","ping_status":"open","sticky":false,"template":"","format":"standard","meta":[],"categories":[51,53],"tags":[15016,4546,115095,9749,7471,115097,115094,29502,115096],"views":25,"_links":{"self":[{"href":"https:\/\/www.enerjigazetesi.ist\/en\/wp-json\/wp\/v2\/posts\/191628"}],"collection":[{"href":"https:\/\/www.enerjigazetesi.ist\/en\/wp-json\/wp\/v2\/posts"}],"about":[{"href":"https:\/\/www.enerjigazetesi.ist\/en\/wp-json\/wp\/v2\/types\/post"}],"author":[{"embeddable":true,"href":"https:\/\/www.enerjigazetesi.ist\/en\/wp-json\/wp\/v2\/users\/1"}],"replies":[{"embeddable":true,"href":"https:\/\/www.enerjigazetesi.ist\/en\/wp-json\/wp\/v2\/comments?post=191628"}],"version-history":[{"count":0,"href":"https:\/\/www.enerjigazetesi.ist\/en\/wp-json\/wp\/v2\/posts\/191628\/revisions"}],"wp:featuredmedia":[{"embeddable":true,"href":"https:\/\/www.enerjigazetesi.ist\/en\/wp-json\/wp\/v2\/media\/191630"}],"wp:attachment":[{"href":"https:\/\/www.enerjigazetesi.ist\/en\/wp-json\/wp\/v2\/media?parent=191628"}],"wp:term":[{"taxonomy":"category","embeddable":true,"href":"https:\/\/www.enerjigazetesi.ist\/en\/wp-json\/wp\/v2\/categories?post=191628"},{"taxonomy":"post_tag","embeddable":true,"href":"https:\/\/www.enerjigazetesi.ist\/en\/wp-json\/wp\/v2\/tags?post=191628"}],"curies":[{"name":"wp","href":"https:\/\/api.w.org\/{rel}","templated":true}]}}