{"id":1916,"date":"2012-09-10T10:05:10","date_gmt":"2012-09-10T07:05:10","guid":{"rendered":"https:\/\/www.enerjigazetesi.ist\/?p=1916"},"modified":"2012-09-10T10:05:10","modified_gmt":"2012-09-10T07:05:10","slug":"turkiye-2019da-nukleer-enerji-uretecek","status":"publish","type":"post","link":"https:\/\/www.enerjigazetesi.ist\/en\/turkiye-2019da-nukleer-enerji-uretecek\/","title":{"rendered":"(Turkish) T\u00fcrkiye 2019&#8217;da N\u00fckleer Enerji \u00dcretecek"},"content":{"rendered":"<p class=\"qtranxs-available-languages-message qtranxs-available-languages-message-en\">Sorry, this entry is only available in <a href=\"https:\/\/www.enerjigazetesi.ist\/tr\/wp-json\/wp\/v2\/posts\/1916\" class=\"qtranxs-available-language-link qtranxs-available-language-link-tr\" title=\"Turkish\">Turkish<\/a>. For the sake of viewer convenience, the content is shown below in the alternative language. You may click the link to switch the active language.<\/p><p><strong>Enerji ve Tabii Kaynaklar Bakan\u0131 Taner Y\u0131ld\u0131z, &#8220;T\u00fcrkiye n\u00fckleer enerji konusunda kararl\u0131. 2023&#8217;e 3 santral hedefinde geri ad\u0131m yok&#8221; mesaj\u0131 verdi.<\/strong><\/p>\n<p><img loading=\"lazy\" class=\"alignleft size-medium wp-image-1917\" title=\"nukleer-enerji-uretimi-turkiye\" src=\"https:\/\/www.enerjigazetesi.ist\/wp-content\/uploads\/2012\/09\/nukleer-enerji-uretimi-turkiye-300x200.jpg\" alt=\"\" width=\"300\" height=\"200\" srcset=\"https:\/\/www.enerjigazetesi.ist\/wp-content\/uploads\/2012\/09\/nukleer-enerji-uretimi-turkiye-300x200.jpg 300w, https:\/\/www.enerjigazetesi.ist\/wp-content\/uploads\/2012\/09\/nukleer-enerji-uretimi-turkiye-74x50.jpg 74w, https:\/\/www.enerjigazetesi.ist\/wp-content\/uploads\/2012\/09\/nukleer-enerji-uretimi-turkiye.jpg 400w\" sizes=\"(max-width: 300px) 100vw, 300px\" \/>Akuyu&#8217;nun ard\u0131ndan Karadeniz&#8217;de ikinci d\u00f6rt \u00fcnitelik n\u00fckleer santral i\u00e7in m\u00fczakereler s\u00fcrerken, Enerji ve Tabii Kaynaklar Bakan\u0131 Taner Y\u0131ld\u0131z, &#8221; T\u00fcrkiye n\u00fckleer enerji konusunda kararl\u0131. 2023&#8217;e 3 santral hedefinde geri ad\u0131m yok&#8221; mesaj\u0131 verdi. Akkuyu NGS Elektrik \u00dcretim proje \u015firketinin kuruldu\u011funu ve \u00e7al\u0131\u015fmalara ba\u015flad\u0131\u011f\u0131n\u0131 an\u0131msatan Y\u0131ld\u0131z, &#8220;Sinop N\u00fckleer Santral Projesi&#8217;yle ilgili olarak Japonya , Kanada , \u00c7in ve G\u00fcney Kore ile g\u00f6r\u00fc\u015fmeler devam ediyor&#8221; yorumunu yapt\u0131. Y\u0131ld\u0131z, T\u00fcrkiye &#8216;nin 2019&#8217;da n\u00fckleer enerjiyi \u00fcretece\u011fini vurgulad\u0131.<\/p>\n<p>T\u00fcrkiye &#8216;nin 2023 y\u0131l\u0131nda elektrik enerjisi kurulu g\u00fcc\u00fcn\u00fcn 110 ila 130 bin megavat aras\u0131nda, t\u00fcketimin ise 500 milyar kilovatsaat olaca\u011f\u0131n\u0131 s\u00f6yleyen Enerji Bakan\u0131 Taner Y\u0131ld\u0131z, &#8221; T\u00fcrkiye &#8216;nin 500 milyar dolar ihracata, 2 trilyon dolar milli gelire ve d\u00fcnyan\u0131n ilk 10 ekonomisi aras\u0131na girmesi i\u00e7in s\u00fcrekli enerji \u00fcreten g\u00fc\u00e7 santrallerini kurmas\u0131 gerekir&#8221; dedi.<\/p>\n<p>Kaynak: <a href=\"http:\/\/www.radikal.com.tr\/Radikal.aspx?aType=RadikalDetayV3&amp;ArticleID=1097875&amp;CategoryID=80\" target=\"_blank\">Radikal<\/a><\/p>","protected":false},"excerpt":{"rendered":"<p>Sorry, this entry is only available in Turkish. For the sake of viewer convenience, the content is shown below in the alternative language. You may click the link to switch the active language.Enerji ve Tabii Kaynaklar Bakan\u0131 Taner Y\u0131ld\u0131z, &#8220;T\u00fcrkiye n\u00fckleer enerji konusunda kararl\u0131. 2023&#8217;e 3 santral hedefinde geri ad\u0131m yok&#8221; mesaj\u0131 verdi. Akuyu&#8217;nun ard\u0131ndan [&hellip;]<\/p>\n","protected":false},"author":1,"featured_media":1917,"comment_status":"open","ping_status":"open","sticky":false,"template":"","format":"standard","meta":[],"categories":[53,43],"tags":[67,21,509],"views":792,"_links":{"self":[{"href":"https:\/\/www.enerjigazetesi.ist\/en\/wp-json\/wp\/v2\/posts\/1916"}],"collection":[{"href":"https:\/\/www.enerjigazetesi.ist\/en\/wp-json\/wp\/v2\/posts"}],"about":[{"href":"https:\/\/www.enerjigazetesi.ist\/en\/wp-json\/wp\/v2\/types\/post"}],"author":[{"embeddable":true,"href":"https:\/\/www.enerjigazetesi.ist\/en\/wp-json\/wp\/v2\/users\/1"}],"replies":[{"embeddable":true,"href":"https:\/\/www.enerjigazetesi.ist\/en\/wp-json\/wp\/v2\/comments?post=1916"}],"version-history":[{"count":1,"href":"https:\/\/www.enerjigazetesi.ist\/en\/wp-json\/wp\/v2\/posts\/1916\/revisions"}],"predecessor-version":[{"id":1918,"href":"https:\/\/www.enerjigazetesi.ist\/en\/wp-json\/wp\/v2\/posts\/1916\/revisions\/1918"}],"wp:featuredmedia":[{"embeddable":true,"href":"https:\/\/www.enerjigazetesi.ist\/en\/wp-json\/wp\/v2\/media\/1917"}],"wp:attachment":[{"href":"https:\/\/www.enerjigazetesi.ist\/en\/wp-json\/wp\/v2\/media?parent=1916"}],"wp:term":[{"taxonomy":"category","embeddable":true,"href":"https:\/\/www.enerjigazetesi.ist\/en\/wp-json\/wp\/v2\/categories?post=1916"},{"taxonomy":"post_tag","embeddable":true,"href":"https:\/\/www.enerjigazetesi.ist\/en\/wp-json\/wp\/v2\/tags?post=1916"}],"curies":[{"name":"wp","href":"https:\/\/api.w.org\/{rel}","templated":true}]}}