{"id":191463,"date":"2024-09-06T15:46:07","date_gmt":"2024-09-06T12:46:07","guid":{"rendered":"https:\/\/www.enerjigazetesi.ist\/?p=191463"},"modified":"2024-09-06T15:46:07","modified_gmt":"2024-09-06T12:46:07","slug":"eksim-enerji-temiz-enerji-yatirimlarinda-yaban-hayatini-koruyor","status":"publish","type":"post","link":"https:\/\/www.enerjigazetesi.ist\/en\/eksim-enerji-temiz-enerji-yatirimlarinda-yaban-hayatini-koruyor\/","title":{"rendered":"(Turkish) &#8217;Eksim Enerji&#8217; Temiz Enerji Yat\u0131r\u0131mlar\u0131nda Yaban Hayat\u0131n\u0131 Koruyor"},"content":{"rendered":"<p class=\"qtranxs-available-languages-message qtranxs-available-languages-message-en\">Sorry, this entry is only available in <a href=\"https:\/\/www.enerjigazetesi.ist\/tr\/wp-json\/wp\/v2\/posts\/191463\" class=\"qtranxs-available-language-link qtranxs-available-language-link-tr\" title=\"Turkish\">Turkish<\/a>. For the sake of viewer convenience, the content is shown below in the alternative language. You may click the link to switch the active language.<\/p><p><\/p>\n<h2><strong>Eksim Enerji, Sakarya\u2019n\u0131n Geyve il\u00e7esinde yer alan r\u00fczgar enerjisi santralinde y\u0131l sonuna kadar devreye alaca\u011f\u0131 toplamda 14 yeni r\u00fczgar t\u00fcrbini i\u00e7in ba\u011f\u0131ms\u0131z kurum ve akademisyenlerce haz\u0131rlanm\u0131\u015f olan \u00c7ED takip raporunu payla\u015ft\u0131. Raporun sonu\u00e7lar\u0131na g\u00f6re, b\u00f6lgede yer alan 59 ku\u015f t\u00fcr\u00fcn\u00fcn zarar g\u00f6rmedi\u011fi ve da\u011f\u0131lmaya u\u011framad\u0131\u011f\u0131 tespit edildi. Konuyu de\u011ferlendiren Eksim Enerji CEO\u2019su Ark\u0131n Akbay, \u201cYaban hayat\u0131na ili\u015fkin bilimsel ara\u015ft\u0131rmalar neticesinde, gerekliyse r\u00fczgar t\u00fcrbinlerimizin yerle\u015fim noktalar\u0131n\u0131 optimize edebiliyoruz. T\u00fcrbin teknolojileri se\u00e7iminde birinci \u00f6nceli\u011fimiz ekosistemin dengesinin korunmas\u0131 ve \u00e7evre ve canl\u0131lar\u0131n zarar g\u00f6rmemesi\u201d dedi.<\/strong><\/h2>\n<h2 style=\"text-align: center;\"><strong><img loading=\"lazy\" class=\"aligncenter wp-image-191465\" src=\"https:\/\/www.enerjigazetesi.ist\/wp-content\/uploads\/2024\/09\/eksim-enerji-temiz-enerji-yatirimlarinda-yaban-hayatini-koruyor.jpg\" alt=\"\" width=\"500\" height=\"350\" srcset=\"https:\/\/www.enerjigazetesi.ist\/wp-content\/uploads\/2024\/09\/eksim-enerji-temiz-enerji-yatirimlarinda-yaban-hayatini-koruyor.jpg 550w, https:\/\/www.enerjigazetesi.ist\/wp-content\/uploads\/2024\/09\/eksim-enerji-temiz-enerji-yatirimlarinda-yaban-hayatini-koruyor-300x210.jpg 300w, https:\/\/www.enerjigazetesi.ist\/wp-content\/uploads\/2024\/09\/eksim-enerji-temiz-enerji-yatirimlarinda-yaban-hayatini-koruyor-500x350.jpg 500w, https:\/\/www.enerjigazetesi.ist\/wp-content\/uploads\/2024\/09\/eksim-enerji-temiz-enerji-yatirimlarinda-yaban-hayatini-koruyor-71x50.jpg 71w\" sizes=\"(max-width: 500px) 100vw, 500px\" \/>\u00a0<\/strong><\/h2>\n<p>\u00dclkemizin \u00f6nde gelen ye\u015fil enerji \u015firketlerinden Eksim Enerji, yenilenebilir kaynaklardan enerji \u00fcretimine y\u00f6nelik yapt\u0131\u011f\u0131 yat\u0131r\u0131mlarla s\u00fcrd\u00fcr\u00fclebilirlik taahh\u00fctlerini yerine getirmeye devam ediyor. T\u00fcrkiye genelinde 8 r\u00fczgar enerji santraline (RES) sahip olan ve Sakarya Geyve b\u00f6lgesinde toplam 14 adet her biri 7 MW g\u00fcc\u00fcnde Nordex N163 r\u00fczgar t\u00fcrbini daha kapasitesine kazand\u0131racak olan \u015firket, yat\u0131r\u0131mlar\u0131n\u0131 \u00e7evresel ve sosyal s\u00fcrd\u00fcr\u00fclebilirlik anlay\u0131\u015f\u0131yla devreye al\u0131yor.<\/p>\n<p>Yerle\u015fim yerlerinden uzak ve do\u011fal ya\u015fam\u0131 etkilemeyecek yerlerde santrallerini kuran Eksim Enerji, Sakarya Geyve b\u00f6lgesindeki yeni t\u00fcrbinlerin konumu i\u00e7in \u00f6\u011fretim \u00fcyesi akademisyen Leyla \u00d6zkan\u2019\u0131n y\u00f6netiminde, D\u00fczce \u00dcniversitesi taraf\u0131ndan haz\u0131rlanan ara\u015ft\u0131rma raporlar\u0131n\u0131 payla\u015ft\u0131. 2024 y\u0131l\u0131 \u0130lkbahar D\u00f6nemi Ornitolojik \u0130zleme ve Y\u0131rt\u0131c\u0131 Etkisi De\u011ferlendirme Raporu\u2019na g\u00f6re r\u00fczgar t\u00fcrbinlerinin alanda yaban hayat\u0131na y\u00f6nelik herhangi bir olumsuz etkinin olmad\u0131\u011f\u0131 belgelendi.<\/p>\n<h3><strong>B\u00f6lgede Ku\u015flar\u0131n G\u00f6\u00e7 Hareketlili\u011fi S\u0131n\u0131rl\u0131<\/strong><\/h3>\n<p>Raporun sonu\u00e7lar\u0131na g\u00f6re Eksim Enerji\u2019nin yat\u0131r\u0131m yapt\u0131\u011f\u0131 Sakarya Geyve b\u00f6lgesinde 59 ku\u015f t\u00fcr\u00fc g\u00f6zlemlendi. H\u00e2lihaz\u0131rda i\u015fletme halinde olan 11 t\u00fcrbin b\u00f6lgesinde ger\u00e7ekle\u015ftirilen ilkbahar d\u00f6nemi karkas (\u00f6l\u00fcm veya yaralanma) aramalar\u0131nda, kolizyona (\u00e7arp\u0131\u015fma) u\u011fram\u0131\u015f herhangi bir ku\u015f ve yarasa t\u00fcr\u00fcne rastlanmad\u0131. 15 g\u00fcnl\u00fck saha \u00e7al\u0131\u015fmalar\u0131ndan elde edilen bulgular sonucunda, Geyve RES sahas\u0131 \u00fczerinde ku\u015f g\u00f6\u00e7 hareketlili\u011finin \u00e7ok d\u00fc\u015f\u00fck yo\u011funluklu olmas\u0131 ve k\u0131s\u0131tl\u0131 say\u0131da lokal t\u00fcr bulunmas\u0131 kolizyon riskini azalt\u0131yor. \u00d6te yandan RES\u2019lerin \u015fehirden uzakta, y\u00fcksek rak\u0131mda yer almas\u0131ndan \u00f6t\u00fcr\u00fc herhangi bir sokak hayvan\u0131na zarar verilmedi\u011fi de uzmanlarca teyit edildi.<\/p>\n<h3><strong>\u201cYat\u0131r\u0131mlar\u0131m\u0131z\u0131 Bilimsel Ara\u015ft\u0131rmalar I\u015f\u0131\u011f\u0131nda Planl\u0131yoruz\u201d<\/strong><\/h3>\n<div id=\"attachment_191466\" style=\"width: 510px\" class=\"wp-caption aligncenter\"><img aria-describedby=\"caption-attachment-191466\" loading=\"lazy\" class=\"wp-image-191466\" src=\"https:\/\/www.enerjigazetesi.ist\/wp-content\/uploads\/2024\/09\/eksim-enerji-temiz-enerji-yatirimlarinda-yaban-hayatini-koruyor-1.jpg\" alt=\"\" width=\"500\" height=\"383\" srcset=\"https:\/\/www.enerjigazetesi.ist\/wp-content\/uploads\/2024\/09\/eksim-enerji-temiz-enerji-yatirimlarinda-yaban-hayatini-koruyor-1.jpg 550w, https:\/\/www.enerjigazetesi.ist\/wp-content\/uploads\/2024\/09\/eksim-enerji-temiz-enerji-yatirimlarinda-yaban-hayatini-koruyor-1-300x230.jpg 300w, https:\/\/www.enerjigazetesi.ist\/wp-content\/uploads\/2024\/09\/eksim-enerji-temiz-enerji-yatirimlarinda-yaban-hayatini-koruyor-1-500x383.jpg 500w, https:\/\/www.enerjigazetesi.ist\/wp-content\/uploads\/2024\/09\/eksim-enerji-temiz-enerji-yatirimlarinda-yaban-hayatini-koruyor-1-65x50.jpg 65w, https:\/\/www.enerjigazetesi.ist\/wp-content\/uploads\/2024\/09\/eksim-enerji-temiz-enerji-yatirimlarinda-yaban-hayatini-koruyor-1-260x200.jpg 260w\" sizes=\"(max-width: 500px) 100vw, 500px\" \/><p id=\"caption-attachment-191466\" class=\"wp-caption-text\">Eksim Enerji CEO\u2019su Ark\u0131n Akbay<\/p><\/div>\n<p>Konuyla ilgili de\u011ferlendirmelerde bulunan <strong>Eksim Enerji CEO\u2019su Ark\u0131n Akbay<\/strong>, yenilenebilir enerji yat\u0131r\u0131mlar\u0131n\u0131 planlarken \u00e7evresel s\u00fcrd\u00fcr\u00fclebilirli\u011fi g\u00f6zettiklerini belirterek, <em>\u201cB\u00f6lgede yer alan kurulu r\u00fczgar enerjisi santralimizde 3 r\u00fczgar t\u00fcrbini daha Enerji ve Tabii Kaynaklar Bakanl\u0131\u011f\u0131\u2019n\u0131n kabul\u00fc ile ticari i\u015fletmeye ge\u00e7i\u015f sa\u011flad\u0131. Y\u0131lsonuna kadar toplamda 14 t\u00fcrbinimizi \u00fclkemizin yenilenebilir enerji portf\u00f6y\u00fcne katmay\u0131 hedefliyoruz. Her yeni enerji yat\u0131r\u0131m\u0131m\u0131zda mevzuatlara uygun haz\u0131rlad\u0131\u011f\u0131m\u0131z raporlara ek olarak ba\u011f\u0131ms\u0131z kurulu\u015flardan g\u00f6r\u00fc\u015f almaya ve \u015feffafl\u0131k ilkemiz do\u011frultusunda kamuoyu ile payla\u015fmaya \u00f6zen g\u00f6steriyoruz. Yaban hayata ili\u015fkin yapt\u0131rd\u0131\u011f\u0131m\u0131z ara\u015ft\u0131rmalar ve saha \u00e7al\u0131\u015fmalar\u0131 neticesinde, r\u00fczgar t\u00fcrbinlerimizin yerle\u015fim noktalar\u0131n\u0131 optimize ediyoruz. \u00a0T\u00fcrbinlerimizin yerle\u015fim yerlerinden uzakta s\u0131k orman kimli\u011fi ta\u015f\u0131mayan r\u00fczgar kalitesi y\u00fcksek noktalarda kurulmas\u0131, tercih etti\u011fimiz teknolojiyle g\u00fcr\u00fclt\u00fc seviyelerinin canl\u0131 sa\u011fl\u0131\u011f\u0131na olumsuz etki etmeyecek d\u00fczeyde tutulmas\u0131, kaliteli topra\u011f\u0131n korunmas\u0131, orman yang\u0131nlar\u0131na kar\u015f\u0131 koruma yollar\u0131n\u0131n olu\u015fturularak riskin azalt\u0131lmas\u0131 ve dolay\u0131s\u0131yla habitat\u0131n korunmas\u0131 \u00f6nceliklerimizin ba\u015f\u0131nda geliyor.\u201d<\/em> ifadelerini kulland\u0131.<\/p>\n<h3><strong>Do\u011fay\u0131 Korurken Yerel Ekonomiye de Destek<\/strong><\/h3>\n<p>Yenilenebilir enerji yat\u0131r\u0131mlar\u0131n\u0131n karbon sal\u0131m\u0131n\u0131 azaltarak iklim de\u011fi\u015fikli\u011finin olumsuz etkilerini geriye d\u00f6nd\u00fcrmeye imk\u00e2n sundu\u011funun alt\u0131n\u0131 \u00e7izen Akbay, <em>\u201cR\u00fczgar enerjisi, fosil yak\u0131tlara k\u0131yasla s\u0131f\u0131ra yak\u0131n karbon sal\u0131n\u0131m\u0131 sa\u011fl\u0131yor. Eksim Enerji olarak bir \u00f6nceki y\u0131l 2 milyar kWh elektrik enerjisi \u00fcreterek yakla\u015f\u0131k 1.1 milyon ton karbon sal\u0131m\u0131n\u0131n \u00f6n\u00fcne ge\u00e7mi\u015ftik, 2024 y\u0131l\u0131nda \u00fcst\u00fcne ekleyerek hedeflerimize ula\u015fmaya devam ediyoruz. \u00dclkemizin \u201cNet S\u0131f\u0131r Karbon Sal\u0131m\u0131\u201d hedefine katk\u0131da bulunan yat\u0131r\u0131mlar\u0131m\u0131z s\u00fcrerken i\u015fletmelerimizin bulundu\u011fu b\u00f6lgelerdeki yerel ekonomiyi destekliyoruz. B\u00fcy\u00fcyen ekonomimizin elektrik talebi her ge\u00e7en g\u00fcn art\u0131yor, iletim ve da\u011f\u0131t\u0131m \u015febekemizin g\u00fcvenilir ve \u00e7evre dostu kaynaklarla g\u00fc\u00e7lendirilmesi gerekiyor. Yapt\u0131\u011f\u0131m\u0131z yat\u0131r\u0131mlarla \u00fclkemizin enerji ba\u011f\u0131ms\u0131zl\u0131\u011f\u0131na ve ekonomik elektrik enerjisine ula\u015fmas\u0131n\u0131n yan\u0131 s\u0131ra ve \u00e7al\u0131\u015fma arkada\u015flar\u0131m\u0131z\u0131 b\u00f6lgedeki yetkin \u00e7al\u0131\u015fanlardan se\u00e7iyor, b\u00f6lgelerdeki \u00fcniversite ve Meslek Y\u00fcksek Okullar\u0131ndan istihdama katk\u0131 sa\u011fl\u0131yoruz, \u00fclkemizin temiz enerji d\u00f6n\u00fc\u015f\u00fcm\u00fcne \u00f6nc\u00fcl\u00fck ediyoruz.\u201d<\/em> \u015feklinde konu\u015ftu.<\/p>","protected":false},"excerpt":{"rendered":"<p>Sorry, this entry is only available in Turkish. For the sake of viewer convenience, the content is shown below in the alternative language. You may click the link to switch the active language. Eksim Enerji, Sakarya\u2019n\u0131n Geyve il\u00e7esinde yer alan r\u00fczgar enerjisi santralinde y\u0131l sonuna kadar devreye alaca\u011f\u0131 toplamda 14 yeni r\u00fczgar t\u00fcrbini i\u00e7in ba\u011f\u0131ms\u0131z [&hellip;]<\/p>\n","protected":false},"author":1,"featured_media":191465,"comment_status":"open","ping_status":"open","sticky":false,"template":"","format":"standard","meta":[],"categories":[53,50],"tags":[97192,115043,474,231,115044],"views":31,"_links":{"self":[{"href":"https:\/\/www.enerjigazetesi.ist\/en\/wp-json\/wp\/v2\/posts\/191463"}],"collection":[{"href":"https:\/\/www.enerjigazetesi.ist\/en\/wp-json\/wp\/v2\/posts"}],"about":[{"href":"https:\/\/www.enerjigazetesi.ist\/en\/wp-json\/wp\/v2\/types\/post"}],"author":[{"embeddable":true,"href":"https:\/\/www.enerjigazetesi.ist\/en\/wp-json\/wp\/v2\/users\/1"}],"replies":[{"embeddable":true,"href":"https:\/\/www.enerjigazetesi.ist\/en\/wp-json\/wp\/v2\/comments?post=191463"}],"version-history":[{"count":0,"href":"https:\/\/www.enerjigazetesi.ist\/en\/wp-json\/wp\/v2\/posts\/191463\/revisions"}],"wp:featuredmedia":[{"embeddable":true,"href":"https:\/\/www.enerjigazetesi.ist\/en\/wp-json\/wp\/v2\/media\/191465"}],"wp:attachment":[{"href":"https:\/\/www.enerjigazetesi.ist\/en\/wp-json\/wp\/v2\/media?parent=191463"}],"wp:term":[{"taxonomy":"category","embeddable":true,"href":"https:\/\/www.enerjigazetesi.ist\/en\/wp-json\/wp\/v2\/categories?post=191463"},{"taxonomy":"post_tag","embeddable":true,"href":"https:\/\/www.enerjigazetesi.ist\/en\/wp-json\/wp\/v2\/tags?post=191463"}],"curies":[{"name":"wp","href":"https:\/\/api.w.org\/{rel}","templated":true}]}}