{"id":191458,"date":"2024-09-04T19:55:58","date_gmt":"2024-09-04T16:55:58","guid":{"rendered":"https:\/\/www.enerjigazetesi.ist\/?p=191458"},"modified":"2024-09-04T19:55:58","modified_gmt":"2024-09-04T16:55:58","slug":"ht-solar-yeni-nesil-gunes-panellerini-abd-de-gorucuye-cikaracak","status":"publish","type":"post","link":"https:\/\/www.enerjigazetesi.ist\/en\/ht-solar-yeni-nesil-gunes-panellerini-abd-de-gorucuye-cikaracak\/","title":{"rendered":"(Turkish) &#8217;HT Solar&#8217; Yeni Nesil G\u00fcne\u015f Panellerini ABD\u2019de G\u00f6r\u00fcc\u00fcye \u00c7\u0131karacak"},"content":{"rendered":"<p class=\"qtranxs-available-languages-message qtranxs-available-languages-message-en\">Sorry, this entry is only available in <a href=\"https:\/\/www.enerjigazetesi.ist\/tr\/wp-json\/wp\/v2\/posts\/191458\" class=\"qtranxs-available-language-link qtranxs-available-language-link-tr\" title=\"Turkish\">Turkish<\/a>. For the sake of viewer convenience, the content is shown below in the alternative language. You may click the link to switch the active language.<\/p><p><\/p>\n<h2><strong>T\u00fcrkiye<\/strong><strong>\u2019<\/strong><strong>nin\u00a0\u00f6nde gelen g\u00fcne\u015f paneli \u00fcreticilerinden HT Solar Enerji, Kuzey Amerika<\/strong><strong>\u2019<\/strong><strong>n\u0131n en b\u00fcy\u00fck g\u00fcne\u015f enerjisi fuar\u0131 RE+ 2024<\/strong><strong>\u2019<\/strong><strong>te son teknolojiye sahip panellerini sergileyerek yeni anla\u015fmalara imza atmay\u0131 hedefliyor.<\/strong><\/h2>\n<p style=\"text-align: center;\"><img loading=\"lazy\" class=\"aligncenter wp-image-191461\" src=\"https:\/\/www.enerjigazetesi.ist\/wp-content\/uploads\/2024\/09\/ht-solar-yeni-nesil-gunes-panellerini-abd-de-gorucuye-cikaracak.jpg\" alt=\"\" width=\"500\" height=\"356\" srcset=\"https:\/\/www.enerjigazetesi.ist\/wp-content\/uploads\/2024\/09\/ht-solar-yeni-nesil-gunes-panellerini-abd-de-gorucuye-cikaracak.jpg 550w, https:\/\/www.enerjigazetesi.ist\/wp-content\/uploads\/2024\/09\/ht-solar-yeni-nesil-gunes-panellerini-abd-de-gorucuye-cikaracak-300x214.jpg 300w, https:\/\/www.enerjigazetesi.ist\/wp-content\/uploads\/2024\/09\/ht-solar-yeni-nesil-gunes-panellerini-abd-de-gorucuye-cikaracak-500x356.jpg 500w, https:\/\/www.enerjigazetesi.ist\/wp-content\/uploads\/2024\/09\/ht-solar-yeni-nesil-gunes-panellerini-abd-de-gorucuye-cikaracak-70x50.jpg 70w\" sizes=\"(max-width: 500px) 100vw, 500px\" \/><\/p>\n<p>Yenilenebilir enerji sekt\u00f6r\u00fcn\u00fc bir araya getiren Kuzey Amerika\u2019n\u0131n alan\u0131nda en b\u00fcy\u00fck fuar\u0131 RE+ 2024, 9-12 Eyl\u00fcl tarihleri aras\u0131nda Amerika Birle\u015fik Devletleri (ABD)\u2019nin Kaliforniya eyaletinin Anaheim \u015fehrinde kap\u0131lar\u0131n\u0131 a\u00e7\u0131yor. Bu y\u0131l 20\u2019ncisi d\u00fczenlenecek RE+ 2024\u2019e deneyimli kadrosu ve son teknolojiye sahip \u00fcr\u00fcnleriyle kat\u0131lmaya haz\u0131rlanan HT Solar, fuarda yapaca\u011f\u0131 anla\u015fmalarla ihracat hacmini art\u0131rarak T\u00fcrkiye ekonomisine yapt\u0131\u011f\u0131 \u00f6nemli katk\u0131lar\u0131n\u0131 s\u00fcrd\u00fcrmeyi hedefliyor.<\/p>\n<h3><strong>HT Solar, Yeni A\u00e7aca\u011f\u0131 \u00dcretim Merkezlerini Tan\u0131tacak<\/strong><\/h3>\n<p>Y\u0131ll\u0131k 2 GW\u2019l\u0131k g\u00fcne\u015f paneli \u00fcretim kapasitesiyle ba\u015fta ABD ve Avrupa olmak \u00fczere bir\u00e7ok\u00a0\u00fclkeye T\u00fcrkiye\u2019de \u00fcretti\u011fi panelleri ihra\u00e7 eden HT Solar, Kuzey Amerika\u2019n\u0131n en kapsaml\u0131 yenilenebilir enerji etkinli\u011fine;\u00a0yeni nesil TOPCon g\u00fcne\u015f paneli ve g\u00fcne\u015f h\u00fccreleri ile kat\u0131lacak. HT Solar, partner firmas\u0131 Fellow Enerji ile geli\u015ftirdi\u011fi esnek paneli de RE+ 2024 arac\u0131l\u0131\u011f\u0131yla ilk kez ABD\u2019de sergileyecek. HT Solar, bu fuarda T\u00fcrkiye\u2019de a\u00e7may\u0131 planlad\u0131\u011f\u0131 TOPCon g\u00fcne\u015f h\u00fccresi \u00fcretim tesisinin ve ABD\u2019de kurmay\u0131 planlad\u0131\u011f\u0131 yeni panel \u00fcretim tesisinin de tan\u0131t\u0131m\u0131n\u0131 ger\u00e7ekle\u015ftirecek.<\/p>\n<div id=\"attachment_191460\" style=\"width: 510px\" class=\"wp-caption aligncenter\"><img aria-describedby=\"caption-attachment-191460\" loading=\"lazy\" class=\"wp-image-191460\" src=\"https:\/\/www.enerjigazetesi.ist\/wp-content\/uploads\/2024\/09\/emre-kulac.jpg\" alt=\"\" width=\"500\" height=\"393\" srcset=\"https:\/\/www.enerjigazetesi.ist\/wp-content\/uploads\/2024\/09\/emre-kulac.jpg 550w, https:\/\/www.enerjigazetesi.ist\/wp-content\/uploads\/2024\/09\/emre-kulac-300x236.jpg 300w, https:\/\/www.enerjigazetesi.ist\/wp-content\/uploads\/2024\/09\/emre-kulac-500x393.jpg 500w, https:\/\/www.enerjigazetesi.ist\/wp-content\/uploads\/2024\/09\/emre-kulac-64x50.jpg 64w\" sizes=\"(max-width: 500px) 100vw, 500px\" \/><p id=\"caption-attachment-191460\" class=\"wp-caption-text\">HT Solar Enerji Sat\u0131\u015f ve Pazarlama Direkt\u00f6r\u00fc Emre Kula\u00e7<\/p><\/div>\n<p><strong>HT Solar Enerji Sat\u0131\u015f ve Pazarlama Direkt\u00f6r\u00fc Emre Kula\u00e7<\/strong>, RE+ 2024 fuar\u0131na kat\u0131l\u0131mlar\u0131 ile ilgili yapt\u0131\u011f\u0131 a\u00e7\u0131klamada, ABD\u2019ye y\u0131lda 1 GW\u2019tan fazla g\u00fcne\u015f paneli ihra\u00e7 ettiklerini vurgulayarak \u015funlar\u0131 s\u00f6yledi:<\/p>\n<p><em>\u201cYenilenebilir enerjiye dayal\u0131 daha temiz bir gelece\u011fe katk\u0131 sunmak i\u00e7in 2016 y\u0131l\u0131ndan bu yana T\u00fcrkiye\u2019de \u00fcretti\u011fimiz g\u00fcne\u015f panellerini d\u00fcnyaya ihra\u00e7 ediyoruz. Bug\u00fcn T\u00fcrkiye\u2019de 2 GW ve d\u00fcnya genelinde ise 8 GW\u2019l\u0131k bir kurulu g\u00fcce ula\u015f\u0131rken y\u0131lda yakla\u015f\u0131k 400 milyon dolar\u0131 a\u015fan ihracat rakam\u0131m\u0131zla T\u00fcrkiye\u2019ye ekonomik anlamda katma de\u011fer kazand\u0131r\u0131yoruz. \u00a0Y\u0131llard\u0131r Bloomberg New Energy Finance taraf\u0131ndan g\u00fcne\u015f paneli \u00fcreticileri i\u00e7in haz\u0131rlanan prestijli TIER-1 listesinde yer alan bir firma olarak RE+ 2024\u2019te yapaca\u011f\u0131m\u0131z g\u00f6r\u00fc\u015fmelerle ihracat rakamlar\u0131m\u0131z\u0131 daha da art\u0131racak yeni i\u015f birlikleri ger\u00e7ekle\u015ftirmeyi hedefliyoruz. 2018 y\u0131l\u0131ndan beri globalde en iyi performans g\u00f6steren panel\u00a0\u00fcreticilerini belirleyen Kiwa PVEL Top Performans listesinde yer alarak \u00fcr\u00fcnlerimizin kalitesini kan\u0131tlarken, ge\u00e7ti\u011fimiz g\u00fcnlerde a\u00e7\u0131klanan 2024 listesinde de yedi testin hepsinden ba\u015far\u0131yla ge\u00e7en T\u00fcrkiye\u2019deki tek, d\u00fcnya \u00e7ap\u0131nda ise dokuz firmadan biri olmay\u0131 ba\u015fard\u0131k. Y\u00fcksek kalitesi ve verimlili\u011fi tescillenen panellerimizle m\u00fc\u015fterilerimizin ihtiya\u00e7lar\u0131n\u0131\u00a0en g\u00fcvenilir \u015fekilde kar\u015f\u0131lamay\u0131 s\u00fcrd\u00fcr\u00fcyoruz. Bu fuardan elde edece\u011fimiz verimli sonu\u00e7lar ile hem d\u00fcnyam\u0131z\u0131n gelece\u011fine hem de T\u00fcrkiye\u2019mizin ekonomisine can kataca\u011f\u0131z.\u201d<\/em><\/p>\n<p><strong>HT Solar Enerji Sat\u0131\u015f ve Pazarlama Direkt\u00f6r\u00fc Kula\u00e7,<\/strong> <em>\u201cRE+ 2024\u2019te ayr\u0131ca T\u00fcrkiye\u2019de ve ABD\u2019de kuraca\u011f\u0131m\u0131z yeni \u00fcretim tesislerinin de tan\u0131t\u0131m\u0131n\u0131 yapaca\u011f\u0131z. Yak\u0131nda faaliyete ge\u00e7ecek bu iki tesisimiz d\u00fcnyan\u0131n \u00f6nde gelen g\u00fcne\u015f paneli \u00fcreticileri aras\u0131nda konumumuzu daha da g\u00fc\u00e7lendirecek ve gelecek nesillere daha ya\u015fanabilir ve s\u00fcrd\u00fcr\u00fclebilir bir d\u00fcnya b\u0131rakma hedefimize bir ad\u0131m daha yakla\u015faca\u011f\u0131z\u201d<\/em> diye de ekledi.<\/p>\n<h3><strong>HT Solar, RE+ 2024<\/strong><strong>\u2019<\/strong><strong>te TOPCon ve Esnek Panel \u00c7\u00f6z\u00fcmlerini Sergiliyor<\/strong><\/h3>\n<p>HT Solar\u2019\u0131n RE+ 2024 fuar\u0131nda sergileyece\u011fi TOPCon teknolojisine sahip g\u00fcne\u015f panelleri, kullan\u0131c\u0131lara y\u00fcksek performansl\u0131 ve daha verimli enerji \u00fcretimi f\u0131rsat\u0131 sunuyor. \u00dcst d\u00fczey anti-PID \u00f6zelli\u011fi, \u00e7ift y\u00f6nl\u00fc enerji \u00fcretim performans\u0131, m\u00fckemmel d\u00fc\u015f\u00fck \u0131\u015f\u0131k performans\u0131 ve daha d\u00fc\u015f\u00fck g\u00fc\u00e7 kayb\u0131 gibi \u00f6zelliklere sahip TOPCon paneller g\u00fcn\u00fcm\u00fcz\u00fcn en ileri g\u00fcne\u015f paneli teknolojisi konumunda bulunuyor. \u00d6te yandan HT Solar, PERC panellere k\u0131yasla TOPCon g\u00fcne\u015f panellerinden y\u00fczde 2 daha fazla enerji \u00fcreterek yat\u0131r\u0131mc\u0131lar\u0131na daha fazla kazan\u00e7 sa\u011flama avantaj\u0131 sunuyor.<\/p>\n<p>Partner firmas\u0131 Fellow Enerji ile esnek panellerin T\u00fcrkiye\u2019de seri \u00fcretimini ba\u015flatan ilk firma unvan\u0131n\u0131 kazanan HT Solar, bu \u00fcr\u00fcn\u00fc\u00a0hem T\u00fcrkiye\u2019de hem de global pazarda sat\u0131\u015fa sunarak g\u00fcne\u015f panellerinin kullan\u0131m alanlar\u0131n\u0131 geni\u015fletiyor. Di\u011fer panellere g\u00f6re \u00e7ok daha hafif ve kurulumu kolay olan esnek paneller; ba\u015fta statik a\u00e7\u0131dan yetersiz \u00e7at\u0131lar ve membran \u00e7at\u0131lar olmak \u00fczere bungalov, karavan, tekne, yat, otob\u00fcs ve araba gibi platformlara y\u00f6nelik geli\u015ftirildi. HT Solar estetik g\u00f6r\u00fcnt\u00fcs\u00fc ile bir\u00e7ok \u015fekil ve y\u00fczeye uyum sa\u011flayan esnek panellerini, RE+ 2024 ile ilk kez Kuzey Amerika\u2019da sergileyecek.<\/p>","protected":false},"excerpt":{"rendered":"<p>Sorry, this entry is only available in Turkish. For the sake of viewer convenience, the content is shown below in the alternative language. You may click the link to switch the active language. T\u00fcrkiye\u2019nin\u00a0\u00f6nde gelen g\u00fcne\u015f paneli \u00fcreticilerinden HT Solar Enerji, Kuzey Amerika\u2019n\u0131n en b\u00fcy\u00fck g\u00fcne\u015f enerjisi fuar\u0131 RE+ 2024\u2019te son teknolojiye sahip panellerini sergileyerek [&hellip;]<\/p>\n","protected":false},"author":1,"featured_media":191461,"comment_status":"open","ping_status":"open","sticky":false,"template":"","format":"standard","meta":[],"categories":[53,49],"tags":[113654,24163,8255,33686,115042,115040,842,115041,114248,113234,110175,105],"views":43,"_links":{"self":[{"href":"https:\/\/www.enerjigazetesi.ist\/en\/wp-json\/wp\/v2\/posts\/191458"}],"collection":[{"href":"https:\/\/www.enerjigazetesi.ist\/en\/wp-json\/wp\/v2\/posts"}],"about":[{"href":"https:\/\/www.enerjigazetesi.ist\/en\/wp-json\/wp\/v2\/types\/post"}],"author":[{"embeddable":true,"href":"https:\/\/www.enerjigazetesi.ist\/en\/wp-json\/wp\/v2\/users\/1"}],"replies":[{"embeddable":true,"href":"https:\/\/www.enerjigazetesi.ist\/en\/wp-json\/wp\/v2\/comments?post=191458"}],"version-history":[{"count":0,"href":"https:\/\/www.enerjigazetesi.ist\/en\/wp-json\/wp\/v2\/posts\/191458\/revisions"}],"wp:featuredmedia":[{"embeddable":true,"href":"https:\/\/www.enerjigazetesi.ist\/en\/wp-json\/wp\/v2\/media\/191461"}],"wp:attachment":[{"href":"https:\/\/www.enerjigazetesi.ist\/en\/wp-json\/wp\/v2\/media?parent=191458"}],"wp:term":[{"taxonomy":"category","embeddable":true,"href":"https:\/\/www.enerjigazetesi.ist\/en\/wp-json\/wp\/v2\/categories?post=191458"},{"taxonomy":"post_tag","embeddable":true,"href":"https:\/\/www.enerjigazetesi.ist\/en\/wp-json\/wp\/v2\/tags?post=191458"}],"curies":[{"name":"wp","href":"https:\/\/api.w.org\/{rel}","templated":true}]}}