{"id":191445,"date":"2024-09-04T18:39:01","date_gmt":"2024-09-04T15:39:01","guid":{"rendered":"https:\/\/www.enerjigazetesi.ist\/?p=191445"},"modified":"2024-09-04T18:39:01","modified_gmt":"2024-09-04T15:39:01","slug":"ab-kibristaki-gunes-enerji-santrali-icin-toplumlar-arasi-uzlasi-bekliyor","status":"publish","type":"post","link":"https:\/\/www.enerjigazetesi.ist\/en\/ab-kibristaki-gunes-enerji-santrali-icin-toplumlar-arasi-uzlasi-bekliyor\/","title":{"rendered":"(Turkish) &#8217;AB&#8217; K\u0131br\u0131s\u2019taki G\u00fcne\u015f Enerji Santrali \u0130\u00e7in Toplumlar Aras\u0131 Uzla\u015f\u0131 Bekliyor"},"content":{"rendered":"<p class=\"qtranxs-available-languages-message qtranxs-available-languages-message-en\">Sorry, this entry is only available in <a href=\"https:\/\/www.enerjigazetesi.ist\/tr\/wp-json\/wp\/v2\/posts\/191445\" class=\"qtranxs-available-language-link qtranxs-available-language-link-tr\" title=\"Turkish\">Turkish<\/a>. For the sake of viewer convenience, the content is shown below in the alternative language. You may click the link to switch the active language.<\/p><p><\/p>\n<h2><strong>Avrupa Komisyonu, 2024 Y\u0131l\u0131 Eylem Program\u0131 \u00e7er\u00e7evesinde, K\u0131br\u0131s\u2019ta iki toplumun anla\u015fmas\u0131 durumunda, Ye\u015fil Mutabakat hedeflerine uygun olarak iki toplumlu bir g\u00fcne\u015f enerjisi santralinin in\u015fas\u0131 i\u00e7in fon ay\u0131rd\u0131\u011f\u0131n\u0131 a\u00e7\u0131klad\u0131.<\/strong><\/h2>\n<p style=\"text-align: center;\"><img loading=\"lazy\" class=\"aligncenter wp-image-191447\" src=\"https:\/\/www.enerjigazetesi.ist\/wp-content\/uploads\/2024\/09\/ab-kibristaki-gunes-enerji-santrali-icin-toplumlar-arasi-uzlasi-bekliyor.jpg\" alt=\"\" width=\"500\" height=\"373\" srcset=\"https:\/\/www.enerjigazetesi.ist\/wp-content\/uploads\/2024\/09\/ab-kibristaki-gunes-enerji-santrali-icin-toplumlar-arasi-uzlasi-bekliyor.jpg 550w, https:\/\/www.enerjigazetesi.ist\/wp-content\/uploads\/2024\/09\/ab-kibristaki-gunes-enerji-santrali-icin-toplumlar-arasi-uzlasi-bekliyor-300x224.jpg 300w, https:\/\/www.enerjigazetesi.ist\/wp-content\/uploads\/2024\/09\/ab-kibristaki-gunes-enerji-santrali-icin-toplumlar-arasi-uzlasi-bekliyor-500x373.jpg 500w, https:\/\/www.enerjigazetesi.ist\/wp-content\/uploads\/2024\/09\/ab-kibristaki-gunes-enerji-santrali-icin-toplumlar-arasi-uzlasi-bekliyor-67x50.jpg 67w\" sizes=\"(max-width: 500px) 100vw, 500px\" \/><\/p>\n<p>Avrupa Komisyonu\u2019nun K\u0131br\u0131s T\u00fcrk toplumuna y\u00f6nelik <strong>2024 Y\u0131ll\u0131k Eylem Program\u0131n\u0131<\/strong> kabul ederek, K\u0131br\u0131s\u2019\u0131n yeniden birle\u015fmesini kolayla\u015ft\u0131rmak ve toplumun sosyo-ekonomik geli\u015fimini desteklemek amac\u0131yla<strong> 39,5 milyon Euro<\/strong> tutar\u0131ndaki <strong>yeni AB fonunu tahsis etti\u011fi<\/strong> bildirildi.<\/p>\n<p>Avrupa Komisyonu K\u0131br\u0131s Temsilci\u011fi taraf\u0131ndan yap\u0131lan bas\u0131n a\u00e7\u0131klamas\u0131nda, 2024 Y\u0131l\u0131 Eylem Program\u0131 bug\u00fcn kabul edildi\u011fi belirtildi. A\u00e7\u0131klamada, s\u00f6z konusu yard\u0131m program\u0131yla, Men\u015fe \u0130smi Korumal\u0131 (PDO) \u00fcr\u00fcn Halloumi\/Hellim program\u0131 ve Ye\u015fil Hat ticaretinin art\u0131r\u0131lmas\u0131 gibi \u00f6nc\u00fc projelerin uygulanmas\u0131 i\u00e7in daha fazla destek sunuldu\u011fu kaydedildi.<\/p>\n<p>Men\u015fe \u0130smi Korumal\u0131 (PDO) \u00fcr\u00fcn Halloumi\/Hellim\u2019in, K\u0131br\u0131sl\u0131 Rum \u00fcreticilerin yan\u0131 s\u0131ra, K\u0131br\u0131sl\u0131 T\u00fcrk \u00fcreticilere de a\u00e7\u0131k olan ilk Men\u015fe \u0130smi Korumal\u0131 \u00fcr\u00fcn oldu\u011fu an\u0131msat\u0131ld\u0131. 2024 program\u0131 kapsam\u0131nda sa\u011flanan finansman\u0131n, K\u0131br\u0131sl\u0131 T\u00fcrk \u00fcreticilerin AB g\u0131da g\u00fcvenli\u011fi ve hayvan sa\u011fl\u0131\u011f\u0131 standartlar\u0131n\u0131 kar\u015f\u0131layarak \u00fcr\u00fcnlerini AB pazar\u0131na sunmalar\u0131n\u0131 destekleyece\u011fi aktar\u0131ld\u0131.<\/p>\n<p>A\u00e7\u0131klamada, s\u00fct \u00fcr\u00fcnleri ve tar\u0131msal g\u0131da sekt\u00f6rlerindeki payda\u015flar i\u00e7in haz\u0131rlanan hibe destek program\u0131n\u0131n, \u00fcreticilerin Ye\u015fil Hat \u00fczerinden PDO uyumlu Halloumi\/Hellim satabilmeleri i\u00e7in gerekli standartlar\u0131 kar\u015f\u0131lamalar\u0131na ve bu ticaretten fayda sa\u011flamalar\u0131na yard\u0131mc\u0131 olaca\u011f\u0131 belirtildi.<\/p>\n<h3><strong>\u0130K\u0130 TOPLUMUN ANLA\u015eMASI DURUMUNDA G\u00dcNE\u015e ENERJ\u0130S\u0130 SANTRAL\u0130<\/strong><\/h3>\n<p>Program\u0131n, iki toplumun anla\u015fmas\u0131 durumunda, AB\u2019nin Ye\u015fil Mutabakat hedeflerine uygun olarak iki toplumlu bir g\u00fcne\u015f enerjisi santralinin in\u015fas\u0131 i\u00e7in fon ay\u0131rd\u0131\u011f\u0131 da vurguland\u0131. Bu projenin, enerji verimlili\u011fi ve ye\u015fil elektrik \u00fcretimi konular\u0131nda iki toplum aras\u0131ndaki i\u015fbirli\u011fini g\u00fc\u00e7lendirece\u011fi ifade edildi.<\/p>\n<p>Program kapsam\u0131nda a\u015fa\u011f\u0131daki sekt\u00f6rlerle ilgili bilgiler de verildi:<em> \u201c\u00d6zel sekt\u00f6r\u00fcn geli\u015fimini desteklemek amac\u0131yla k\u00fc\u00e7\u00fck ve orta \u00f6l\u00e7ekli i\u015fletmelerin (KOB\u0130) ve giri\u015fimcilerin i\u015flerini b\u00fcy\u00fct\u00fcp sa\u011flamla\u015ft\u0131rmalar\u0131na y\u00f6nelik hibe imkanlar\u0131 ve teknik yard\u0131m sa\u011flanacakt\u0131r. E\u011fitim alan\u0131nda \u00f6\u011fretmenlerin ve e\u011fitimcilerin ya\u015fam boyu \u00f6\u011frenme ve \u00f6zel e\u011fitim alanlar\u0131ndaki becerilerini geli\u015ftirmeleri amac\u0131yla \u00f6zel destek ve laboratuvar ekipman\u0131 i\u00e7eren teknik yard\u0131m sunulacakt\u0131r. 2024 finansman d\u00f6neminde, iki toplumlu burs program\u0131n\u0131n desteklenmesi bir \u00f6ncelik olmaya devam edecektir. Bar\u0131\u015f odakl\u0131 Birle\u015fik D\u00fcnya Kolejleri\u2019nden (UWC) birinde Uluslararas\u0131 Bakalorya program\u0131na birlikte kat\u0131lacak K\u0131br\u0131sl\u0131 Rum ve K\u0131br\u0131sl\u0131 T\u00fcrk \u00f6\u011frencilere ortak destek sa\u011flanacakt\u0131r. Program ayn\u0131 zamanda, K\u0131br\u0131s T\u00fcrk ve K\u0131br\u0131s Rum toplumlar\u0131 aras\u0131nda g\u00fcven in\u015fa etmek amac\u0131yla K\u0131br\u0131s\u2019taki Kay\u0131p \u015eah\u0131slar Komitesi\u2019ne ve K\u0131br\u0131s\u2019\u0131n k\u00fclt\u00fcrel miras\u0131n\u0131n restorasyonuna y\u00f6nelik deste\u011fini s\u00fcrd\u00fcrecektir. Bu destek, uzla\u015f\u0131y\u0131 te\u015fvik etmeyi ve K\u0131br\u0131s\u2019\u0131n \u00e7e\u015fitli k\u00fclt\u00fcrlerine ve dinlerine olan sayg\u0131y\u0131 art\u0131rmay\u0131 hedeflemektedir.\u201d<\/em><\/p>\n<p>Kaynak:\u00a0<a href=\"https:\/\/bugunkibris.com\/2024\/09\/03\/ab-gunes-enerji-santrali-icin-toplumlar-arasi-uzlasi-bekliyor\/\" target=\"_blank\" rel=\"noopener\">Bug\u00fcn K\u0131br\u0131s<\/a><\/p>","protected":false},"excerpt":{"rendered":"<p>Sorry, this entry is only available in Turkish. For the sake of viewer convenience, the content is shown below in the alternative language. You may click the link to switch the active language. Avrupa Komisyonu, 2024 Y\u0131l\u0131 Eylem Program\u0131 \u00e7er\u00e7evesinde, K\u0131br\u0131s\u2019ta iki toplumun anla\u015fmas\u0131 durumunda, Ye\u015fil Mutabakat hedeflerine uygun olarak iki toplumlu bir g\u00fcne\u015f enerjisi [&hellip;]<\/p>\n","protected":false},"author":1,"featured_media":191447,"comment_status":"open","ping_status":"open","sticky":false,"template":"","format":"standard","meta":[],"categories":[53,49],"tags":[115036,2326,2569,115037,3754,92707],"views":34,"_links":{"self":[{"href":"https:\/\/www.enerjigazetesi.ist\/en\/wp-json\/wp\/v2\/posts\/191445"}],"collection":[{"href":"https:\/\/www.enerjigazetesi.ist\/en\/wp-json\/wp\/v2\/posts"}],"about":[{"href":"https:\/\/www.enerjigazetesi.ist\/en\/wp-json\/wp\/v2\/types\/post"}],"author":[{"embeddable":true,"href":"https:\/\/www.enerjigazetesi.ist\/en\/wp-json\/wp\/v2\/users\/1"}],"replies":[{"embeddable":true,"href":"https:\/\/www.enerjigazetesi.ist\/en\/wp-json\/wp\/v2\/comments?post=191445"}],"version-history":[{"count":0,"href":"https:\/\/www.enerjigazetesi.ist\/en\/wp-json\/wp\/v2\/posts\/191445\/revisions"}],"wp:featuredmedia":[{"embeddable":true,"href":"https:\/\/www.enerjigazetesi.ist\/en\/wp-json\/wp\/v2\/media\/191447"}],"wp:attachment":[{"href":"https:\/\/www.enerjigazetesi.ist\/en\/wp-json\/wp\/v2\/media?parent=191445"}],"wp:term":[{"taxonomy":"category","embeddable":true,"href":"https:\/\/www.enerjigazetesi.ist\/en\/wp-json\/wp\/v2\/categories?post=191445"},{"taxonomy":"post_tag","embeddable":true,"href":"https:\/\/www.enerjigazetesi.ist\/en\/wp-json\/wp\/v2\/tags?post=191445"}],"curies":[{"name":"wp","href":"https:\/\/api.w.org\/{rel}","templated":true}]}}