{"id":191433,"date":"2024-09-04T17:55:00","date_gmt":"2024-09-04T14:55:00","guid":{"rendered":"https:\/\/www.enerjigazetesi.ist\/?p=191433"},"modified":"2024-09-04T17:55:00","modified_gmt":"2024-09-04T14:55:00","slug":"sisecam-re-gunes-enerjisi-fuarina-katilacak","status":"publish","type":"post","link":"https:\/\/www.enerjigazetesi.ist\/en\/sisecam-re-gunes-enerjisi-fuarina-katilacak\/","title":{"rendered":"(Turkish) &#8217;\u015ei\u015fecam&#8217; RE+ G\u00fcne\u015f Enerjisi Fuar\u0131\u2019na Kat\u0131lacak"},"content":{"rendered":"<p class=\"qtranxs-available-languages-message qtranxs-available-languages-message-en\">Sorry, this entry is only available in <a href=\"https:\/\/www.enerjigazetesi.ist\/tr\/wp-json\/wp\/v2\/posts\/191433\" class=\"qtranxs-available-language-link qtranxs-available-language-link-tr\" title=\"Turkish\">Turkish<\/a>. For the sake of viewer convenience, the content is shown below in the alternative language. You may click the link to switch the active language.<\/p><p><\/p>\n<h2>Cam\u0131n t\u00fcm temel alanlar\u0131nda faaliyet g\u00f6steren tek global oyuncu olan \u015ei\u015fecam, Amerika Birle\u015fik Devletleri\u2019nde d\u00fczenlenecek RE+ G\u00fcne\u015f Enerjisi Fuar\u0131\u2019nda yerini alacak. \u015ei\u015fecam fuarda, g\u00fcne\u015f enerjisi sekt\u00f6r\u00fc i\u00e7in Sandy ve Prisma desenleriyle \u00fcretti\u011fi ve fotovoltaik mod\u00fcllerde kullan\u0131lan g\u00fcne\u015f enerjisi camlar\u0131n\u0131 sergileyecek.<\/h2>\n<p style=\"text-align: center;\"><img loading=\"lazy\" class=\"aligncenter wp-image-191435\" src=\"https:\/\/www.enerjigazetesi.ist\/wp-content\/uploads\/2024\/09\/sisecam-re-gunes-enerjisi-fuarina-katilacak.jpg\" alt=\"\" width=\"500\" height=\"416\" srcset=\"https:\/\/www.enerjigazetesi.ist\/wp-content\/uploads\/2024\/09\/sisecam-re-gunes-enerjisi-fuarina-katilacak.jpg 550w, https:\/\/www.enerjigazetesi.ist\/wp-content\/uploads\/2024\/09\/sisecam-re-gunes-enerjisi-fuarina-katilacak-300x250.jpg 300w, https:\/\/www.enerjigazetesi.ist\/wp-content\/uploads\/2024\/09\/sisecam-re-gunes-enerjisi-fuarina-katilacak-480x400.jpg 480w, https:\/\/www.enerjigazetesi.ist\/wp-content\/uploads\/2024\/09\/sisecam-re-gunes-enerjisi-fuarina-katilacak-60x50.jpg 60w, https:\/\/www.enerjigazetesi.ist\/wp-content\/uploads\/2024\/09\/sisecam-re-gunes-enerjisi-fuarina-katilacak-500x416.jpg 500w\" sizes=\"(max-width: 500px) 100vw, 500px\" \/><\/p>\n<p>Sekt\u00f6r profesyonellerini bir araya getirecek olan fuarda, \u015ei\u015fecam d\u00f6rt g\u00fcn boyunca g\u00fcne\u015f enerjisi camlar\u0131n\u0131 sergileyip, stand\u0131nda g\u00fcne\u015f enerjisi camlar\u0131yla ilgili yeni teknolojiler ve trendler hakk\u0131nda ziyaret\u00e7ilere bilgi verecek.<\/p>\n<p>G\u00fcne\u015f enerjisi camlar\u0131n\u0131n y\u00fczeylerine uygulanan \u00f6zel Anti-Reflektif kaplama, ge\u00e7irgenli\u011fi art\u0131r\u0131rken \u0131\u015f\u0131k yans\u0131malar\u0131n\u0131 en aza indiriyor. Bu da g\u00fcne\u015f panellerinde performans art\u0131\u015f\u0131 ve y\u00fcksek verimlilik sa\u011fl\u0131yor. Ayr\u0131ca g\u00fcne\u015f paneli camlar\u0131n\u0131n temperlenmesi mukavemeti art\u0131r\u0131yor ve g\u00fcne\u015f panellerini \u00e7evresel ko\u015fullara kar\u015f\u0131 koruyor.<\/p>","protected":false},"excerpt":{"rendered":"<p>Sorry, this entry is only available in Turkish. For the sake of viewer convenience, the content is shown below in the alternative language. You may click the link to switch the active language. Cam\u0131n t\u00fcm temel alanlar\u0131nda faaliyet g\u00f6steren tek global oyuncu olan \u015ei\u015fecam, Amerika Birle\u015fik Devletleri\u2019nde d\u00fczenlenecek RE+ G\u00fcne\u015f Enerjisi Fuar\u0131\u2019nda yerini alacak. \u015ei\u015fecam [&hellip;]<\/p>\n","protected":false},"author":1,"featured_media":191435,"comment_status":"open","ping_status":"open","sticky":false,"template":"","format":"standard","meta":[],"categories":[53,49],"tags":[49205,2206,115033,32733],"views":36,"_links":{"self":[{"href":"https:\/\/www.enerjigazetesi.ist\/en\/wp-json\/wp\/v2\/posts\/191433"}],"collection":[{"href":"https:\/\/www.enerjigazetesi.ist\/en\/wp-json\/wp\/v2\/posts"}],"about":[{"href":"https:\/\/www.enerjigazetesi.ist\/en\/wp-json\/wp\/v2\/types\/post"}],"author":[{"embeddable":true,"href":"https:\/\/www.enerjigazetesi.ist\/en\/wp-json\/wp\/v2\/users\/1"}],"replies":[{"embeddable":true,"href":"https:\/\/www.enerjigazetesi.ist\/en\/wp-json\/wp\/v2\/comments?post=191433"}],"version-history":[{"count":0,"href":"https:\/\/www.enerjigazetesi.ist\/en\/wp-json\/wp\/v2\/posts\/191433\/revisions"}],"wp:featuredmedia":[{"embeddable":true,"href":"https:\/\/www.enerjigazetesi.ist\/en\/wp-json\/wp\/v2\/media\/191435"}],"wp:attachment":[{"href":"https:\/\/www.enerjigazetesi.ist\/en\/wp-json\/wp\/v2\/media?parent=191433"}],"wp:term":[{"taxonomy":"category","embeddable":true,"href":"https:\/\/www.enerjigazetesi.ist\/en\/wp-json\/wp\/v2\/categories?post=191433"},{"taxonomy":"post_tag","embeddable":true,"href":"https:\/\/www.enerjigazetesi.ist\/en\/wp-json\/wp\/v2\/tags?post=191433"}],"curies":[{"name":"wp","href":"https:\/\/api.w.org\/{rel}","templated":true}]}}