{"id":19143,"date":"2013-12-11T11:07:37","date_gmt":"2013-12-11T08:07:37","guid":{"rendered":"https:\/\/www.enerjigazetesi.ist\/?p=19143"},"modified":"2013-12-11T11:07:57","modified_gmt":"2013-12-11T08:07:57","slug":"opecin-petrol-uretimi-son-iki-senenin-en-dusuk-seviyesine-geriledi","status":"publish","type":"post","link":"https:\/\/www.enerjigazetesi.ist\/en\/opecin-petrol-uretimi-son-iki-senenin-en-dusuk-seviyesine-geriledi\/","title":{"rendered":"(Turkish) OPEC\u2019in Petrol \u00dcretimi Son \u0130ki Senenin En D\u00fc\u015f\u00fck Seviyesine Geriledi&#8230;"},"content":{"rendered":"<p class=\"qtranxs-available-languages-message qtranxs-available-languages-message-en\">Sorry, this entry is only available in <a href=\"https:\/\/www.enerjigazetesi.ist\/tr\/wp-json\/wp\/v2\/posts\/19143\" class=\"qtranxs-available-language-link qtranxs-available-language-link-tr\" title=\"Turkish\">Turkish<\/a>. For the sake of viewer convenience, the content is shown below in the alternative language. You may click the link to switch the active language.<\/p><p><strong>Suudi Arabistan\u2019\u0131n \u00fcretimi azaltmas\u0131yla, OPEC\u2019in \u00fcretimi son iki senenin en d\u00fc\u015f\u00fck seviyesine geriledi. Petrol \u0130hra\u00e7 Eden \u00dclkeler \u00d6rg\u00fct\u00fc\u2019n\u00fcn (OPEC) ham petrol \u00fcretimi Kas\u0131m\u2019da son 2 senenin en d\u00fc\u015f\u00fck seviyesine gerilemesiyle, \u00f6rg\u00fct\u00fcn \u00fcretiminin 30 milyon varil tavan\u0131n\u0131n alt\u0131na d\u00fc\u015f\u00fc\u015f\u00fcn\u00fcn 3. ay\u0131na girilmi\u015f oldu.<\/strong><\/p>\n<p>OPEC verilerine g\u00f6re, \u00f6rg\u00fct Ekim\u2019de 29.83 milyon varil ham petrol \u00fcretirken, Kas\u0131m\u2019da May\u0131s 2011\u2032den beri <a href=\"https:\/\/www.enerjigazetesi.ist\/wp-content\/uploads\/2013\/12\/opecin-petrol-uretimi-son-iki-senenin-en-dusuk-seviyesine-geriledi.jpg\"><img loading=\"lazy\" class=\"alignright size-medium wp-image-19144\" title=\"opecin-petrol-uretimi-son-iki-senenin-en-dusuk-seviyesine-geriledi\" src=\"https:\/\/www.enerjigazetesi.ist\/wp-content\/uploads\/2013\/12\/opecin-petrol-uretimi-son-iki-senenin-en-dusuk-seviyesine-geriledi-300x205.jpg\" alt=\"\" width=\"300\" height=\"205\" srcset=\"https:\/\/www.enerjigazetesi.ist\/wp-content\/uploads\/2013\/12\/opecin-petrol-uretimi-son-iki-senenin-en-dusuk-seviyesine-geriledi-300x205.jpg 300w, https:\/\/www.enerjigazetesi.ist\/wp-content\/uploads\/2013\/12\/opecin-petrol-uretimi-son-iki-senenin-en-dusuk-seviyesine-geriledi-73x50.jpg 73w, https:\/\/www.enerjigazetesi.ist\/wp-content\/uploads\/2013\/12\/opecin-petrol-uretimi-son-iki-senenin-en-dusuk-seviyesine-geriledi.jpg 465w\" sizes=\"(max-width: 300px) 100vw, 300px\" \/><\/a>en d\u00fc\u015f\u00fck seviye olan 29.63 milyon varil \u00fcretti. Suudi Arabistan Petrol Bakan\u0131 Ali al-Naimi\u2019ye g\u00f6re \u00fcyelerin \u201cmemnun olmas\u0131ndan\u201d dolay\u0131, \u00f6rg\u00fct, Viyana\u2019daki 4 Aral\u0131k toplant\u0131s\u0131nda 30 milyonluk \u00fcretim limitini ayn\u0131 tutma karar\u0131 ald\u0131.<\/p>\n<p>OPEC bug\u00fcn, \u201c\u00dcye \u00fclkeler bu karar\u0131 alarak, d\u00fczenli ve dengeli petrol piyasas\u0131 \u00fczerinde olumsuz etki yaratabilecek beklenmedik olaylara kar\u015f\u0131 h\u0131zl\u0131ca cevap vermedeki kararl\u0131l\u0131klar\u0131n\u0131 tekrar g\u00f6sterdiler,\u201d diye a\u00e7\u0131klad\u0131.<\/p>\n<p>BNP Paribas SA, Citigroup Inc. ve Deutsche Bank AG analistleri, Suudi Arabistan ba\u015fta olmak \u00fczere baz\u0131 OPEC \u00fcyelerinin k\u00fcresel arz fazlal\u0131\u011f\u0131n\u0131 \u00f6nlemek i\u00e7in muhtemelen \u00fcretimi d\u00fc\u015f\u00fcrmek zorunda kalacaklar\u0131n\u0131 tahmin ediyorlar. ABD son 25 y\u0131l\u0131n en \u00e7ok petrol\u00fcn\u00fc \u00fcretirken, Irak, Libya ve \u0130ran gelecek aylarda petrol ihracatlar\u0131n\u0131 artt\u0131rmay\u0131 planlad\u0131klar\u0131n\u0131 belirttiler.<\/p>\n<p>Verilere g\u00f6re, OPEC\u2019in en b\u00fcy\u00fck \u00fcreticisi Suudi Arabistan\u2019daki \u00fcretim, Ekim\u2019deki g\u00fcnl\u00fck 9.71 milyon varilden bu ay, be\u015f ay\u0131n en d\u00fc\u015f\u00fck seviyesi olan 9.63 milyon varile geriledi. \u00dcretim Libya, Nijerya, Birle\u015fik Arap Emirlikleri, Cezayir ve Kuveyt\u2019de d\u00fc\u015ferken, Irak, \u0130ran ve Angola\u2019da arz artt\u0131.<\/p>\n<p>Kaynak: <a href=\"http:\/\/enerjienstitusu.com\/2013\/12\/11\/opecin-petrol-uretimi-son-iki-senenin-en-dusuk-seviyesine-geriledi\/\" target=\"_blank\">Enerji Enstit\u00fcs\u00fc<\/a><\/p>","protected":false},"excerpt":{"rendered":"<p>Sorry, this entry is only available in Turkish. For the sake of viewer convenience, the content is shown below in the alternative language. You may click the link to switch the active language.Suudi Arabistan\u2019\u0131n \u00fcretimi azaltmas\u0131yla, OPEC\u2019in \u00fcretimi son iki senenin en d\u00fc\u015f\u00fck seviyesine geriledi. Petrol \u0130hra\u00e7 Eden \u00dclkeler \u00d6rg\u00fct\u00fc\u2019n\u00fcn (OPEC) ham petrol \u00fcretimi Kas\u0131m\u2019da [&hellip;]<\/p>\n","protected":false},"author":1,"featured_media":19144,"comment_status":"open","ping_status":"open","sticky":false,"template":"","format":"standard","meta":[],"categories":[53,44],"tags":[1198,9287,63,67,1009,165,3380,1333,945,9207,1377,59,79,6790,11132,887,1369,1463,11131],"views":477,"_links":{"self":[{"href":"https:\/\/www.enerjigazetesi.ist\/en\/wp-json\/wp\/v2\/posts\/19143"}],"collection":[{"href":"https:\/\/www.enerjigazetesi.ist\/en\/wp-json\/wp\/v2\/posts"}],"about":[{"href":"https:\/\/www.enerjigazetesi.ist\/en\/wp-json\/wp\/v2\/types\/post"}],"author":[{"embeddable":true,"href":"https:\/\/www.enerjigazetesi.ist\/en\/wp-json\/wp\/v2\/users\/1"}],"replies":[{"embeddable":true,"href":"https:\/\/www.enerjigazetesi.ist\/en\/wp-json\/wp\/v2\/comments?post=19143"}],"version-history":[{"count":2,"href":"https:\/\/www.enerjigazetesi.ist\/en\/wp-json\/wp\/v2\/posts\/19143\/revisions"}],"predecessor-version":[{"id":19146,"href":"https:\/\/www.enerjigazetesi.ist\/en\/wp-json\/wp\/v2\/posts\/19143\/revisions\/19146"}],"wp:featuredmedia":[{"embeddable":true,"href":"https:\/\/www.enerjigazetesi.ist\/en\/wp-json\/wp\/v2\/media\/19144"}],"wp:attachment":[{"href":"https:\/\/www.enerjigazetesi.ist\/en\/wp-json\/wp\/v2\/media?parent=19143"}],"wp:term":[{"taxonomy":"category","embeddable":true,"href":"https:\/\/www.enerjigazetesi.ist\/en\/wp-json\/wp\/v2\/categories?post=19143"},{"taxonomy":"post_tag","embeddable":true,"href":"https:\/\/www.enerjigazetesi.ist\/en\/wp-json\/wp\/v2\/tags?post=19143"}],"curies":[{"name":"wp","href":"https:\/\/api.w.org\/{rel}","templated":true}]}}