{"id":191424,"date":"2024-09-04T17:09:43","date_gmt":"2024-09-04T14:09:43","guid":{"rendered":"https:\/\/www.enerjigazetesi.ist\/?p=191424"},"modified":"2024-09-04T17:09:43","modified_gmt":"2024-09-04T14:09:43","slug":"uedas-2023-yili-surdurulebilirlik-raporunu-yayimladi","status":"publish","type":"post","link":"https:\/\/www.enerjigazetesi.ist\/en\/uedas-2023-yili-surdurulebilirlik-raporunu-yayimladi\/","title":{"rendered":"(Turkish) &#8217;UEDA\u015e&#8217; 2023 Y\u0131l\u0131 S\u00fcrd\u00fcr\u00fclebilirlik Raporunu Yay\u0131mlad\u0131"},"content":{"rendered":"<p class=\"qtranxs-available-languages-message qtranxs-available-languages-message-en\">Sorry, this entry is only available in <a href=\"https:\/\/www.enerjigazetesi.ist\/tr\/wp-json\/wp\/v2\/posts\/191424\" class=\"qtranxs-available-language-link qtranxs-available-language-link-tr\" title=\"Turkish\">Turkish<\/a>. For the sake of viewer convenience, the content is shown below in the alternative language. You may click the link to switch the active language.<\/p><p><\/p>\n<h2><strong>Bursa, Bal\u0131kesir, \u00c7anakkale ve Yalova\u2019da 5 milyonun \u00fczerinde n\u00fcfusa kesintisiz enerji sa\u011flayan UEDA\u015e (Uluda\u011f Elektrik Da\u011f\u0131t\u0131m), 2023 y\u0131l\u0131na ait \u00e7evresel, sosyal ve y\u00f6neti\u015fim performans\u0131n\u0131 i\u00e7eren ilk s\u00fcrd\u00fcr\u00fclebilirlik raporunu yay\u0131mlad\u0131.\u00a0 \u015eirketin hedefleri do\u011frultusunda kaydedilen \u00f6nemli geli\u015fmelerin sonu\u00e7lar\u0131n\u0131 i\u00e7eren raporda, UEDA\u015e\u2019\u0131n 2023 y\u0131l\u0131nda \u00f6zellikle \u0130\u015f Sa\u011fl\u0131\u011f\u0131 ve G\u00fcvenli\u011fi alan\u0131na verdi\u011fi \u00f6nemle yapt\u0131\u011f\u0131 saha uygulamalar\u0131 ile toplumsal yat\u0131r\u0131m projeleri \u00e7al\u0131\u015fmalar\u0131nda g\u00f6sterdi\u011fi hassasiyete dikkat \u00e7ekildi.<\/strong><\/h2>\n<div id=\"attachment_191426\" style=\"width: 510px\" class=\"wp-caption aligncenter\"><img aria-describedby=\"caption-attachment-191426\" loading=\"lazy\" class=\"wp-image-191426\" src=\"https:\/\/www.enerjigazetesi.ist\/wp-content\/uploads\/2024\/09\/uedas-2023-yili-surdurulebilirlik-raporunu-yayimladi.jpg\" alt=\"\" width=\"500\" height=\"368\" srcset=\"https:\/\/www.enerjigazetesi.ist\/wp-content\/uploads\/2024\/09\/uedas-2023-yili-surdurulebilirlik-raporunu-yayimladi.jpg 550w, https:\/\/www.enerjigazetesi.ist\/wp-content\/uploads\/2024\/09\/uedas-2023-yili-surdurulebilirlik-raporunu-yayimladi-300x221.jpg 300w, https:\/\/www.enerjigazetesi.ist\/wp-content\/uploads\/2024\/09\/uedas-2023-yili-surdurulebilirlik-raporunu-yayimladi-500x368.jpg 500w, https:\/\/www.enerjigazetesi.ist\/wp-content\/uploads\/2024\/09\/uedas-2023-yili-surdurulebilirlik-raporunu-yayimladi-68x50.jpg 68w\" sizes=\"(max-width: 500px) 100vw, 500px\" \/><p id=\"caption-attachment-191426\" class=\"wp-caption-text\">UEDA\u015e Genel M\u00fcd\u00fcr\u00fc G\u00f6kay Fatih Danac\u0131<\/p><\/div>\n<p>&#8220;Hayat\u0131n her yerinde&#8221; slogan\u0131yla elektrik da\u011f\u0131t\u0131m sekt\u00f6r\u00fcnde \u00f6nc\u00fc olan UEDA\u015e, ilk s\u00fcrd\u00fcr\u00fclebilirlik raporunu yay\u0131mlad\u0131. Rapor, UEDA\u015e\u2019\u0131n Birle\u015fmi\u015f Milletler Global Compact \u00fcyeli\u011fi \u00e7er\u00e7evesinde s\u00fcrd\u00fcr\u00fclebilirlik hedeflerine ula\u015fma yolunda kaydetti\u011fi \u00f6nemli ilerlemeleri g\u00f6zler \u00f6n\u00fcne seriyor. \u015eirket, enerji verimlili\u011fi, yenilenebilir enerji kaynaklar\u0131n\u0131n entegrasyonu ve \u00e7evresel etkilerin azalt\u0131lmas\u0131 gibi konularda ger\u00e7ekle\u015ftirdi\u011fi yat\u0131r\u0131mlar ve projelerle sekt\u00f6rde \u00f6rnek te\u015fkil ediyor. Ayr\u0131ca, toplumsal yat\u0131r\u0131m projeleriyle hizmet verdi\u011fi b\u00f6lgede toplumsal geli\u015fmeye katk\u0131 sa\u011flayan UEDA\u015e, yay\u0131mlad\u0131\u011f\u0131 ilk raporda s\u00fcrd\u00fcr\u00fclebilir bir gelece\u011fe katk\u0131 sunmak i\u00e7in att\u0131\u011f\u0131 kararl\u0131 ad\u0131mlar\u0131 payda\u015flar\u0131na g\u00f6steriyor. \u015eirketin karbon n\u00f6tr olma hedefi do\u011frultusunda \u00e7al\u0131\u015fmalar\u0131n\u0131 h\u0131zland\u0131rd\u0131\u011f\u0131 bilgisine yer verilen raporda, \u00e7evresel etkileri minimize edip, m\u00fc\u015fteri memnuniyetini art\u0131ran ve operasyonel verimlili\u011fi \u00f6n planda tutan bir\u00e7ok yenili\u011fi hayata ge\u00e7irdi\u011fine de vurgu yap\u0131ld\u0131.<\/p>\n<h3><strong>\u2018\u00d6nceli\u011fimiz \u0130\u015f Sa\u011fl\u0131\u011f\u0131 ve G\u00fcvenli\u011fi\u2019<\/strong><\/h3>\n<p>Enerji sekt\u00f6r\u00fcnde s\u00fcrd\u00fcr\u00fclebilirlik lideri olma yolunda kararl\u0131l\u0131klar\u0131n\u0131 vurgulayan <strong>UEDA\u015e Genel M\u00fcd\u00fcr\u00fc G\u00f6kay Fatih Danac\u0131<\/strong>, <em>\u201cUEDA\u015e\u2019ta \u00f6nceli\u011fimizi i\u015f sa\u011fl\u0131\u011f\u0131 ve g\u00fcvenli\u011fi olarak \u00a0belirledik. \u0130SG\u2019 de proaktif yakla\u015f\u0131m \u00e7er\u00e7evesinde geli\u015ftirilen Saha Kontrol Merkezi (SAKOME) ile ekiplerin i\u015f emrine ba\u015flamadan \u00f6nce ve bitirdikten sonra ald\u0131\u011f\u0131 g\u00f6r\u00fcnt\u00fcl\u00fc teyitlerdeki kontrollerle \u00e7al\u0131\u015fma ortam\u0131 g\u00fcvenli hale getirildi. 2023 y\u0131l\u0131 boyunca s\u00fcrd\u00fcr\u00fclebilirlik vizyonumuz do\u011frultusunda i\u015f s\u00fcre\u00e7lerimizi iyile\u015ftirmenin, yeni uygulamalar\u0131 hayata ge\u00e7irmenin ve ilk raporumuzu yay\u0131mlaman\u0131n gururunu ya\u015f\u0131yoruz. Enerji da\u011f\u0131t\u0131m sekt\u00f6r\u00fcnde g\u00fc\u00e7l\u00fc bir d\u00f6n\u00fc\u015f\u00fcm y\u0131l\u0131 olan 2023&#8217;te, yakla\u015f\u0131k 2 milyar TL tutar\u0131nda yat\u0131r\u0131m ger\u00e7ekle\u015ftirerek 14 TWh enerji da\u011f\u0131tt\u0131k ve bu s\u00fcre\u00e7te hem \u00e7evresel hem de sosyal performans\u0131m\u0131z\u0131 \u00f6nemli \u00f6l\u00e7\u00fcde geli\u015ftirdik. Yenilenebilir enerji kaynaklar\u0131n\u0131n entegrasyonu ve \u015febeke dayan\u0131kl\u0131l\u0131\u011f\u0131n\u0131n art\u0131r\u0131lmas\u0131 gibi stratejik ad\u0131mlar atarak, T\u00fcrkiye\u2019nin 2053 net s\u0131f\u0131r karbon emisyonu hedefine katk\u0131da bulunduk. 2024 y\u0131l\u0131nda ise yat\u0131r\u0131m tutar\u0131m\u0131z\u0131 3,7 milyar TL\u2019ye \u00e7\u0131kararak bu alandaki \u00e7al\u0131\u015fmalar\u0131m\u0131z\u0131 daha da ileri ta\u015f\u0131may\u0131 hedefliyoruz\u201d<\/em> dedi.<\/p>\n<p>\u00c7evre konusundaki hassasiyetlerinin t\u00fcm i\u015f s\u00fcre\u00e7lerine yans\u0131d\u0131\u011f\u0131n\u0131 belirten <strong>Danac\u0131,<\/strong> <em>\u201c\u015eirketimizin ilk s\u00fcrd\u00fcr\u00fclebilirlik raporunu sizlerle payla\u015fman\u0131n heyecan\u0131n\u0131 ya\u015f\u0131yor, bu raporla UEDA\u015e\u2019\u0131n 2023 y\u0131l\u0131nda kaydetti\u011fi \u00e7evresel, sosyal ve y\u00f6neti\u015fim performans\u0131n\u0131 \u015feffafl\u0131kla kamuoyuna sunuyoruz. S\u00fcrd\u00fcr\u00fclebilirlik lideri olma yolculu\u011fumuzda, bu ilk raporun sizler i\u00e7in de\u011ferli bir referans kayna\u011f\u0131 olaca\u011f\u0131na inan\u0131yoruz\u201d<\/em> a\u00e7\u0131klamas\u0131nda bulundu.<\/p>","protected":false},"excerpt":{"rendered":"<p>Sorry, this entry is only available in Turkish. For the sake of viewer convenience, the content is shown below in the alternative language. You may click the link to switch the active language. Bursa, Bal\u0131kesir, \u00c7anakkale ve Yalova\u2019da 5 milyonun \u00fczerinde n\u00fcfusa kesintisiz enerji sa\u011flayan UEDA\u015e (Uluda\u011f Elektrik Da\u011f\u0131t\u0131m), 2023 y\u0131l\u0131na ait \u00e7evresel, sosyal ve [&hellip;]<\/p>\n","protected":false},"author":1,"featured_media":191426,"comment_status":"open","ping_status":"open","sticky":false,"template":"","format":"standard","meta":[],"categories":[51,53],"tags":[15016,872,115030],"views":30,"_links":{"self":[{"href":"https:\/\/www.enerjigazetesi.ist\/en\/wp-json\/wp\/v2\/posts\/191424"}],"collection":[{"href":"https:\/\/www.enerjigazetesi.ist\/en\/wp-json\/wp\/v2\/posts"}],"about":[{"href":"https:\/\/www.enerjigazetesi.ist\/en\/wp-json\/wp\/v2\/types\/post"}],"author":[{"embeddable":true,"href":"https:\/\/www.enerjigazetesi.ist\/en\/wp-json\/wp\/v2\/users\/1"}],"replies":[{"embeddable":true,"href":"https:\/\/www.enerjigazetesi.ist\/en\/wp-json\/wp\/v2\/comments?post=191424"}],"version-history":[{"count":0,"href":"https:\/\/www.enerjigazetesi.ist\/en\/wp-json\/wp\/v2\/posts\/191424\/revisions"}],"wp:featuredmedia":[{"embeddable":true,"href":"https:\/\/www.enerjigazetesi.ist\/en\/wp-json\/wp\/v2\/media\/191426"}],"wp:attachment":[{"href":"https:\/\/www.enerjigazetesi.ist\/en\/wp-json\/wp\/v2\/media?parent=191424"}],"wp:term":[{"taxonomy":"category","embeddable":true,"href":"https:\/\/www.enerjigazetesi.ist\/en\/wp-json\/wp\/v2\/categories?post=191424"},{"taxonomy":"post_tag","embeddable":true,"href":"https:\/\/www.enerjigazetesi.ist\/en\/wp-json\/wp\/v2\/tags?post=191424"}],"curies":[{"name":"wp","href":"https:\/\/api.w.org\/{rel}","templated":true}]}}