{"id":191394,"date":"2024-09-02T16:51:50","date_gmt":"2024-09-02T13:51:50","guid":{"rendered":"https:\/\/www.enerjigazetesi.ist\/?p=191394"},"modified":"2024-09-02T16:52:06","modified_gmt":"2024-09-02T13:52:06","slug":"surdurulebilir-perakende-zirvesi-2024-ekim-ayinda-duzenleniyor","status":"publish","type":"post","link":"https:\/\/www.enerjigazetesi.ist\/en\/surdurulebilir-perakende-zirvesi-2024-ekim-ayinda-duzenleniyor\/","title":{"rendered":"(Turkish) \u201cS\u00fcrd\u00fcr\u00fclebilir Perakende Zirvesi 2024\u201d Ekim Ay\u0131nda D\u00fczenleniyor"},"content":{"rendered":"<p class=\"qtranxs-available-languages-message qtranxs-available-languages-message-en\">Sorry, this entry is only available in <a href=\"https:\/\/www.enerjigazetesi.ist\/tr\/wp-json\/wp\/v2\/posts\/191394\" class=\"qtranxs-available-language-link qtranxs-available-language-link-tr\" title=\"Turkish\">Turkish<\/a>. For the sake of viewer convenience, the content is shown below in the alternative language. You may click the link to switch the active language.<\/p><p><\/p>\n<h2><strong>K\u00fcresel \u0131s\u0131nma, kaynaklar\u0131n h\u0131zla t\u00fckenmesi ve do\u011fan\u0131n bozulmas\u0131 gibi \u00e7evresel sorunlar d\u00fcnyada endi\u015fe kayna\u011f\u0131 olmaya devam ediyor. Bu endi\u015feler, t\u00fcketicilerin al\u0131\u015fveri\u015f al\u0131\u015fkanl\u0131klar\u0131n\u0131 ve tercihlerini de yeniden de\u011ferlendirmelerine yol a\u00e7\u0131yor.Bu y\u00fczden \u201ce-ticarette s\u00fcrd\u00fcr\u00fclebilirlik\u201d ve \u201cye\u015fil e-ticaret\u201d kavramlar\u0131 son d\u00f6nemde daha da \u00f6n plana \u00e7\u0131kmaya ba\u015flad\u0131. \u015eirketler art\u0131k sadece k\u00e2rlar\u0131n\u0131 maksimize etmek i\u00e7in de\u011fil, ayn\u0131 zamanda \u00e7evreye ve topluma olan sorumluluklar\u0131n\u0131 yerine getirmek i\u00e7in de hareket eder hale geldiler.<\/strong><\/h2>\n<p style=\"text-align: center;\"><img loading=\"lazy\" class=\"aligncenter wp-image-191396\" src=\"https:\/\/www.enerjigazetesi.ist\/wp-content\/uploads\/2024\/09\/surdurulebilir-perakende-zirvesi-2024-ekim-ayinda-duzenleniyor.jpg\" alt=\"\" width=\"500\" height=\"281\" srcset=\"https:\/\/www.enerjigazetesi.ist\/wp-content\/uploads\/2024\/09\/surdurulebilir-perakende-zirvesi-2024-ekim-ayinda-duzenleniyor.jpg 550w, https:\/\/www.enerjigazetesi.ist\/wp-content\/uploads\/2024\/09\/surdurulebilir-perakende-zirvesi-2024-ekim-ayinda-duzenleniyor-300x169.jpg 300w, https:\/\/www.enerjigazetesi.ist\/wp-content\/uploads\/2024\/09\/surdurulebilir-perakende-zirvesi-2024-ekim-ayinda-duzenleniyor-500x281.jpg 500w, https:\/\/www.enerjigazetesi.ist\/wp-content\/uploads\/2024\/09\/surdurulebilir-perakende-zirvesi-2024-ekim-ayinda-duzenleniyor-80x45.jpg 80w\" sizes=\"(max-width: 500px) 100vw, 500px\" \/><\/p>\n<p>Do\u011fay\u0131 ve \u00e7evreyi koruyarak g\u00fcvenli ve d\u00fc\u015f\u00fck maliyetli ta\u015f\u0131ma sa\u011flamak amac\u0131yla yola \u00e7\u0131kan LogD\u2019nin hayata ge\u00e7irdi\u011fi T\u00fcrkiye\u2019nin ilk ve tek \u201cS\u00fcrd\u00fcr\u00fclebilir Perakende Zirvesi 2024\u201d i\u015fte tam bu yakla\u015f\u0131mlar\u0131 Ekim ay\u0131nda masaya yat\u0131racak. \u0130stanbul Rahmi Ko\u00e7 M\u00fczesi\u2019nde ger\u00e7ekle\u015fecek \u201cSustainable Retail Summit 2024\u201d T\u00fcrkiye\u2019de perakende sekt\u00f6r\u00fcnde s\u00fcrd\u00fcr\u00fclebilirlik ve yenilik\u00e7ili\u011fi te\u015fvik eden \u00f6nc\u00fc bir zirve olarak e-ticaretin y\u00fckselen de\u011feri \u201cYe\u015fil Perakende\u201d ve \u201cYe\u015fil Lojistik\u201d uygulamalar\u0131n\u0131, ekonomi d\u00fcnyas\u0131n\u0131n g\u00fcndemine ta\u015f\u0131yacak.<\/p>\n<h3><strong>Sekt\u00f6r Profesyonelleri Zirvede Bulu\u015facak<\/strong><\/h3>\n<p>Zirvede perakende ve finans sekt\u00f6r\u00fcnde hizmet veren ve inovatif yakla\u015f\u0131mlarla i\u015f s\u00fcre\u00e7lerinde s\u00fcrd\u00fcr\u00fclebilirli\u011fi \u00f6n planda tutan \u015firketler ile s\u00fcrd\u00fcr\u00fclebilir giri\u015fimler, \u00e7evre ve s\u00fcrd\u00fcr\u00fclebilirlikle ilgili Sivil Toplum Kurulu\u015flar\u0131, S\u00fcrd\u00fcr\u00fclebilir Perakende Zirvesi 2024&#8217;de bir araya gelecek. Perakende ve finans sekt\u00f6r\u00fcnde \u00e7al\u0131\u015fan \u00fcst d\u00fczey y\u00f6neticiler, \u015firketlerin s\u00fcrd\u00fcr\u00fclebilir yar\u0131nlar i\u00e7in att\u0131\u011f\u0131 ad\u0131mlar\u0131 ve geli\u015ftirdikleri projeleri kat\u0131l\u0131mc\u0131lar ve kamuoyu ile payla\u015facaklar.<\/p>\n<h3><strong>Seyhan G\u00fclhan: \u201cZirve S\u00fcrd\u00fcr\u00fclebilir Perakende Uygulamalar\u0131nda Yol G\u00f6sterici Olacak\u201d<\/strong><\/h3>\n<p>S\u00fcrd\u00fcr\u00fclebilir perakende yakla\u015f\u0131m\u0131n\u0131 T\u00fcrkiye\u2019de de bir\u00e7ok firman\u0131n g\u00fcndemine ald\u0131\u011f\u0131n\u0131 belirten LogD\u2019nin Kurucusu Seyhan G\u00fclhan, zirvenin e-ticarette yeni bir sayfa a\u00e7aca\u011f\u0131na inand\u0131klar\u0131n\u0131 s\u00f6yledi:<\/p>\n<p>\u201cE-ticarette ye\u015fil perakende ve ye\u015fil lojistik anlay\u0131\u015f\u0131g\u00fcn\u00fcm\u00fczde firmalar\u0131 at\u0131k ve karbon ayak izini azaltma, kaynakland\u0131rma s\u00fcrecinden teslime kadar her ad\u0131mda sorumlu kararlar alma y\u00f6n\u00fcnde yenilik\u00e7i fikirler geli\u015ftirme ve uygulamaya y\u00f6neltti.Yap\u0131lan ara\u015ft\u0131rmalar, s\u00fcrd\u00fcr\u00fclebilir kaynak y\u00f6netimi uygulamalar\u0131n\u0131 benimseyen marka ve i\u015fletmelerin gelirlerini \u00f6nemli \u00f6l\u00e7\u00fcde art\u0131rabildi\u011finig\u00f6steriyor. \u0130\u015fletmeler i\u00e7in s\u00fcrd\u00fcr\u00fclebilirlik sadece \u00e7evresel bir gereklilik de\u011fil, ayn\u0131 zamanda da iyi bir i\u015f stratejisi. S\u00fcrd\u00fcr\u00fclebilir Perakende Zirvesi 2024 T\u00fcrkiye\u2019deki i\u015fletmelere bu y\u00f6nde yol g\u00f6sterici olacak.\u201d<\/p>\n<h3><strong>Seyhan G\u00fclhan: \u201cZirve S\u00fcrd\u00fcr\u00fclebilir Perakendeye \u00d6nem Veren T\u00fcm Markalar \u0130\u00e7in Ka\u00e7\u0131r\u0131lmayacak Bir F\u0131rsat\u201d<\/strong><\/h3>\n<p>Zirveye s\u00fcrd\u00fcr\u00fclebilirlik ve s\u00fcrd\u00fcr\u00fclebilir perakende uygulamalar\u0131 konusunda \u00f6nemli ba\u015far\u0131lara imza atm\u0131\u015f i\u015f insanlar\u0131, dikkat \u00e7eken s\u00fcrd\u00fcr\u00fclebilir giri\u015fimler ve ilgili STK temsilcilerinin kat\u0131laca\u011f\u0131n\u0131 vurgulayan Seyhan G\u00fclhan, s\u00f6zlerini \u015f\u00f6yle s\u00fcrd\u00fcrd\u00fc:<\/p>\n<p><em>\u201cCEO\u2019lar\u0131n bulu\u015faca\u011f\u0131 oturumda, perakende sekt\u00f6r\u00fcnde s\u00fcrd\u00fcr\u00fclebilirlik konusundaki en son trendler, kar\u015f\u0131la\u015f\u0131lan zorluklar ve ortaya \u00e7\u0131kan f\u0131rsatlar kapsaml\u0131 bir \u015fekilde konu\u015fulacak. S\u00fcrd\u00fcr\u00fclebilir Giri\u015fimler oturumunun ana ba\u015fl\u0131\u011f\u0131 ise s\u00fcrd\u00fcr\u00fclebilir inovatif \u00e7\u00f6z\u00fcmler sunan giri\u015fimlerin ba\u015far\u0131 hik\u00e2yeleri ve yenilik\u00e7i yakla\u015f\u0131mlar\u0131 olacak. Giri\u015fimler T\u00fcrkiye\u2019nin en b\u00fcy\u00fck giri\u015fim sermayesi (VC)\u2019lerin C-Level y\u00f6neticilerinden olu\u015fan kurul taraf\u0131ndan de\u011ferlendirmeyle se\u00e7ilecek. Kat\u0131l\u0131mc\u0131lar, s\u00fcrd\u00fcr\u00fclebilir giri\u015fimlerin kar\u015f\u0131la\u015ft\u0131klar\u0131 zorluklar\u0131 nas\u0131l a\u015ft\u0131klar\u0131n\u0131, i\u015f modellerini nas\u0131l \u015fekillendirdiklerini ve firmalara sa\u011flad\u0131klar\u0131 verimlilikleri dinleme f\u0131rsat\u0131 bulacaklar. STK temsilcileri ise farkl\u0131 bir oturumda s\u00fcrd\u00fcr\u00fclebilirli\u011fin toplumsal ve \u00e7evresel etkilerini g\u00fcndeme ta\u015f\u0131yacaklar. \u00c7evre Dostu Ba\u015far\u0131 Hik\u00e2yeleri oturumunda ise firmalar\u0131n operasyonlar\u0131nda gezegenimizi koruma yolunda ger\u00e7ekle\u015ftirdikleri s\u00fcrd\u00fcr\u00fclebilir \u00e7\u00f6z\u00fcmlere ait ba\u015far\u0131 hik\u00e2yeleri anlat\u0131lacak. Zirve bu nedenle s\u00fcrd\u00fcr\u00fclebilir perakendeye \u00f6nem veren t\u00fcm markalar i\u00e7in ka\u00e7\u0131r\u0131lmayacak bir f\u0131rsat.\u201d<\/em><\/p>","protected":false},"excerpt":{"rendered":"<p>Sorry, this entry is only available in Turkish. For the sake of viewer convenience, the content is shown below in the alternative language. You may click the link to switch the active language. K\u00fcresel \u0131s\u0131nma, kaynaklar\u0131n h\u0131zla t\u00fckenmesi ve do\u011fan\u0131n bozulmas\u0131 gibi \u00e7evresel sorunlar d\u00fcnyada endi\u015fe kayna\u011f\u0131 olmaya devam ediyor. Bu endi\u015feler, t\u00fcketicilerin al\u0131\u015fveri\u015f al\u0131\u015fkanl\u0131klar\u0131n\u0131 [&hellip;]<\/p>\n","protected":false},"author":1,"featured_media":191396,"comment_status":"open","ping_status":"open","sticky":false,"template":"","format":"standard","meta":[],"categories":[53],"tags":[115026,21749,115027,97334,115028],"views":20,"_links":{"self":[{"href":"https:\/\/www.enerjigazetesi.ist\/en\/wp-json\/wp\/v2\/posts\/191394"}],"collection":[{"href":"https:\/\/www.enerjigazetesi.ist\/en\/wp-json\/wp\/v2\/posts"}],"about":[{"href":"https:\/\/www.enerjigazetesi.ist\/en\/wp-json\/wp\/v2\/types\/post"}],"author":[{"embeddable":true,"href":"https:\/\/www.enerjigazetesi.ist\/en\/wp-json\/wp\/v2\/users\/1"}],"replies":[{"embeddable":true,"href":"https:\/\/www.enerjigazetesi.ist\/en\/wp-json\/wp\/v2\/comments?post=191394"}],"version-history":[{"count":0,"href":"https:\/\/www.enerjigazetesi.ist\/en\/wp-json\/wp\/v2\/posts\/191394\/revisions"}],"wp:featuredmedia":[{"embeddable":true,"href":"https:\/\/www.enerjigazetesi.ist\/en\/wp-json\/wp\/v2\/media\/191396"}],"wp:attachment":[{"href":"https:\/\/www.enerjigazetesi.ist\/en\/wp-json\/wp\/v2\/media?parent=191394"}],"wp:term":[{"taxonomy":"category","embeddable":true,"href":"https:\/\/www.enerjigazetesi.ist\/en\/wp-json\/wp\/v2\/categories?post=191394"},{"taxonomy":"post_tag","embeddable":true,"href":"https:\/\/www.enerjigazetesi.ist\/en\/wp-json\/wp\/v2\/tags?post=191394"}],"curies":[{"name":"wp","href":"https:\/\/api.w.org\/{rel}","templated":true}]}}