{"id":191376,"date":"2024-09-02T15:30:46","date_gmt":"2024-09-02T12:30:46","guid":{"rendered":"https:\/\/www.enerjigazetesi.ist\/?p=191376"},"modified":"2024-09-02T15:30:46","modified_gmt":"2024-09-02T12:30:46","slug":"kktc-toplumu-enerji-sikintisina-karsi-model-oneriyor","status":"publish","type":"post","link":"https:\/\/www.enerjigazetesi.ist\/en\/kktc-toplumu-enerji-sikintisina-karsi-model-oneriyor\/","title":{"rendered":"(Turkish) KKTC Toplumu Enerji S\u0131k\u0131nt\u0131s\u0131na Kar\u015f\u0131 Model \u00d6neriyor"},"content":{"rendered":"<p class=\"qtranxs-available-languages-message qtranxs-available-languages-message-en\">Sorry, this entry is only available in <a href=\"https:\/\/www.enerjigazetesi.ist\/tr\/wp-json\/wp\/v2\/posts\/191376\" class=\"qtranxs-available-language-link qtranxs-available-language-link-tr\" title=\"Turkish\">Turkish<\/a>. For the sake of viewer convenience, the content is shown below in the alternative language. You may click the link to switch the active language.<\/p><p><\/p>\n<h2>Kuzey K\u0131br\u0131s T\u00fcrk Cumhuriyeti\u2019nde \u00f6zellikle yaz aylar\u0131nda ya\u015fanan yo\u011fun elektrik kesintileri ve enerji s\u0131k\u0131nt\u0131s\u0131 kar\u015f\u0131s\u0131nda \u0130\u015f insanlar\u0131, STK\u2019lar ve bilim d\u00fcnyas\u0131, y\u0131l\u0131n on iki ay\u0131 g\u00fcne\u015f alan ada i\u00e7in <strong>\u201cG\u00fcne\u015f I\u015f\u0131\u011f\u0131 Hasad\u0131\u201d<\/strong> modeli i\u00e7in devreye girmeye haz\u0131r olduklar\u0131n\u0131 a\u00e7\u0131klad\u0131.<\/h2>\n<div id=\"attachment_191379\" style=\"width: 510px\" class=\"wp-caption aligncenter\"><img aria-describedby=\"caption-attachment-191379\" loading=\"lazy\" class=\"wp-image-191379\" src=\"https:\/\/www.enerjigazetesi.ist\/wp-content\/uploads\/2024\/09\/kktc-toplumu-enerji-sikintisina-karsi-model-oneriyor.jpg\" alt=\"\" width=\"500\" height=\"394\" srcset=\"https:\/\/www.enerjigazetesi.ist\/wp-content\/uploads\/2024\/09\/kktc-toplumu-enerji-sikintisina-karsi-model-oneriyor.jpg 550w, https:\/\/www.enerjigazetesi.ist\/wp-content\/uploads\/2024\/09\/kktc-toplumu-enerji-sikintisina-karsi-model-oneriyor-300x236.jpg 300w, https:\/\/www.enerjigazetesi.ist\/wp-content\/uploads\/2024\/09\/kktc-toplumu-enerji-sikintisina-karsi-model-oneriyor-500x394.jpg 500w, https:\/\/www.enerjigazetesi.ist\/wp-content\/uploads\/2024\/09\/kktc-toplumu-enerji-sikintisina-karsi-model-oneriyor-64x50.jpg 64w\" sizes=\"(max-width: 500px) 100vw, 500px\" \/><p id=\"caption-attachment-191379\" class=\"wp-caption-text\">PASHA Group Y\u00f6netim Kurulu Ba\u015fkan\u0131 Vedat Erba\u015f<\/p><\/div>\n<p>KKTC uzun bir s\u00fcredir enerjide arz, talep dengesinde s\u0131k\u0131nt\u0131lar ya\u015f\u0131yor. \u00d6zellikle yaz aylar\u0131nda artan s\u0131cakl\u0131klar ve turist yo\u011funlu\u011fu nedeniyle adaya halen elektrik \u00fcreten fosil at\u0131kla \u00e7al\u0131\u015fan enerji santrallerinin yeterli \u00fcretim yapamamas\u0131 g\u00fcndelik hayat\u0131 giderek zorla\u015ft\u0131r\u0131yor.<\/p>\n<p>Y\u0131l\u0131n on iki ay\u0131nda kesintisiz g\u00fcne\u015f \u0131\u015f\u0131\u011f\u0131 alan KKTC co\u011frafyas\u0131 i\u00e7in en verimli modelin G\u00fcne\u015f Enerjisi \u00fcretmek oldu\u011funu s\u00f6yleyen ada sakinleri, h\u00fck\u00fcmet taraf\u0131ndan pahal\u0131 bir yat\u0131r\u0131m oldu\u011fu i\u00e7in g\u00fcndeme al\u0131nmayan bu modeli daha sonra devletle mahsupla\u015fmak kayd\u0131yla sivil inisiyatif dayan\u0131\u015fmas\u0131yla elbirli\u011fiyle hayata ge\u00e7irmeyi \u00f6nerdi.<\/p>\n<p>Konu hakk\u0131nda sosyal medya hesab\u0131ndan bir a\u00e7\u0131klama yapan <strong>PASHA Group Y\u00f6netim Kurulu Ba\u015fkan\u0131 Vedat Erba\u015f<\/strong>, <em>\u201cGe\u00e7mi\u015fte \u2018Ye\u015fil Ada\u2019 olarak tan\u0131mlanan K\u0131br\u0131s\u2019a yeni nesil ekolojik enerji \u00fcretimiyle, temiz enerjinin yan\u0131 s\u0131ra temiz do\u011fa anlam\u0131nda da iadeyi itibar kazand\u0131r\u0131labilece\u011fini\u201d<\/em> \u00f6ne s\u00fcrd\u00fc.<\/p>\n<p>Erba\u015f\u2019\u0131n a\u00e7\u0131klamas\u0131nda de\u011findi\u011fi <strong>G\u00fcne\u015f Enerjisi modeli<\/strong> ile adada ortak bir akl\u0131n da harekete ge\u00e7ece\u011fi iddias\u0131 KKTC\u2019nin \u0130\u015f D\u00fcnyas\u0131, Sivil Toplum Kurulu\u015flar\u0131 ve Bilim d\u00fcnyas\u0131ndan da destek g\u00f6rd\u00fc. Peki, KKTC\u2019de nispeten daha pahal\u0131 say\u0131lan <strong>G\u00fcne\u015f I\u015f\u0131\u011f\u0131 Hasad\u0131 nas\u0131l devreye girecek?<\/strong> Bu konuda ortak modellemeyi de Erba\u015f \u015fu s\u00f6zleriyle g\u00fcndeme ta\u015f\u0131d\u0131;<\/p>\n<p>\u201cKKTC\u2019de yeni nesil enerji \u00fcretimi modeli \u00f6nerisi, uzun zamand\u0131r hem bireysel hem de KKTC\u2019nin sayg\u0131n Sivil Toplum Kurulu\u015flar\u0131 ve Bilim insanlar\u0131 ile yapt\u0131\u011f\u0131m\u0131z et\u00fctlerde dile getirdi\u011fimiz olmazsa olmaz bir ger\u00e7e\u011fi bir kez daha g\u00fcn\u0131\u015f\u0131\u011f\u0131na \u00e7\u0131kar\u0131yor asl\u0131nda.<\/p>\n<p>G\u00fcn \u0131\u015f\u0131\u011f\u0131 derken; y\u0131l\u0131n 365 g\u00fcn\u00fc kesintisiz g\u00fcne\u015f alan benzersiz co\u011frafyam\u0131z\u0131n, eski teknoloji ve fosil yak\u0131tlarla \u00fcretilen enerji kayna\u011f\u0131yla yar\u0131na uzanmas\u0131 m\u00fcmk\u00fcn de\u011fil. Bilimin ve modern \u00e7a\u011f\u0131n getirdi\u011fi teknolojilerin kolektifiyle, g\u00fcn\u00fcm\u00fcze uygun ve yar\u0131n\u0131 kucaklayan <strong>\u201cS\u00fcrd\u00fcr\u00fclebilir Enerji Kaynaklar\u0131\u201d<\/strong> kullan\u0131m\u0131, hala enerji yoksunlu\u011fu ve elektrik kesintileriyle ma\u011fduriyet ya\u015fayan \u00fclkemizin kalk\u0131nmas\u0131nda g\u00fc\u00e7l\u00fc bir \u00e7\u0131k\u0131\u015f modeli olacak.<\/p>\n<p>Bug\u00fcne kadar alt yap\u0131 ve \u00f6denek eksikli\u011fi mazeretiyle dosya kapa\u011f\u0131 bile a\u00e7\u0131lmayan g\u00fcn \u0131\u015f\u0131\u011f\u0131 hasad\u0131, dile getirildi\u011fi gibi pahal\u0131 bir enerji \u00fcretimi olmaktan ziyade, \u00fclkemizin ihtiya\u00e7lar\u0131n\u0131 kar\u015f\u0131layacak olan adil ve s\u00fcrd\u00fcr\u00fclebilir bir kaynak modeldir.<\/p>\n<p>Bunun i\u00e7in gerekli olan yat\u0131r\u0131m\u0131n bilimsel ve maddi dayanaklar\u0131n\u0131 yaratabilecek, buradan \u00fcretilen art\u0131 de\u011feri \u00fclkemiz ve devletimiz yarar\u0131na kullanabilecek g\u00fc\u00e7l\u00fc, ak\u0131lc\u0131 ve ufku a\u00e7\u0131k ekonomi \u00f6rg\u00fctleri, STK\u2019lar ve bilim insanlar\u0131 kayna\u011f\u0131na fazlas\u0131yla sahibiz.<\/p>\n<p>D\u00fcnyada kendi enerjisini modas\u0131 ge\u00e7mi\u015f teknolojilere ba\u011f\u0131ml\u0131 olmadan \u00fcretebilecek kaynaklar\u0131m\u0131z\u0131 harekete ge\u00e7irip, efektif bir \u015fekilde kullanabilecek i\u015flevsel akl\u0131n \u00e7al\u0131\u015ft\u0131r\u0131lmas\u0131 i\u00e7in \u00fclke halk\u0131 olarak haz\u0131r\u0131z.<\/p>\n<p>Kaynak yaratma anlam\u0131nda elini ta\u015f\u0131n alt\u0131na koyabilecek t\u00fcm STK\u2019larla birlikte, enerjide \u201c<strong>KKTC Modelini\u201d<\/strong> yaratmaya teoride ve pratikte talibiz. \u00dclkemizin en de\u011ferli hazinelerinden olan g\u00fcn \u0131\u015f\u0131\u011f\u0131n\u0131 ya\u015fad\u0131\u011f\u0131m\u0131z y\u00fczy\u0131la yak\u0131\u015f\u0131r bir \u015fekilde enerjiye d\u00f6n\u00fc\u015ft\u00fcr\u00fcp, kesinti ve yoksunlukla ma\u011fdur olmayan toplumsal huzur sadece bir ad\u0131m \u00f6temizde duruyor. Biz ve bizim gibi d\u00fc\u015f\u00fcnd\u00fc\u011f\u00fcn\u00fc bildi\u011fimiz t\u00fcm toplumsal inisiyatif kurulu\u015flar\u0131 o ad\u0131m i\u00e7in haz\u0131r ve haz\u0131rl\u0131kl\u0131y\u0131z.<\/p>\n<h3><strong>YEN\u0130DEN YE\u015e\u0130L ADA OLMAK ZORUNDAYIZ<\/strong><\/h3>\n<p>KKTC\u2019nin do\u011fal yap\u0131s\u0131 ve kaynaklar\u0131n\u0131n korunmas\u0131 gere\u011fi bir sanayi adas\u0131 olamayaca\u011f\u0131n\u0131n alt\u0131n\u0131 \u00e7izen Erba\u015f, ekonomik kalk\u0131nma modelinde de do\u011fal sermayenin ve bacas\u0131z ekonominin m\u00fccevher de\u011ferindeki \u00f6nemine de\u011finerek s\u00f6zlerine \u015f\u00f6yle son verdi;<\/p>\n<p><em>\u201cD\u00fcnyada bir d\u00f6nem an\u0131ld\u0131\u011f\u0131m\u0131z <strong>\u201cYe\u015fil Ada\u201d<\/strong> tan\u0131mlamas\u0131n\u0131, KKTC\u2019de t\u00fcterek havam\u0131z\u0131 ve ekolojik sistemimizi kirleten mazot santrali bacalar\u0131 yerine \u0131\u015f\u0131\u011f\u0131m\u0131z ve suyumuzla; ye\u015fil enerji, eko tar\u0131m, AGRO turizm gibi uzun ve temiz soluklu \u00fcretim modelleriyle yeniden kazanmak niyetindeyiz. Bahsetti\u011fimiz do\u011fal hasat teknolojileriyle bu arzumuza h\u0131zla kavu\u015fup, adam\u0131za yak\u0131\u015fmayan bacalar\u0131 da zamanla emekli etmek ekolojik bir hayal olarak kalmamal\u0131d\u0131r. Do\u011fal hakikatin adresi ortadad\u0131r.<\/em><\/p>\n<p><em>K\u0131br\u0131s T\u00fcrk toplumu olarak k\u0131sa vadede <strong>\u201cKKTC kendi enerjisini \u00fcreten \u00fclkelerin ba\u015f\u0131nda geliyor\u201d <\/strong>haberleriyle huzurla tebess\u00fcm eden bir topluma d\u00f6n\u00fc\u015fmemizi arzu ediyoruz.\u201d<\/em><\/p>","protected":false},"excerpt":{"rendered":"<p>Sorry, this entry is only available in Turkish. For the sake of viewer convenience, the content is shown below in the alternative language. You may click the link to switch the active language. Kuzey K\u0131br\u0131s T\u00fcrk Cumhuriyeti\u2019nde \u00f6zellikle yaz aylar\u0131nda ya\u015fanan yo\u011fun elektrik kesintileri ve enerji s\u0131k\u0131nt\u0131s\u0131 kar\u015f\u0131s\u0131nda \u0130\u015f insanlar\u0131, STK\u2019lar ve bilim d\u00fcnyas\u0131, y\u0131l\u0131n [&hellip;]<\/p>\n","protected":false},"author":1,"featured_media":191379,"comment_status":"open","ping_status":"open","sticky":false,"template":"","format":"standard","meta":[],"categories":[51,53,49],"tags":[115020,11276,13842,115021,2206,7037,10323],"views":30,"_links":{"self":[{"href":"https:\/\/www.enerjigazetesi.ist\/en\/wp-json\/wp\/v2\/posts\/191376"}],"collection":[{"href":"https:\/\/www.enerjigazetesi.ist\/en\/wp-json\/wp\/v2\/posts"}],"about":[{"href":"https:\/\/www.enerjigazetesi.ist\/en\/wp-json\/wp\/v2\/types\/post"}],"author":[{"embeddable":true,"href":"https:\/\/www.enerjigazetesi.ist\/en\/wp-json\/wp\/v2\/users\/1"}],"replies":[{"embeddable":true,"href":"https:\/\/www.enerjigazetesi.ist\/en\/wp-json\/wp\/v2\/comments?post=191376"}],"version-history":[{"count":0,"href":"https:\/\/www.enerjigazetesi.ist\/en\/wp-json\/wp\/v2\/posts\/191376\/revisions"}],"wp:featuredmedia":[{"embeddable":true,"href":"https:\/\/www.enerjigazetesi.ist\/en\/wp-json\/wp\/v2\/media\/191379"}],"wp:attachment":[{"href":"https:\/\/www.enerjigazetesi.ist\/en\/wp-json\/wp\/v2\/media?parent=191376"}],"wp:term":[{"taxonomy":"category","embeddable":true,"href":"https:\/\/www.enerjigazetesi.ist\/en\/wp-json\/wp\/v2\/categories?post=191376"},{"taxonomy":"post_tag","embeddable":true,"href":"https:\/\/www.enerjigazetesi.ist\/en\/wp-json\/wp\/v2\/tags?post=191376"}],"curies":[{"name":"wp","href":"https:\/\/api.w.org\/{rel}","templated":true}]}}