{"id":191368,"date":"2024-09-02T14:59:20","date_gmt":"2024-09-02T11:59:20","guid":{"rendered":"https:\/\/www.enerjigazetesi.ist\/?p=191368"},"modified":"2024-09-02T14:59:20","modified_gmt":"2024-09-02T11:59:20","slug":"hucre-karari-icin-gecis-donemi-dusunulmeliydi","status":"publish","type":"post","link":"https:\/\/www.enerjigazetesi.ist\/en\/hucre-karari-icin-gecis-donemi-dusunulmeliydi\/","title":{"rendered":"(Turkish) &#8221;H\u00fccre Karar\u0131 \u0130\u00e7in Ge\u00e7i\u015f D\u00f6nemi D\u00fc\u015f\u00fcn\u00fclmeliydi&#8221;"},"content":{"rendered":"<p class=\"qtranxs-available-languages-message qtranxs-available-languages-message-en\">Sorry, this entry is only available in <a href=\"https:\/\/www.enerjigazetesi.ist\/tr\/wp-json\/wp\/v2\/posts\/191368\" class=\"qtranxs-available-language-link qtranxs-available-language-link-tr\" title=\"Turkish\">Turkish<\/a>. For the sake of viewer convenience, the content is shown below in the alternative language. You may click the link to switch the active language.<\/p><p><\/p>\n<h2><strong>Global Enerji Derne\u011fi Ba\u015fkan\u0131 Murat Dilek g\u00fcne\u015f enerjisi yat\u0131r\u0131mlar\u0131na kamu deste\u011fini s\u0131n\u0131rlayan karar\u0131n uzun vade i\u00e7in \u00e7ok do\u011fru bir ad\u0131m olmakla birlikte ge\u00e7i\u015f d\u00f6neminin belirlenmesi gerekti\u011fini s\u00f6yledi.<\/strong><\/h2>\n<p style=\"text-align: center;\"><img loading=\"lazy\" class=\"aligncenter wp-image-191370\" src=\"https:\/\/www.enerjigazetesi.ist\/wp-content\/uploads\/2024\/09\/hucre-karari-icin-gecis-donemi-dusunulmeliydi.jpg\" alt=\"\" width=\"500\" height=\"401\" srcset=\"https:\/\/www.enerjigazetesi.ist\/wp-content\/uploads\/2024\/09\/hucre-karari-icin-gecis-donemi-dusunulmeliydi.jpg 550w, https:\/\/www.enerjigazetesi.ist\/wp-content\/uploads\/2024\/09\/hucre-karari-icin-gecis-donemi-dusunulmeliydi-300x241.jpg 300w, https:\/\/www.enerjigazetesi.ist\/wp-content\/uploads\/2024\/09\/hucre-karari-icin-gecis-donemi-dusunulmeliydi-500x401.jpg 500w, https:\/\/www.enerjigazetesi.ist\/wp-content\/uploads\/2024\/09\/hucre-karari-icin-gecis-donemi-dusunulmeliydi-62x50.jpg 62w\" sizes=\"(max-width: 500px) 100vw, 500px\" \/><\/p>\n<p>Ge\u00e7ti\u011fimiz hafta sonu Resm\u00ee Gazete\u2019de yay\u0131mlanan bir karar T\u00fcrkiye enerji sekt\u00f6r\u00fcn\u00fcn g\u00fcndeminin merkezine oturdu ve \u00f6zellikle g\u00fcne\u015f enerjisi sanayisi sekt\u00f6r\u00fcnde \u015fok etkisi yaratt\u0131.<\/p>\n<p>\u00c7e\u015fitli yat\u0131r\u0131mlara y\u00f6nelik sa\u011flanacak kamu desteklerinin uygulama \u00e7er\u00e7evesini belirleyen Yat\u0131r\u0131mlarda Devlet Yard\u0131mlar\u0131 Hakk\u0131nda Karar\u0131n Uygulanmas\u0131na \u0130li\u015fkin Tebli\u011f\u2019de yap\u0131lan de\u011fi\u015fiklik ile g\u00fcne\u015f enerjisi projelerine kamu deste\u011fi sa\u011flanmas\u0131na y\u00f6nelik yeni bir \u015fart getirildi.<\/p>\n<p>Geli\u015fmeyi de\u011ferlendiren <strong>Global Enerji Derne\u011fi Ba\u015fkan\u0131 Murat Dilek<\/strong>, karar\u0131n uzun vade i\u00e7in \u00e7ok do\u011fru bir ad\u0131m olmak ile birlikte mevcut \u00fcreticilere haz\u0131rl\u0131k a\u015famas\u0131 tan\u0131madan hemen y\u00fcr\u00fcrl\u00fc\u011fe girmesinin ise sekt\u00f6rde \u015fa\u015fk\u0131nl\u0131k yaratt\u0131\u011f\u0131n\u0131 dile getirdi.<\/p>\n<p>Getirilen karar\u0131n g\u00fcne\u015f enerjisi yat\u0131r\u0131m ortam\u0131na \u00e7ok olumsuz yans\u0131yaca\u011f\u0131n\u0131 dile getiren Murat Dilek, bu karar sonras\u0131nda T\u00fcrkiye\u2019deki 60 civar\u0131ndaki \u00fcretici aras\u0131ndan yaln\u0131zca bir veya ikisinin piyasa talebine cevap verebilece\u011fini, bu firmalar\u0131n da mevcut sipari\u015fleri veya planlamalar\u0131n\u0131n olabilece\u011fi de g\u00f6z \u00f6n\u00fcne al\u0131nd\u0131\u011f\u0131nda \u00f6zellikle k\u0131sa ve orta vadede ger\u00e7ekle\u015ftirilmesi planlanan yeni yat\u0131r\u0131mlar\u0131n bir \u00e7o\u011funun gerekli \u015fart\u0131 sa\u011flayan panellere ula\u015famamas\u0131 nedeni ile destekten yararlanamayaca\u011f\u0131n\u0131n alt\u0131n\u0131 \u00e7izdi.<\/p>\n<p>Bu nedenle bir\u00e7ok yat\u0131r\u0131m karar\u0131n\u0131n ertelenece\u011fine de vurgu yapan Dilek, bu durumun da T\u00fcrkiye\u2019nin her y\u0131l 5 GW\u2019l\u0131k r\u00fczgar ve g\u00fcne\u015f g\u00fcc\u00fc hedefine engel olaca\u011f\u0131n\u0131 ifade etti.<\/p>\n<p>Murat Dilek a\u00e7\u0131klamas\u0131nda karar\u0131n y\u00fcr\u00fcrl\u00fc\u011fe girmeden \u00f6nce mevcut \u00fcreticilere ge\u00e7i\u015f d\u00f6nemi i\u00e7in belirli bir s\u00fcre tan\u0131nmas\u0131 gerekti\u011fini, bu \u015fekilde firmalar\u0131n \u00f6nlem alma veya bu karara g\u00f6re yat\u0131r\u0131m planlamas\u0131 yapma imkanlar\u0131n\u0131n olabilece\u011fini ifade ederken, hemen y\u00fcr\u00fcrl\u00fc\u011fe giren d\u00fczenlemenin bu imk\u00e2n\u0131 ortadan kald\u0131rd\u0131\u011f\u0131n\u0131 s\u00f6yledi.<\/p>\n<p>Global Enerji Derne\u011fi Ba\u015fkan\u0131 Dilek bu karar\u0131n yol a\u00e7abilece\u011fi en olumsuz etkinin ise T\u00fcrkiye\u2019deki mevcut yat\u0131r\u0131mlar\u0131n, di\u011fer \u00fclkelerde sa\u011flanan te\u015fviklerin de etkisi ile yurt d\u0131\u015f\u0131na gitmesi oldu\u011funu s\u00f6zlerine ekledi.<\/p>","protected":false},"excerpt":{"rendered":"<p>Sorry, this entry is only available in Turkish. For the sake of viewer convenience, the content is shown below in the alternative language. You may click the link to switch the active language. Global Enerji Derne\u011fi Ba\u015fkan\u0131 Murat Dilek g\u00fcne\u015f enerjisi yat\u0131r\u0131mlar\u0131na kamu deste\u011fini s\u0131n\u0131rlayan karar\u0131n uzun vade i\u00e7in \u00e7ok do\u011fru bir ad\u0131m olmakla birlikte [&hellip;]<\/p>\n","protected":false},"author":1,"featured_media":191370,"comment_status":"open","ping_status":"open","sticky":false,"template":"","format":"standard","meta":[],"categories":[53,49],"tags":[2326,728,10942,5982,1388],"views":43,"_links":{"self":[{"href":"https:\/\/www.enerjigazetesi.ist\/en\/wp-json\/wp\/v2\/posts\/191368"}],"collection":[{"href":"https:\/\/www.enerjigazetesi.ist\/en\/wp-json\/wp\/v2\/posts"}],"about":[{"href":"https:\/\/www.enerjigazetesi.ist\/en\/wp-json\/wp\/v2\/types\/post"}],"author":[{"embeddable":true,"href":"https:\/\/www.enerjigazetesi.ist\/en\/wp-json\/wp\/v2\/users\/1"}],"replies":[{"embeddable":true,"href":"https:\/\/www.enerjigazetesi.ist\/en\/wp-json\/wp\/v2\/comments?post=191368"}],"version-history":[{"count":0,"href":"https:\/\/www.enerjigazetesi.ist\/en\/wp-json\/wp\/v2\/posts\/191368\/revisions"}],"wp:featuredmedia":[{"embeddable":true,"href":"https:\/\/www.enerjigazetesi.ist\/en\/wp-json\/wp\/v2\/media\/191370"}],"wp:attachment":[{"href":"https:\/\/www.enerjigazetesi.ist\/en\/wp-json\/wp\/v2\/media?parent=191368"}],"wp:term":[{"taxonomy":"category","embeddable":true,"href":"https:\/\/www.enerjigazetesi.ist\/en\/wp-json\/wp\/v2\/categories?post=191368"},{"taxonomy":"post_tag","embeddable":true,"href":"https:\/\/www.enerjigazetesi.ist\/en\/wp-json\/wp\/v2\/tags?post=191368"}],"curies":[{"name":"wp","href":"https:\/\/api.w.org\/{rel}","templated":true}]}}