{"id":191353,"date":"2024-08-29T15:11:59","date_gmt":"2024-08-29T12:11:59","guid":{"rendered":"https:\/\/www.enerjigazetesi.ist\/?p=191353"},"modified":"2024-08-29T15:11:59","modified_gmt":"2024-08-29T12:11:59","slug":"denizbank-oz-tuketim-ges-projeleri-ile-tukettigi-enerjiyi-uretecek","status":"publish","type":"post","link":"https:\/\/www.enerjigazetesi.ist\/en\/denizbank-oz-tuketim-ges-projeleri-ile-tukettigi-enerjiyi-uretecek\/","title":{"rendered":"(Turkish) &#8217;DenizBank&#8217; \u00d6z T\u00fcketim GES Projeleri ile T\u00fcketti\u011fi Enerjiyi \u00dcretecek"},"content":{"rendered":"<p class=\"qtranxs-available-languages-message qtranxs-available-languages-message-en\">Sorry, this entry is only available in <a href=\"https:\/\/www.enerjigazetesi.ist\/tr\/wp-json\/wp\/v2\/posts\/191353\" class=\"qtranxs-available-language-link qtranxs-available-language-link-tr\" title=\"Turkish\">Turkish<\/a>. For the sake of viewer convenience, the content is shown below in the alternative language. You may click the link to switch the active language.<\/p><p><\/p>\n<h2><strong>DenizBank, s\u00fcrd\u00fcr\u00fclebilirlik ve yenilenebilir enerji konusundaki hedefleri do\u011frultusunda, kendi t\u00fcketti\u011fi enerjiyi kendi \u00fcretme anlay\u0131\u015f\u0131n\u0131 esas alan \u00f6z t\u00fcketim GES projelerinden birincisini Erzurum Demircik\u00f6y\u2019de hayata ge\u00e7irerek T\u00fcrk bankac\u0131l\u0131k sekt\u00f6r\u00fcnde bir ilki ger\u00e7ekle\u015ftirdi.<\/strong><\/h2>\n<p style=\"text-align: center;\"><img loading=\"lazy\" class=\"aligncenter wp-image-191355\" src=\"https:\/\/www.enerjigazetesi.ist\/wp-content\/uploads\/2024\/08\/denizbank-oz-tuketim-ges-projeleri-ile-tukettigi-enerjiyi-uretecek.jpg\" alt=\"\" width=\"500\" height=\"334\" srcset=\"https:\/\/www.enerjigazetesi.ist\/wp-content\/uploads\/2024\/08\/denizbank-oz-tuketim-ges-projeleri-ile-tukettigi-enerjiyi-uretecek.jpg 550w, https:\/\/www.enerjigazetesi.ist\/wp-content\/uploads\/2024\/08\/denizbank-oz-tuketim-ges-projeleri-ile-tukettigi-enerjiyi-uretecek-300x200.jpg 300w, https:\/\/www.enerjigazetesi.ist\/wp-content\/uploads\/2024\/08\/denizbank-oz-tuketim-ges-projeleri-ile-tukettigi-enerjiyi-uretecek-500x334.jpg 500w, https:\/\/www.enerjigazetesi.ist\/wp-content\/uploads\/2024\/08\/denizbank-oz-tuketim-ges-projeleri-ile-tukettigi-enerjiyi-uretecek-75x50.jpg 75w, https:\/\/www.enerjigazetesi.ist\/wp-content\/uploads\/2024\/08\/denizbank-oz-tuketim-ges-projeleri-ile-tukettigi-enerjiyi-uretecek-450x300.jpg 450w\" sizes=\"(max-width: 500px) 100vw, 500px\" \/><\/p>\n<p>Projeye ili\u015fkin de\u011ferlendirmede bulunan<strong>\u00a0DenizBank Genel M\u00fcd\u00fcr\u00fc Hakan Ate\u015f<\/strong>: <em>\u201cT\u00fcrkiye\u2019de \u2018kendi t\u00fcketti\u011fi enerjiyi kendi \u00fcretme\u2019 anlay\u0131\u015f\u0131yla <strong>\u00f6z t\u00fcketim GES<\/strong> projesini hayata ge\u00e7iren ilk banka olman\u0131n gururunu ya\u015f\u0131yoruz. Enerji verimlili\u011fi ve \u00e7evreye katk\u0131m\u0131z\u0131 art\u0131ran tasarruf odakl\u0131 bir ekosistem olu\u015fturmam\u0131z hem bug\u00fcne hem gelecek ku\u015faklara kar\u015f\u0131 sorumlulu\u011fumuz. Bu yakla\u015f\u0131mla devreye ald\u0131\u011f\u0131m\u0131z toplam 26,47 MWp kapasitedeki d\u00f6rt adet GES projesinde \u00fcretilen yenilenebilir enerji ile kurumsal karbon ayak izimizi azalt\u0131p Bankam\u0131z\u0131n \u00e7evresel s\u00fcrd\u00fcr\u00fclebilirlik hedeflerine daha fazla yakla\u015fmas\u0131n\u0131 sa\u011flarken di\u011fer taraftan \u00fclkemizin enerji politikalar\u0131na uygun olarak maliyetlerin d\u00fc\u015f\u00fcr\u00fclmesi ve d\u0131\u015fa ba\u011f\u0131ml\u0131l\u0131\u011f\u0131n azalt\u0131lmas\u0131na da katk\u0131 sunaca\u011f\u0131z.<\/em><\/p>\n<p><em>DenizBank olarak tar\u0131m sekt\u00f6r\u00fc ve sular\u0131m\u0131z\u0131n temizli\u011fi i\u00e7in \u015fimdiye kadar ye\u015fil ekonomi projeleri ve finansmana eri\u015fimi k\u0131s\u0131tl\u0131 olan kad\u0131n giri\u015fimcilere destekleri kapsayan programlar\u0131 hayata ge\u00e7irdik. Bug\u00fcn de s\u00fcrd\u00fcr\u00fclebilirlik stratejimizin temel ta\u015flar\u0131ndan biri olan yenilenebilir enerjiye yapt\u0131\u011f\u0131m\u0131z s\u00f6z konusu yat\u0131r\u0131mlar, hep bu sorumlulu\u011fumuz do\u011frultusunda att\u0131\u011f\u0131m\u0131z ad\u0131mlard\u0131r. Banka olarak, yayg\u0131n kullan\u0131lan fosil yak\u0131tlara tabi olma durumunu ortadan kald\u0131ran, zararl\u0131 karbondioksit gaz sal\u0131n\u0131m\u0131n\u0131 engelleyerek karbon ayak izini azaltan ve \u00e7evresel duyarl\u0131l\u0131\u011f\u0131n en iyi \u00f6rneklerine imza atan i\u015f ve projeleri hayata ge\u00e7irmeye devam edece\u011fiz\u201d<\/em> dedi.<\/p>","protected":false},"excerpt":{"rendered":"<p>Sorry, this entry is only available in Turkish. For the sake of viewer convenience, the content is shown below in the alternative language. You may click the link to switch the active language. DenizBank, s\u00fcrd\u00fcr\u00fclebilirlik ve yenilenebilir enerji konusundaki hedefleri do\u011frultusunda, kendi t\u00fcketti\u011fi enerjiyi kendi \u00fcretme anlay\u0131\u015f\u0131n\u0131 esas alan \u00f6z t\u00fcketim GES projelerinden birincisini Erzurum [&hellip;]<\/p>\n","protected":false},"author":1,"featured_media":191355,"comment_status":"open","ping_status":"open","sticky":false,"template":"","format":"standard","meta":[],"categories":[51,53,49],"tags":[2715,2569,2206,115010,1296,105],"views":35,"_links":{"self":[{"href":"https:\/\/www.enerjigazetesi.ist\/en\/wp-json\/wp\/v2\/posts\/191353"}],"collection":[{"href":"https:\/\/www.enerjigazetesi.ist\/en\/wp-json\/wp\/v2\/posts"}],"about":[{"href":"https:\/\/www.enerjigazetesi.ist\/en\/wp-json\/wp\/v2\/types\/post"}],"author":[{"embeddable":true,"href":"https:\/\/www.enerjigazetesi.ist\/en\/wp-json\/wp\/v2\/users\/1"}],"replies":[{"embeddable":true,"href":"https:\/\/www.enerjigazetesi.ist\/en\/wp-json\/wp\/v2\/comments?post=191353"}],"version-history":[{"count":0,"href":"https:\/\/www.enerjigazetesi.ist\/en\/wp-json\/wp\/v2\/posts\/191353\/revisions"}],"wp:featuredmedia":[{"embeddable":true,"href":"https:\/\/www.enerjigazetesi.ist\/en\/wp-json\/wp\/v2\/media\/191355"}],"wp:attachment":[{"href":"https:\/\/www.enerjigazetesi.ist\/en\/wp-json\/wp\/v2\/media?parent=191353"}],"wp:term":[{"taxonomy":"category","embeddable":true,"href":"https:\/\/www.enerjigazetesi.ist\/en\/wp-json\/wp\/v2\/categories?post=191353"},{"taxonomy":"post_tag","embeddable":true,"href":"https:\/\/www.enerjigazetesi.ist\/en\/wp-json\/wp\/v2\/tags?post=191353"}],"curies":[{"name":"wp","href":"https:\/\/api.w.org\/{rel}","templated":true}]}}