{"id":191331,"date":"2024-08-28T18:24:27","date_gmt":"2024-08-28T15:24:27","guid":{"rendered":"https:\/\/www.enerjigazetesi.ist\/?p=191331"},"modified":"2024-08-28T18:24:27","modified_gmt":"2024-08-28T15:24:27","slug":"astor-enerji-net-karini-yuzde-82-artirdi","status":"publish","type":"post","link":"https:\/\/www.enerjigazetesi.ist\/en\/astor-enerji-net-karini-yuzde-82-artirdi\/","title":{"rendered":"(Turkish) Astor Enerji Net Kar\u0131n\u0131 Y\u00fczde 82 Art\u0131rd\u0131"},"content":{"rendered":"<p class=\"qtranxs-available-languages-message qtranxs-available-languages-message-en\">Sorry, this entry is only available in <a href=\"https:\/\/www.enerjigazetesi.ist\/tr\/wp-json\/wp\/v2\/posts\/191331\" class=\"qtranxs-available-language-link qtranxs-available-language-link-tr\" title=\"Turkish\">Turkish<\/a>. For the sake of viewer convenience, the content is shown below in the alternative language. You may click the link to switch the active language.<\/p><p><\/p>\n<h2>Transformat\u00f6r ve anahtarlama \u00fcr\u00fcnleri \u00fcreticisi Astor Enerji 2024 ikinci \u00e7eyrek finansal sonu\u00e7lar\u0131n\u0131 a\u00e7\u0131klad\u0131. A\u00e7\u0131klanan verilere g\u00f6re Astor Enerji A.\u015e., 2024&#8217;\u00fcn ikinci \u00e7eyre\u011finde 23 milyar TL aktif b\u00fcy\u00fckl\u00fc\u011fe ula\u015ft\u0131. \u015eirketin bu d\u00f6nemde cirosu 11.5 milyar oldu.\u00a0 Raporda, 2023 y\u0131l\u0131 ayn\u0131 d\u00f6nemine g\u00f6re y\u00fczde 35,4 oran\u0131nda bir art\u0131\u015f anlam\u0131na geldi\u011fi bildirildi.<\/h2>\n<p style=\"text-align: center;\"><img loading=\"lazy\" class=\"aligncenter wp-image-191333\" src=\"https:\/\/www.enerjigazetesi.ist\/wp-content\/uploads\/2024\/08\/astor-enerji-net-karini-yuzde-82-artirdi.jpg\" alt=\"\" width=\"500\" height=\"338\" srcset=\"https:\/\/www.enerjigazetesi.ist\/wp-content\/uploads\/2024\/08\/astor-enerji-net-karini-yuzde-82-artirdi.jpg 550w, https:\/\/www.enerjigazetesi.ist\/wp-content\/uploads\/2024\/08\/astor-enerji-net-karini-yuzde-82-artirdi-300x203.jpg 300w, https:\/\/www.enerjigazetesi.ist\/wp-content\/uploads\/2024\/08\/astor-enerji-net-karini-yuzde-82-artirdi-500x338.jpg 500w, https:\/\/www.enerjigazetesi.ist\/wp-content\/uploads\/2024\/08\/astor-enerji-net-karini-yuzde-82-artirdi-74x50.jpg 74w\" sizes=\"(max-width: 500px) 100vw, 500px\" \/><\/p>\n<h3><strong>Astor Enerji, \u0130hracat Gelirlerini Art\u0131rmaya Devam Ediyor<\/strong><\/h3>\n<p>\u015eirketin \u00fcr\u00fcn ve innovasyonlar\u0131, s\u00fcrd\u00fcr\u00fclebilirlik faaliyetleri, sekt\u00f6r bilgileri, yat\u0131r\u0131mlar\u0131, Ar-Ge \u00e7al\u0131\u015fmalar\u0131 ve finansal durum gibi bir\u00e7ok \u00f6nemli bilginin yer ald\u0131\u011f\u0131 raporda \u015firket, net d\u00f6nem k\u00e2r\u0131n\u0131 %82 art\u0131rd\u0131 ve 1,3 milyar TL&#8217;ye y\u00fckseltti. Yurtd\u0131\u015f\u0131 sat\u0131\u015flar, toplam has\u0131lat\u0131n y\u00fczde 40&#8217;\u0131n\u0131 olu\u015fturdu.<\/p>\n<p>Br\u00fct k\u00e2r marj\u0131 %31\u2019den %37\u2019ye, FAV\u00d6K marj\u0131 ise %30\u2019dan %31\u2019e y\u00fckseldi\u011fi belirtilirken, \u015firketin net nakit pozisyonu 4,495 milyar TL olarak ger\u00e7ekle\u015fti\u011fi aktar\u0131ld\u0131. Toplam finansal bor\u00e7lar\u0131n\u0131n varl\u0131klara oran\u0131n\u0131n ise 4,7 seviyesinde oldu\u011fu bildirildi.<\/p>\n<h3><strong>ASTOR Son 4 Y\u0131lda \u0130stihdam\u0131 Y\u00fczde Y\u00fcz Artt\u0131rd\u0131<\/strong><\/h3>\n<p>2020 y\u0131l\u0131nda yakla\u015f\u0131k 1000 ki\u015fiyi istihdam eden Astor Enerji\u2019nin \u00e7al\u0131\u015fan say\u0131s\u0131n\u0131n 2024 y\u0131l\u0131 itibar\u0131yla 2002 ki\u015fiye ula\u015ft\u0131\u011f\u0131 a\u00e7\u0131kland\u0131.<\/p>\n<h3><strong>AR-GE Harcamalar\u0131yla Alan\u0131nda Birinci Oldu <\/strong><\/h3>\n<p>AR-GE odakl\u0131 \u00e7al\u0131\u015fmalar\u0131n\u0131 s\u00fcrd\u00fcren \u015firket, yeni yat\u0131r\u0131mlar\u0131yla enerji sekt\u00f6r\u00fcndeki faaliyetlerini geni\u015fletiyor. Bu d\u00f6nemde 12,7 milyon USD&#8217;lik yat\u0131r\u0131m harcamas\u0131 ger\u00e7ekle\u015ftirdi.<\/p>\n<h3><strong>2025 Yat\u0131r\u0131m Y\u0131l\u0131 Olacak<\/strong><\/h3>\n<p>Astor Enerji, mevcut fabrikalar\u0131n\u0131n 105 bin metrekare kapal\u0131 alanda \u00fcretim yapmas\u0131n\u0131n yan\u0131 s\u0131ra, OSB i\u00e7inde 228 bin metrekarelik yeni bir arsa alarak kapasite art\u0131r\u0131m\u0131 ve Emaye kapl\u0131, izolasyonlu bak\u0131r, al\u00fcminyum \u00fcretimi i\u00e7in in\u015faat \u00e7al\u0131\u015fmalar\u0131na ba\u015flad\u0131. 2025 y\u0131l\u0131 i\u00e7erisinde tamamlanmas\u0131 planlanan bu yat\u0131r\u0131mlar \u015firketin cirosuna, ihracat hedeflerine ve karl\u0131l\u0131\u011f\u0131n\u0131n art\u0131r\u0131lmas\u0131na \u00f6nemli katk\u0131lar sa\u011flayacak, Astor\u00a0 Enerji&#8217;nin uluslararas\u0131 pazardaki rekabet g\u00fcc\u00fcn\u00fc de \u00f6nemli \u00f6l\u00e7\u00fcde art\u0131racak.<\/p>\n<p>Bilan\u00e7oya ili\u015fkin a\u00e7\u0131klama yapan ASTOR Enerji A.\u015e. Y\u00f6netim Kurulu Ba\u015fkan\u0131 Feridun Ge\u00e7gel \u015funlar\u0131 anlatt\u0131: \u201c2024&#8217;\u00fcn ikinci \u00e7eyre\u011finde elde etti\u011fimiz g\u00fc\u00e7l\u00fc finansal sonu\u00e7lar, ASTOR Enerji&#8217;nin s\u00fcrd\u00fcr\u00fclebilir b\u00fcy\u00fcme stratejisinin bir yans\u0131mas\u0131 olarak de\u011ferlendiriyoruz. T\u00fcrkiye&#8217;deki \u015fu anda \u00fcretilmi\u015f en b\u00fcy\u00fck trafolardan birisini ASTOR\u2019un yerli m\u00fchendisleri ve teknisyenleri ile \u00fcrettik. Yurt i\u00e7inde ve yurt d\u0131\u015f\u0131nda b\u00fcy\u00fcmeye devam edece\u011fiz.\u201d<\/p>","protected":false},"excerpt":{"rendered":"<p>Sorry, this entry is only available in Turkish. For the sake of viewer convenience, the content is shown below in the alternative language. You may click the link to switch the active language. Transformat\u00f6r ve anahtarlama \u00fcr\u00fcnleri \u00fcreticisi Astor Enerji 2024 ikinci \u00e7eyrek finansal sonu\u00e7lar\u0131n\u0131 a\u00e7\u0131klad\u0131. A\u00e7\u0131klanan verilere g\u00f6re Astor Enerji A.\u015e., 2024&#8217;\u00fcn ikinci \u00e7eyre\u011finde [&hellip;]<\/p>\n","protected":false},"author":1,"featured_media":191333,"comment_status":"open","ping_status":"open","sticky":false,"template":"","format":"standard","meta":[],"categories":[51,53],"tags":[105221,105874,110516,105220],"views":76,"_links":{"self":[{"href":"https:\/\/www.enerjigazetesi.ist\/en\/wp-json\/wp\/v2\/posts\/191331"}],"collection":[{"href":"https:\/\/www.enerjigazetesi.ist\/en\/wp-json\/wp\/v2\/posts"}],"about":[{"href":"https:\/\/www.enerjigazetesi.ist\/en\/wp-json\/wp\/v2\/types\/post"}],"author":[{"embeddable":true,"href":"https:\/\/www.enerjigazetesi.ist\/en\/wp-json\/wp\/v2\/users\/1"}],"replies":[{"embeddable":true,"href":"https:\/\/www.enerjigazetesi.ist\/en\/wp-json\/wp\/v2\/comments?post=191331"}],"version-history":[{"count":0,"href":"https:\/\/www.enerjigazetesi.ist\/en\/wp-json\/wp\/v2\/posts\/191331\/revisions"}],"wp:featuredmedia":[{"embeddable":true,"href":"https:\/\/www.enerjigazetesi.ist\/en\/wp-json\/wp\/v2\/media\/191333"}],"wp:attachment":[{"href":"https:\/\/www.enerjigazetesi.ist\/en\/wp-json\/wp\/v2\/media?parent=191331"}],"wp:term":[{"taxonomy":"category","embeddable":true,"href":"https:\/\/www.enerjigazetesi.ist\/en\/wp-json\/wp\/v2\/categories?post=191331"},{"taxonomy":"post_tag","embeddable":true,"href":"https:\/\/www.enerjigazetesi.ist\/en\/wp-json\/wp\/v2\/tags?post=191331"}],"curies":[{"name":"wp","href":"https:\/\/api.w.org\/{rel}","templated":true}]}}