{"id":191261,"date":"2024-08-27T15:37:38","date_gmt":"2024-08-27T12:37:38","guid":{"rendered":"https:\/\/www.enerjigazetesi.ist\/?p=191261"},"modified":"2024-08-27T15:37:38","modified_gmt":"2024-08-27T12:37:38","slug":"otomobillerde-masraflari-onleyen-ve-emisyonu-azaltan-yeni-uygulama","status":"publish","type":"post","link":"https:\/\/www.enerjigazetesi.ist\/en\/otomobillerde-masraflari-onleyen-ve-emisyonu-azaltan-yeni-uygulama\/","title":{"rendered":"(Turkish) Otomobillerde Masraflar\u0131 \u00d6nleyen ve Emisyonu Azaltan Yeni Uygulama"},"content":{"rendered":"<p class=\"qtranxs-available-languages-message qtranxs-available-languages-message-en\">Sorry, this entry is only available in <a href=\"https:\/\/www.enerjigazetesi.ist\/tr\/wp-json\/wp\/v2\/posts\/191261\" class=\"qtranxs-available-language-link qtranxs-available-language-link-tr\" title=\"Turkish\">Turkish<\/a>. For the sake of viewer convenience, the content is shown below in the alternative language. You may click the link to switch the active language.<\/p><p><\/p>\n<h2><strong>\u00dclkemiz yollar\u0131nda seyir halinde bulunan 15 milyondan fazla otomobilin \u00f6mr\u00fcn\u00fc uzatacak yeni form\u00fcl Motul\u2019den geldi. D\u00fcnya\u2019n\u0131n en k\u00f6kl\u00fc ya\u011f \u00fcreticisi Motul, All In One ad\u0131n\u0131 verdi\u011fi \u201cHepsi Bir Arada\u201d katk\u0131s\u0131n\u0131 T\u00fcrkiye pazar\u0131nda sat\u0131\u015fa sundu. Motul All In One Ultra, 1000 kilometrede y\u00fczde 9 yak\u0131t tasarrufu sa\u011flarken, emisyon oran\u0131n\u0131 da \u00f6nemli oranda d\u00fc\u015f\u00fcrerek s\u00fcrd\u00fcr\u00fclebilirli\u011fe katk\u0131 sa\u011fl\u0131yor. Ayr\u0131ca motorda ve yak\u0131t sisteminde 6 ayl\u0131k koruma sa\u011flayarak, a\u011f\u0131r bak\u0131m gerektirecek \u00f6nemli ar\u0131zalar\u0131n \u00f6nlenmesine yard\u0131mc\u0131 oluyor.<\/strong><\/h2>\n<p style=\"text-align: center;\"><img loading=\"lazy\" class=\"aligncenter wp-image-191263\" src=\"https:\/\/www.enerjigazetesi.ist\/wp-content\/uploads\/2024\/08\/otomobillerde-masraflari-onleyen-ve-emisyonu-azaltan-yeni-uygulama.jpg\" alt=\"\" width=\"500\" height=\"334\" srcset=\"https:\/\/www.enerjigazetesi.ist\/wp-content\/uploads\/2024\/08\/otomobillerde-masraflari-onleyen-ve-emisyonu-azaltan-yeni-uygulama.jpg 550w, https:\/\/www.enerjigazetesi.ist\/wp-content\/uploads\/2024\/08\/otomobillerde-masraflari-onleyen-ve-emisyonu-azaltan-yeni-uygulama-300x200.jpg 300w, https:\/\/www.enerjigazetesi.ist\/wp-content\/uploads\/2024\/08\/otomobillerde-masraflari-onleyen-ve-emisyonu-azaltan-yeni-uygulama-500x334.jpg 500w, https:\/\/www.enerjigazetesi.ist\/wp-content\/uploads\/2024\/08\/otomobillerde-masraflari-onleyen-ve-emisyonu-azaltan-yeni-uygulama-75x50.jpg 75w, https:\/\/www.enerjigazetesi.ist\/wp-content\/uploads\/2024\/08\/otomobillerde-masraflari-onleyen-ve-emisyonu-azaltan-yeni-uygulama-450x300.jpg 450w\" sizes=\"(max-width: 500px) 100vw, 500px\" \/><\/p>\n<p>170 y\u0131l\u0131 a\u015fk\u0131n s\u00fcredir otomobil end\u00fcstrisine bir\u00e7ok yenili\u011fi kazand\u0131ran Motul, bak\u0131m, performans ve s\u00fcrd\u00fcr\u00fclebilirlikte \u00f6nemli bir ad\u0131ma daha imza att\u0131. T\u00fcrkiye\u2019de sat\u0131\u015f\u0131na ba\u015flanan ve hem dizel hem de benzinli t\u00fcm i\u00e7ten yanmal\u0131 motora sahip otomobillerde kullan\u0131labilen Hepsi Bir Arada &#8211; All In One Ultra, s\u00fcr\u00fcc\u00fclerin cebini koruyacak bir dizi katk\u0131 \u00f6zelli\u011fi i\u00e7eriyor.<\/p>\n<div id=\"attachment_191264\" style=\"width: 510px\" class=\"wp-caption aligncenter\"><img aria-describedby=\"caption-attachment-191264\" loading=\"lazy\" class=\"wp-image-191264\" src=\"https:\/\/www.enerjigazetesi.ist\/wp-content\/uploads\/2024\/08\/otomobillerde-masraflari-onleyen-ve-emisyonu-azaltan-yeni-uygulama-1.jpg\" alt=\"\" width=\"500\" height=\"375\" srcset=\"https:\/\/www.enerjigazetesi.ist\/wp-content\/uploads\/2024\/08\/otomobillerde-masraflari-onleyen-ve-emisyonu-azaltan-yeni-uygulama-1.jpg 550w, https:\/\/www.enerjigazetesi.ist\/wp-content\/uploads\/2024\/08\/otomobillerde-masraflari-onleyen-ve-emisyonu-azaltan-yeni-uygulama-1-300x225.jpg 300w, https:\/\/www.enerjigazetesi.ist\/wp-content\/uploads\/2024\/08\/otomobillerde-masraflari-onleyen-ve-emisyonu-azaltan-yeni-uygulama-1-500x375.jpg 500w, https:\/\/www.enerjigazetesi.ist\/wp-content\/uploads\/2024\/08\/otomobillerde-masraflari-onleyen-ve-emisyonu-azaltan-yeni-uygulama-1-67x50.jpg 67w\" sizes=\"(max-width: 500px) 100vw, 500px\" \/><p id=\"caption-attachment-191264\" class=\"wp-caption-text\">Motul T\u00fcrkiye Teknik M\u00fcd\u00fcr\u00fc Ferhat I\u015f\u0131k<\/p><\/div>\n<p>\u00d6zellikle \u015fehirde yo\u011fun trafikte ara\u00e7 kullanan s\u00fcr\u00fcc\u00fclerin pratik bi\u00e7imde otomobillerini korumas\u0131 ve yak\u0131t t\u00fcketimlerini d\u00fc\u015f\u00fcrmelerini ama\u00e7layan \u00fcr\u00fcn, yak\u0131t deposuna eklenerek etkisini g\u00f6stermeye ba\u015fl\u0131yor. Yak\u0131t\u0131n oktan say\u0131s\u0131n\u0131 art\u0131ran <strong>All In One Ultra<\/strong>, yap\u0131lan testlerde emisyon de\u011ferlerini d\u00fc\u015f\u00fcr\u00fcrken, 1000 kilometrede y\u00fczde 9 yak\u0131t tasarrufu sa\u011flad\u0131\u011f\u0131n\u0131 g\u00f6sterdi. Yak\u0131t sisteminde ve motordaki kirli y\u00fczeyleri temizleyip koruma alt\u0131na alan \u00f6zel form\u00fcl\u00fc ile otomobilleri a\u011f\u0131r bak\u0131m masraflar\u0131ndan kurtaran <strong>All In One Ultra<\/strong>, 6 ay boyunca etkisini koruyor. <strong>Motul T\u00fcrkiye Teknik M\u00fcd\u00fcr\u00fc Ferhat I\u015f\u0131k,<\/strong><em> \u201cD\u00fczenli kullan\u0131mda motorun s\u00fcrekli olarak fabrikasyon \u00e7\u0131k\u0131\u015f verilerinde kalmas\u0131n\u0131 sa\u011flayan, t\u0131pk\u0131 bir enerji i\u00e7ece\u011fi g\u00f6revini g\u00f6ren bu etkili \u00fcr\u00fcn, yapt\u0131\u011f\u0131m\u0131z testlerde a\u011f\u0131r bak\u0131m gerektirecek b\u00fcy\u00fck ar\u0131zalar\u0131 \u00f6nledi\u011fini ve yak\u0131t t\u00fcketimini hissedilir derecede d\u00fc\u015f\u00fcrd\u00fc\u011f\u00fcn\u00fc g\u00f6sterdi, ger\u00e7ekten i\u015fe yar\u0131yor. Bu etkiler sayesinde emisyon de\u011ferleri d\u00fc\u015fen ara\u00e7lar, s\u00fcrd\u00fcr\u00fclebilirli\u011fin de \u00f6nemli bir par\u00e7as\u0131 oluyor.\u201d<\/em> dedi.<\/p>","protected":false},"excerpt":{"rendered":"<p>Sorry, this entry is only available in Turkish. For the sake of viewer convenience, the content is shown below in the alternative language. You may click the link to switch the active language. \u00dclkemiz yollar\u0131nda seyir halinde bulunan 15 milyondan fazla otomobilin \u00f6mr\u00fcn\u00fc uzatacak yeni form\u00fcl Motul\u2019den geldi. D\u00fcnya\u2019n\u0131n en k\u00f6kl\u00fc ya\u011f \u00fcreticisi Motul, All [&hellip;]<\/p>\n","protected":false},"author":1,"featured_media":191263,"comment_status":"open","ping_status":"open","sticky":false,"template":"","format":"standard","meta":[],"categories":[53,44],"tags":[114975,114976,114977,4631,76718,1473,1293],"views":28,"_links":{"self":[{"href":"https:\/\/www.enerjigazetesi.ist\/en\/wp-json\/wp\/v2\/posts\/191261"}],"collection":[{"href":"https:\/\/www.enerjigazetesi.ist\/en\/wp-json\/wp\/v2\/posts"}],"about":[{"href":"https:\/\/www.enerjigazetesi.ist\/en\/wp-json\/wp\/v2\/types\/post"}],"author":[{"embeddable":true,"href":"https:\/\/www.enerjigazetesi.ist\/en\/wp-json\/wp\/v2\/users\/1"}],"replies":[{"embeddable":true,"href":"https:\/\/www.enerjigazetesi.ist\/en\/wp-json\/wp\/v2\/comments?post=191261"}],"version-history":[{"count":0,"href":"https:\/\/www.enerjigazetesi.ist\/en\/wp-json\/wp\/v2\/posts\/191261\/revisions"}],"wp:featuredmedia":[{"embeddable":true,"href":"https:\/\/www.enerjigazetesi.ist\/en\/wp-json\/wp\/v2\/media\/191263"}],"wp:attachment":[{"href":"https:\/\/www.enerjigazetesi.ist\/en\/wp-json\/wp\/v2\/media?parent=191261"}],"wp:term":[{"taxonomy":"category","embeddable":true,"href":"https:\/\/www.enerjigazetesi.ist\/en\/wp-json\/wp\/v2\/categories?post=191261"},{"taxonomy":"post_tag","embeddable":true,"href":"https:\/\/www.enerjigazetesi.ist\/en\/wp-json\/wp\/v2\/tags?post=191261"}],"curies":[{"name":"wp","href":"https:\/\/api.w.org\/{rel}","templated":true}]}}