{"id":191252,"date":"2024-08-27T14:59:01","date_gmt":"2024-08-27T11:59:01","guid":{"rendered":"https:\/\/www.enerjigazetesi.ist\/?p=191252"},"modified":"2024-08-27T14:59:01","modified_gmt":"2024-08-27T11:59:01","slug":"trendyol-surdurulebilirlige-yon-veren-cop29-icin-calismalarini-baslatti","status":"publish","type":"post","link":"https:\/\/www.enerjigazetesi.ist\/en\/trendyol-surdurulebilirlige-yon-veren-cop29-icin-calismalarini-baslatti\/","title":{"rendered":"(Turkish) &#8217;Trendyol&#8217; S\u00fcrd\u00fcr\u00fclebilirli\u011fe Y\u00f6n Veren COP29 \u0130\u00e7in \u00c7al\u0131\u015fmalar\u0131n\u0131 Ba\u015flatt\u0131"},"content":{"rendered":"<p class=\"qtranxs-available-languages-message qtranxs-available-languages-message-en\">Sorry, this entry is only available in <a href=\"https:\/\/www.enerjigazetesi.ist\/tr\/wp-json\/wp\/v2\/posts\/191252\" class=\"qtranxs-available-language-link qtranxs-available-language-link-tr\" title=\"Turkish\">Turkish<\/a>. For the sake of viewer convenience, the content is shown below in the alternative language. You may click the link to switch the active language.<\/p><p><\/p>\n<h2><strong>Trendyol, d\u00fcnyada s\u00fcrd\u00fcr\u00fclebilirli\u011fin y\u00f6n\u00fcn\u00fc belirleyen COP29 kapsam\u0131ndaki \u00e7al\u0131\u015fmalar\u0131n\u0131 Bak\u00fc\u2019de ba\u015flatt\u0131. \u015eirket, 11-22 Kas\u0131m 2024 tarihlerinde Azerbaycan\u2019\u0131n ba\u015fkenti Bak\u00fc\u2019de ger\u00e7ekle\u015ftirilecek COP29 etkinli\u011fi \u00f6ncesi, COP29 Ba\u015fkanl\u0131\u011f\u0131 taraf\u0131ndan d\u00fczenlenen geni\u015f kat\u0131l\u0131ml\u0131 medya \u00e7al\u0131\u015ftay\u0131n\u0131n destek\u00e7isi oldu. D\u00fcnya liderlerinin k\u00fcresel iklim de\u011fi\u015fikli\u011fini ele alaca\u011f\u0131 konferans \u00f6ncesi haz\u0131rl\u0131klar kapsam\u0131nda ger\u00e7ekle\u015ftirilen \u00e7al\u0131\u015ftayda, medyan\u0131n s\u00fcrd\u00fcr\u00fclebilirlik \u00fczerine fark\u0131ndal\u0131k yaratmadaki rol\u00fc ve g\u00fcc\u00fcne vurgu yap\u0131ld\u0131.<\/strong><\/h2>\n<p style=\"text-align: center;\"><img loading=\"lazy\" class=\"aligncenter wp-image-191254\" src=\"https:\/\/www.enerjigazetesi.ist\/wp-content\/uploads\/2024\/08\/trendyol-surdurulebilirlige-yon-veren-cop29-icin-calismalarini-baslatti.jpg\" alt=\"\" width=\"500\" height=\"371\" srcset=\"https:\/\/www.enerjigazetesi.ist\/wp-content\/uploads\/2024\/08\/trendyol-surdurulebilirlige-yon-veren-cop29-icin-calismalarini-baslatti.jpg 550w, https:\/\/www.enerjigazetesi.ist\/wp-content\/uploads\/2024\/08\/trendyol-surdurulebilirlige-yon-veren-cop29-icin-calismalarini-baslatti-300x223.jpg 300w, https:\/\/www.enerjigazetesi.ist\/wp-content\/uploads\/2024\/08\/trendyol-surdurulebilirlige-yon-veren-cop29-icin-calismalarini-baslatti-500x371.jpg 500w, https:\/\/www.enerjigazetesi.ist\/wp-content\/uploads\/2024\/08\/trendyol-surdurulebilirlige-yon-veren-cop29-icin-calismalarini-baslatti-67x50.jpg 67w\" sizes=\"(max-width: 500px) 100vw, 500px\" \/><\/p>\n<p>T\u00fcrkiye\u2019de, sekt\u00f6r\u00fcn\u00fcn \u00a0ilk ve en kapsaml\u0131 s\u00fcrd\u00fcr\u00fclebilirlik yol haritas\u0131 olan &#8220;S\u00fcrd\u00fcr\u00fclebilir Etki Plan\u0131&#8221;n\u0131 hayata ge\u00e7iren ve bu do\u011frultuda \u00e7al\u0131\u015fmalar ger\u00e7ekle\u015ftiren Trendyol, s\u00fcrd\u00fcr\u00fclebilirli\u011fin k\u00fcresel y\u00f6n\u00fcn\u00fc belirleyen en \u00f6nemli bulu\u015fma olan COP29\u2019un destek\u00e7ileri aras\u0131nda yer al\u0131yor. S\u00fcrd\u00fcr\u00fclebilirli\u011fe verdi\u011fi \u00f6nem ve bu konudaki kapsaml\u0131 bak\u0131\u015f a\u00e7\u0131s\u0131yla \u00f6nemli ad\u0131mlar atan \u015firket, COP29 kapsam\u0131ndaki \u00e7al\u0131\u015fmalar\u0131n\u0131n ilkini de Bak\u00fc\u2019de ger\u00e7ekle\u015ftirdi. Trendyol, 11-22 Kas\u0131m 2024 tarihlerinde Azerbaycan\u2019\u0131n ba\u015fkenti Bak\u00fc\u2019de ger\u00e7ekle\u015ftirilecek COP29 etkinli\u011fi \u00f6ncesi, COP29 Ba\u015fkanl\u0131\u011f\u0131 taraf\u0131ndan d\u00fczenlenen, geni\u015f kat\u0131l\u0131ml\u0131 medya \u00e7al\u0131\u015ftay\u0131n\u0131n ger\u00e7ekle\u015ftirilmesine katk\u0131 sa\u011flad\u0131. Medyan\u0131n, iklim de\u011fi\u015fikli\u011fine dair fark\u0131ndal\u0131\u011f\u0131 geni\u015f kitlelere yaymadaki \u00f6nemini ve bu y\u00f6nde geli\u015ftirilebilecek medya stratejilerini merkezine alan \u00e7al\u0131\u015ftayda, COP29 organizasyonuna ve hedeflerine dair bilgilendirmeler yap\u0131ld\u0131. COP29 Ba\u015f M\u00fczakerecisi Yalchin Rafiyev, COP29 Operasyon Direkt\u00f6r\u00fc Narmin Jarchalova ve BM Mukim Koordinat\u00f6r\u00fc Vladanka Andreeva, \u00e7al\u0131\u015ftay kapsam\u0131ndaki panelin kat\u0131l\u0131mc\u0131lar\u0131 aras\u0131nda yer ald\u0131.<\/p>\n<h3><strong>Azerbaycan\u2019\u0131n En Pop\u00fcler Uygulamas\u0131<\/strong><\/h3>\n<p>T\u00fcrk i\u015fletmelerinin, e-ihracat yoluyla, s\u0131n\u0131r \u00f6tesi ticarette rekabet g\u00fcc\u00fcn\u00fc art\u0131rmak ad\u0131na ba\u015flatt\u0131\u011f\u0131 yurtd\u0131\u015f\u0131 a\u00e7\u0131l\u0131m s\u00fcrecinde Trendyol, ge\u00e7ti\u011fimiz sene Pasha Holding i\u015f birli\u011fi ile Azerbaycan pazar\u0131na giri\u015f yapm\u0131\u015ft\u0131. Trendyol, Azerbaycan\u2019da a\u00e7\u0131ld\u0131\u011f\u0131ndan bu yana \u00fclkenin en \u00e7ok indirilen ve kullan\u0131lan platformu konumunda bulunuyor. \u00dclkede, yakla\u015f\u0131k 2 milyon m\u00fc\u015fteri Trendyol\u2019u aktif bir \u015fekilde kullan\u0131yor. \u015eirket, son 1 y\u0131lda yerli i\u015fletmelerin 10 milyondan fazla sipari\u015fini Azerbaycan\u2019a ula\u015ft\u0131rm\u0131\u015f durumda.<\/p>","protected":false},"excerpt":{"rendered":"<p>Sorry, this entry is only available in Turkish. For the sake of viewer convenience, the content is shown below in the alternative language. You may click the link to switch the active language. Trendyol, d\u00fcnyada s\u00fcrd\u00fcr\u00fclebilirli\u011fin y\u00f6n\u00fcn\u00fc belirleyen COP29 kapsam\u0131ndaki \u00e7al\u0131\u015fmalar\u0131n\u0131 Bak\u00fc\u2019de ba\u015flatt\u0131. \u015eirket, 11-22 Kas\u0131m 2024 tarihlerinde Azerbaycan\u2019\u0131n ba\u015fkenti Bak\u00fc\u2019de ger\u00e7ekle\u015ftirilecek COP29 etkinli\u011fi \u00f6ncesi, [&hellip;]<\/p>\n","protected":false},"author":1,"featured_media":191254,"comment_status":"open","ping_status":"open","sticky":false,"template":"","format":"standard","meta":[],"categories":[53,52],"tags":[114970,114972,97763,114973,114971,114974],"views":14,"_links":{"self":[{"href":"https:\/\/www.enerjigazetesi.ist\/en\/wp-json\/wp\/v2\/posts\/191252"}],"collection":[{"href":"https:\/\/www.enerjigazetesi.ist\/en\/wp-json\/wp\/v2\/posts"}],"about":[{"href":"https:\/\/www.enerjigazetesi.ist\/en\/wp-json\/wp\/v2\/types\/post"}],"author":[{"embeddable":true,"href":"https:\/\/www.enerjigazetesi.ist\/en\/wp-json\/wp\/v2\/users\/1"}],"replies":[{"embeddable":true,"href":"https:\/\/www.enerjigazetesi.ist\/en\/wp-json\/wp\/v2\/comments?post=191252"}],"version-history":[{"count":0,"href":"https:\/\/www.enerjigazetesi.ist\/en\/wp-json\/wp\/v2\/posts\/191252\/revisions"}],"wp:featuredmedia":[{"embeddable":true,"href":"https:\/\/www.enerjigazetesi.ist\/en\/wp-json\/wp\/v2\/media\/191254"}],"wp:attachment":[{"href":"https:\/\/www.enerjigazetesi.ist\/en\/wp-json\/wp\/v2\/media?parent=191252"}],"wp:term":[{"taxonomy":"category","embeddable":true,"href":"https:\/\/www.enerjigazetesi.ist\/en\/wp-json\/wp\/v2\/categories?post=191252"},{"taxonomy":"post_tag","embeddable":true,"href":"https:\/\/www.enerjigazetesi.ist\/en\/wp-json\/wp\/v2\/tags?post=191252"}],"curies":[{"name":"wp","href":"https:\/\/api.w.org\/{rel}","templated":true}]}}