{"id":191231,"date":"2024-08-27T13:36:52","date_gmt":"2024-08-27T10:36:52","guid":{"rendered":"https:\/\/www.enerjigazetesi.ist\/?p=191231"},"modified":"2024-08-27T13:37:15","modified_gmt":"2024-08-27T10:37:15","slug":"ronesans-enerji-ilk-ges-yatirimi-icin-epc-sozlesmesini-imzaladi","status":"publish","type":"post","link":"https:\/\/www.enerjigazetesi.ist\/en\/ronesans-enerji-ilk-ges-yatirimi-icin-epc-sozlesmesini-imzaladi\/","title":{"rendered":"(Turkish) R\u00f6nesans Enerji \u0130lk GES Yat\u0131r\u0131m\u0131 \u0130\u00e7in EPC S\u00f6zle\u015fmesini \u0130mzalad\u0131"},"content":{"rendered":"<p class=\"qtranxs-available-languages-message qtranxs-available-languages-message-en\">Sorry, this entry is only available in <a href=\"https:\/\/www.enerjigazetesi.ist\/tr\/wp-json\/wp\/v2\/posts\/191231\" class=\"qtranxs-available-language-link qtranxs-available-language-link-tr\" title=\"Turkish\">Turkish<\/a>. For the sake of viewer convenience, the content is shown below in the alternative language. You may click the link to switch the active language.<\/p><p><\/p>\n<h2><strong>2028 y\u0131l\u0131na kadar 2 milyar dolar de\u011ferinde 2.000 MW\u2019l\u0131k ye\u015fil enerji yat\u0131r\u0131m\u0131 yapmay\u0131 hedefleyen R\u00f6nesans Enerji, ilk GES yat\u0131r\u0131m\u0131 i\u00e7in d\u00fc\u011fmeye bast\u0131. Mevcut durumda 166 MW\u2019l\u0131k kurulu kapasitesi bulunan ve 189 MW\u2019l\u0131k RES yat\u0131r\u0131m\u0131 devam eden R\u00f6nesans Enerji, 4,6 MWp\u2019lik hibrit GES yat\u0131r\u0131m\u0131 ger\u00e7ekle\u015ftirecek.<\/strong><\/h2>\n<p>R\u00f6nesans Holding ve TotalEnergies\u2019in ortak giri\u015fimi olan R\u00f6nesans Enerji, ilk GES yat\u0131r\u0131m\u0131 i\u00e7in EPC s\u00f6zle\u015fmesini Cora Enerji ile imzalad\u0131. R\u00f6nesans Enerji\u2019nin s\u00f6z konusu GES yat\u0131r\u0131m\u0131 ile y\u0131lda yakla\u015f\u0131k 4 bin ton karbon emisyonunun \u00f6n\u00fcne ge\u00e7ilmi\u015f olacak.<\/p>\n<div id=\"attachment_191233\" style=\"width: 510px\" class=\"wp-caption aligncenter\"><img aria-describedby=\"caption-attachment-191233\" loading=\"lazy\" class=\"wp-image-191233\" src=\"https:\/\/www.enerjigazetesi.ist\/wp-content\/uploads\/2024\/08\/ronesans-enerji-ilk-ges-yatirimi-icin-epc-sozlesmesini-imzaladi.jpg\" alt=\"\" width=\"500\" height=\"400\" srcset=\"https:\/\/www.enerjigazetesi.ist\/wp-content\/uploads\/2024\/08\/ronesans-enerji-ilk-ges-yatirimi-icin-epc-sozlesmesini-imzaladi.jpg 550w, https:\/\/www.enerjigazetesi.ist\/wp-content\/uploads\/2024\/08\/ronesans-enerji-ilk-ges-yatirimi-icin-epc-sozlesmesini-imzaladi-300x240.jpg 300w, https:\/\/www.enerjigazetesi.ist\/wp-content\/uploads\/2024\/08\/ronesans-enerji-ilk-ges-yatirimi-icin-epc-sozlesmesini-imzaladi-500x400.jpg 500w, https:\/\/www.enerjigazetesi.ist\/wp-content\/uploads\/2024\/08\/ronesans-enerji-ilk-ges-yatirimi-icin-epc-sozlesmesini-imzaladi-63x50.jpg 63w\" sizes=\"(max-width: 500px) 100vw, 500px\" \/><p id=\"caption-attachment-191233\" class=\"wp-caption-text\">R\u00f6nesans Holding Y\u00f6netim Kurulu \u00dcyesi ve Enerji Grup Ba\u015fkan\u0131 Emre Hatem<\/p><\/div>\n<p><strong>R\u00f6nesans Holding Y\u00f6netim Kurulu \u00dcyesi ve Enerji Grup Ba\u015fkan\u0131 Emre Hatem<\/strong>, R\u00f6nesans Enerji\u2019nin ilk GES yat\u0131r\u0131m\u0131n\u0131n yine R\u00f6nesans Enerji\u2019ye ait olan Amasya\u2019da kurulu Kale HES ve Osmanc\u0131k HES\u2019e b\u00fct\u00fcnle\u015fik olarak ger\u00e7ekle\u015ftirilece\u011fini s\u00f6yledi. Kale HES\u2019e b\u00fct\u00fcnle\u015fik 3,5 MWp, Osmanc\u0131k HES\u2019e b\u00fct\u00fcnle\u015fik 1,1 MWp olmak \u00fczere toplam 4,6 MWp g\u00fc\u00e7te hibrit GES kurulumu yapacaklar\u0131n\u0131 anlatan Hatem, \u00fcretimi ger\u00e7ekle\u015ftirecek santrallerin y\u0131l sonuna kadar devreye al\u0131nmas\u0131n\u0131n planland\u0131\u011f\u0131n\u0131 ifade etti.<\/p>\n<p>Halihaz\u0131rda 166 MW operasyonel, 194 MW in\u015fa halinde, 366 MW geli\u015ftirme a\u015famas\u0131nda olmak \u00fczere toplam 726 MW\u2019l\u0131k proje b\u00fcy\u00fckl\u00fc\u011f\u00fcne sahip olan R\u00f6nesans Enerji, yapaca\u011f\u0131 toplam 2.000 MW\u2019l\u0131k yat\u0131r\u0131m ile T\u00fcrkiye Ulusal Enerji Plan\u0131\u2019nda 2028 y\u0131l\u0131na kadar ger\u00e7ekle\u015ftirilmesi \u00f6ng\u00f6r\u00fclen ye\u015fil enerji yat\u0131r\u0131mlar\u0131n\u0131n yakla\u015f\u0131k y\u00fczde 7 ila 10\u2019unu ger\u00e7ekle\u015ftirmeyi hedefliyor.<\/p>","protected":false},"excerpt":{"rendered":"<p>Sorry, this entry is only available in Turkish. For the sake of viewer convenience, the content is shown below in the alternative language. You may click the link to switch the active language. 2028 y\u0131l\u0131na kadar 2 milyar dolar de\u011ferinde 2.000 MW\u2019l\u0131k ye\u015fil enerji yat\u0131r\u0131m\u0131 yapmay\u0131 hedefleyen R\u00f6nesans Enerji, ilk GES yat\u0131r\u0131m\u0131 i\u00e7in d\u00fc\u011fmeye bast\u0131. [&hellip;]<\/p>\n","protected":false},"author":1,"featured_media":191235,"comment_status":"open","ping_status":"open","sticky":false,"template":"","format":"standard","meta":[],"categories":[51,53,49],"tags":[114964,72452,29013,2206,80267,29368,9359],"views":49,"_links":{"self":[{"href":"https:\/\/www.enerjigazetesi.ist\/en\/wp-json\/wp\/v2\/posts\/191231"}],"collection":[{"href":"https:\/\/www.enerjigazetesi.ist\/en\/wp-json\/wp\/v2\/posts"}],"about":[{"href":"https:\/\/www.enerjigazetesi.ist\/en\/wp-json\/wp\/v2\/types\/post"}],"author":[{"embeddable":true,"href":"https:\/\/www.enerjigazetesi.ist\/en\/wp-json\/wp\/v2\/users\/1"}],"replies":[{"embeddable":true,"href":"https:\/\/www.enerjigazetesi.ist\/en\/wp-json\/wp\/v2\/comments?post=191231"}],"version-history":[{"count":0,"href":"https:\/\/www.enerjigazetesi.ist\/en\/wp-json\/wp\/v2\/posts\/191231\/revisions"}],"wp:featuredmedia":[{"embeddable":true,"href":"https:\/\/www.enerjigazetesi.ist\/en\/wp-json\/wp\/v2\/media\/191235"}],"wp:attachment":[{"href":"https:\/\/www.enerjigazetesi.ist\/en\/wp-json\/wp\/v2\/media?parent=191231"}],"wp:term":[{"taxonomy":"category","embeddable":true,"href":"https:\/\/www.enerjigazetesi.ist\/en\/wp-json\/wp\/v2\/categories?post=191231"},{"taxonomy":"post_tag","embeddable":true,"href":"https:\/\/www.enerjigazetesi.ist\/en\/wp-json\/wp\/v2\/tags?post=191231"}],"curies":[{"name":"wp","href":"https:\/\/api.w.org\/{rel}","templated":true}]}}