{"id":191199,"date":"2024-08-22T16:50:23","date_gmt":"2024-08-22T13:50:23","guid":{"rendered":"https:\/\/www.enerjigazetesi.ist\/?p=191199"},"modified":"2024-08-22T16:51:56","modified_gmt":"2024-08-22T13:51:56","slug":"yaz-aylarinda-elektrik-faturalarindan-tasarruf-etmenin-sirri-iyi-bir-isi-yalitimi","status":"publish","type":"post","link":"https:\/\/www.enerjigazetesi.ist\/en\/yaz-aylarinda-elektrik-faturalarindan-tasarruf-etmenin-sirri-iyi-bir-isi-yalitimi\/","title":{"rendered":"(Turkish) Elektrik Faturalar\u0131ndan Tasarruf Etmenin S\u0131rr\u0131: \u0130yi Bir Is\u0131 Yal\u0131t\u0131m\u0131"},"content":{"rendered":"<p class=\"qtranxs-available-languages-message qtranxs-available-languages-message-en\">Sorry, this entry is only available in <a href=\"https:\/\/www.enerjigazetesi.ist\/tr\/wp-json\/wp\/v2\/posts\/191199\" class=\"qtranxs-available-language-link qtranxs-available-language-link-tr\" title=\"Turkish\">Turkish<\/a>. For the sake of viewer convenience, the content is shown below in the alternative language. You may click the link to switch the active language.<\/p><p><\/p>\n<h2><strong>Yaz aylar\u0131nda y\u00fcksek s\u0131cakl\u0131klar ve g\u00fcne\u015fin etkisiyle binalar\u0131n i\u00e7 mek\u00e2nlar\u0131 da \u0131s\u0131nmaya ba\u015flar. Bu durum, klima ve di\u011fer so\u011futma sistemlerinin daha fazla kullan\u0131lmas\u0131na ve dolay\u0131s\u0131yla enerji t\u00fcketiminin \u00f6nemli bir \u015fekilde artarak hem elektrik faturalar\u0131n\u0131n y\u00fckselmesine hem de \u00e7evre i\u00e7in negatif bir etkiye sebep olur. Ancak, do\u011fru bir \u0131s\u0131 yal\u0131t\u0131m\u0131yla enerji verimlili\u011fi sa\u011flanarak hem maliyetleri d\u00fc\u015f\u00fcrmek hem de \u00e7evre dostu olmak m\u00fcmk\u00fcn.<\/strong><\/h2>\n<p style=\"text-align: center;\"><img loading=\"lazy\" class=\"aligncenter wp-image-191201\" src=\"https:\/\/www.enerjigazetesi.ist\/wp-content\/uploads\/2024\/08\/yaz-aylarinda-elektrik-faturalarindan-tasarruf-etmenin-sirri-iyi-bir-isi-yalitimi.jpg\" alt=\"\" width=\"500\" height=\"372\" srcset=\"https:\/\/www.enerjigazetesi.ist\/wp-content\/uploads\/2024\/08\/yaz-aylarinda-elektrik-faturalarindan-tasarruf-etmenin-sirri-iyi-bir-isi-yalitimi.jpg 550w, https:\/\/www.enerjigazetesi.ist\/wp-content\/uploads\/2024\/08\/yaz-aylarinda-elektrik-faturalarindan-tasarruf-etmenin-sirri-iyi-bir-isi-yalitimi-300x223.jpg 300w, https:\/\/www.enerjigazetesi.ist\/wp-content\/uploads\/2024\/08\/yaz-aylarinda-elektrik-faturalarindan-tasarruf-etmenin-sirri-iyi-bir-isi-yalitimi-500x372.jpg 500w, https:\/\/www.enerjigazetesi.ist\/wp-content\/uploads\/2024\/08\/yaz-aylarinda-elektrik-faturalarindan-tasarruf-etmenin-sirri-iyi-bir-isi-yalitimi-67x50.jpg 67w\" sizes=\"(max-width: 500px) 100vw, 500px\" \/><\/p>\n<p>Is\u0131 yal\u0131t\u0131m\u0131, yaz aylar\u0131nda binalar\u0131n d\u0131\u015f\u0131ndan gelen s\u0131cak havan\u0131n, k\u0131\u015f aylar\u0131nda ise so\u011fuk havan\u0131n i\u00e7eri girmesini engeller. B\u00f6ylece, i\u00e7 mek\u00e2n s\u0131cakl\u0131\u011f\u0131 belli bir seviyede tutulur; klima veya vantilat\u00f6r gibi so\u011futma sistemlerinin daha az enerji harcamas\u0131 sa\u011flan\u0131r. Bu da do\u011frudan enerji maliyetlerinde tasarruf sa\u011flar ve ekonomik a\u00e7\u0131dan b\u00fcy\u00fck avantajlar sunar.<\/p>\n<p>Bunun yan\u0131 s\u0131ra iyi bir \u0131s\u0131 yal\u0131t\u0131m\u0131 sadece enerji tasarrufu sa\u011flamakla kalmaz, ayn\u0131 zamanda konfor seviyesini de art\u0131r\u0131r. \u0130yi yal\u0131t\u0131lm\u0131\u015f bir bina, d\u0131\u015f s\u0131cakl\u0131klardan daha az etkilenir ve yaz\u0131n i\u00e7 mek\u00e2n\u0131n daha serin, k\u0131\u015f\u0131n ise daha s\u0131cak kalmas\u0131n\u0131 sa\u011flar. Bu durum, \u00e7al\u0131\u015fma verimlili\u011fini art\u0131r\u0131r; ev veya i\u015fyeri sahiplerinin yaz\u0131n s\u0131cak, k\u0131\u015f\u0131n ise so\u011fuk g\u00fcnlerinde daha rahat bir ortamda zaman ge\u00e7irmelerini sa\u011flar.<br \/>\nIs\u0131 yal\u0131t\u0131m\u0131n\u0131n uzun vadeli faydalar\u0131 da g\u00f6z ard\u0131 edilmemelidir. Binalar\u0131n yaz aylar\u0131nda s\u00fcrekli olarak klima veya di\u011fer so\u011futma sistemlerine y\u00fcksek talep g\u00f6stermesi, bu sistemlerin daha s\u0131k bak\u0131m gerektirmesine ve daha k\u0131sa \u00f6m\u00fcrl\u00fc olmalar\u0131na yol a\u00e7abilir. \u0130yi bir \u0131s\u0131 yal\u0131t\u0131m\u0131, bu t\u00fcr bak\u0131m maliyetlerini ve ekipman de\u011fi\u015fimlerini azaltarak uzun vadeli maliyetleri minimize eder.<\/p>\n<p>Klima ve vantilat\u00f6r gibi so\u011futma sistemlerinin a\u015f\u0131r\u0131 kullan\u0131m\u0131, yaln\u0131zca enerji maliyetlerini art\u0131rmakla kalmaz, ayn\u0131 zamanda \u00e7evresel s\u00fcrd\u00fcr\u00fclebilirlik a\u00e7\u0131s\u0131ndan da olumsuz etkilere yol a\u00e7ar. Ayr\u0131ca insan sa\u011fl\u0131\u011f\u0131n\u0131 da olumsuz etkileyerek grip ve so\u011fuk alg\u0131nl\u0131\u011f\u0131 gibi \u00fcst solunum yolu enfeksiyonlar\u0131na; cilt ve g\u00f6z gibi hassas b\u00f6lgelerin kurumas\u0131na yol a\u00e7abilir. Bu cihazlar\u0131n s\u00fcrekli \u00e7al\u0131\u015fmas\u0131, enerji t\u00fcketimini \u00f6nemli \u00f6l\u00e7\u00fcde art\u0131rarak enerji kaynaklar\u0131n\u0131n daha fazla kullan\u0131lmas\u0131na neden olur ve bu da sera gaz\u0131 emisyonlar\u0131n\u0131 art\u0131r\u0131r. Oysa, iyi bir \u0131s\u0131 yal\u0131t\u0131m\u0131 ile enerji t\u00fcketimini azaltmak hem maliyetlerinizi d\u00fc\u015f\u00fcr\u00fcr hem de \u00e7evre dostu bir \u00e7\u00f6z\u00fcm sunar. Bu nedenle, s\u00fcrd\u00fcr\u00fclebilir bir gelece\u011fe katk\u0131da bulunmak i\u00e7in \u0131s\u0131 yal\u0131t\u0131m\u0131na yat\u0131r\u0131m yapmak b\u00fcy\u00fck \u00f6nem ta\u015f\u0131r.<\/p>\n<h3>22 Milyon Hanenin Yaln\u0131zca Y\u00fczde 20&#8217;sinde Uygun Bir Is\u0131 Yal\u0131t\u0131m\u0131 Bulunuyor<\/h3>\n<div id=\"attachment_190715\" style=\"width: 510px\" class=\"wp-caption aligncenter\"><img aria-describedby=\"caption-attachment-190715\" loading=\"lazy\" class=\"wp-image-190715\" src=\"https:\/\/www.enerjigazetesi.ist\/wp-content\/uploads\/2024\/08\/ode-yalitim-ikinci-iso-500-listesinde-96-sira-yukseldi-1.jpg\" alt=\"\" width=\"500\" height=\"412\" srcset=\"https:\/\/www.enerjigazetesi.ist\/wp-content\/uploads\/2024\/08\/ode-yalitim-ikinci-iso-500-listesinde-96-sira-yukseldi-1.jpg 550w, https:\/\/www.enerjigazetesi.ist\/wp-content\/uploads\/2024\/08\/ode-yalitim-ikinci-iso-500-listesinde-96-sira-yukseldi-1-300x247.jpg 300w, https:\/\/www.enerjigazetesi.ist\/wp-content\/uploads\/2024\/08\/ode-yalitim-ikinci-iso-500-listesinde-96-sira-yukseldi-1-486x400.jpg 486w, https:\/\/www.enerjigazetesi.ist\/wp-content\/uploads\/2024\/08\/ode-yalitim-ikinci-iso-500-listesinde-96-sira-yukseldi-1-61x50.jpg 61w, https:\/\/www.enerjigazetesi.ist\/wp-content\/uploads\/2024\/08\/ode-yalitim-ikinci-iso-500-listesinde-96-sira-yukseldi-1-500x412.jpg 500w\" sizes=\"(max-width: 500px) 100vw, 500px\" \/><p id=\"caption-attachment-190715\" class=\"wp-caption-text\">ODE Yal\u0131t\u0131m Y\u00f6netim Kurulu \u00dcyesi Ozan Turan<\/p><\/div>\n<p><strong>ODE Yal\u0131t\u0131m Y\u00f6netim Kurulu \u00dcyesi Ozan Turan<\/strong>, \u0131s\u0131 yal\u0131t\u0131m\u0131n\u0131n sadece k\u0131\u015f aylar\u0131nda de\u011fil, yaz aylar\u0131nda da \u00f6nem ta\u015f\u0131d\u0131\u011f\u0131n\u0131 belirterek, binalar\u0131n maksimum konfor ve enerji verimlili\u011fi sa\u011flamak i\u00e7in her mevsimde bilin\u00e7li ad\u0131mlar\u0131n at\u0131lmas\u0131 gerekti\u011fini vurgulad\u0131. <strong>Turan,<\/strong> <em>\u201cAra\u015ft\u0131rmalar, \u0131s\u0131 yal\u0131t\u0131m\u0131n\u0131n yaz aylar\u0131nda da d\u0131\u015far\u0131daki a\u015f\u0131r\u0131 s\u0131caklardan korunmay\u0131 ve i\u00e7 mek\u00e2nda istenmeyen \u0131s\u0131 giri\u015fini engellemeyi sa\u011flad\u0131\u011f\u0131n\u0131 g\u00f6steriyor. Bu sayede, i\u00e7 mek\u00e2n\u0131n serin kalmas\u0131 i\u00e7in enerji t\u00fcketimi azal\u0131yor ve klima gibi so\u011futma sistemlerinin kullan\u0131m\u0131 da d\u00fc\u015f\u00fcyor. Is\u0131 yal\u0131t\u0131m\u0131 yap\u0131lan evler, yap\u0131lmayanlara g\u00f6re enerjiden y\u00fczde 70&#8217;e varan oranda tasarruf sa\u011fl\u0131yor. T\u00fcrkiye&#8217;deki toplam 22 milyon hanenin y\u00fczde 80&#8217;inde yeterli yal\u0131t\u0131m olmamas\u0131 veya yal\u0131t\u0131m\u0131n zay\u0131f olmas\u0131, ciddi bir enerji kayb\u0131na ve cari a\u00e7\u0131\u011fa sebep olmaktad\u0131r. Bu durumu \u00f6nlemek i\u00e7in toplumu bilin\u00e7lendirmeli ve \u0131s\u0131 yal\u0131t\u0131m\u0131n\u0131n enerji tasarrufuna olan etkilerini anlatmal\u0131y\u0131z\u201d<\/em> dedi.<\/p>","protected":false},"excerpt":{"rendered":"<p>Sorry, this entry is only available in Turkish. For the sake of viewer convenience, the content is shown below in the alternative language. You may click the link to switch the active language. Yaz aylar\u0131nda y\u00fcksek s\u0131cakl\u0131klar ve g\u00fcne\u015fin etkisiyle binalar\u0131n i\u00e7 mek\u00e2nlar\u0131 da \u0131s\u0131nmaya ba\u015flar. Bu durum, klima ve di\u011fer so\u011futma sistemlerinin daha fazla [&hellip;]<\/p>\n","protected":false},"author":1,"featured_media":191201,"comment_status":"open","ping_status":"open","sticky":false,"template":"","format":"standard","meta":[],"categories":[53,52],"tags":[148,12,380,33913,30612,793,17291],"views":31,"_links":{"self":[{"href":"https:\/\/www.enerjigazetesi.ist\/en\/wp-json\/wp\/v2\/posts\/191199"}],"collection":[{"href":"https:\/\/www.enerjigazetesi.ist\/en\/wp-json\/wp\/v2\/posts"}],"about":[{"href":"https:\/\/www.enerjigazetesi.ist\/en\/wp-json\/wp\/v2\/types\/post"}],"author":[{"embeddable":true,"href":"https:\/\/www.enerjigazetesi.ist\/en\/wp-json\/wp\/v2\/users\/1"}],"replies":[{"embeddable":true,"href":"https:\/\/www.enerjigazetesi.ist\/en\/wp-json\/wp\/v2\/comments?post=191199"}],"version-history":[{"count":0,"href":"https:\/\/www.enerjigazetesi.ist\/en\/wp-json\/wp\/v2\/posts\/191199\/revisions"}],"wp:featuredmedia":[{"embeddable":true,"href":"https:\/\/www.enerjigazetesi.ist\/en\/wp-json\/wp\/v2\/media\/191201"}],"wp:attachment":[{"href":"https:\/\/www.enerjigazetesi.ist\/en\/wp-json\/wp\/v2\/media?parent=191199"}],"wp:term":[{"taxonomy":"category","embeddable":true,"href":"https:\/\/www.enerjigazetesi.ist\/en\/wp-json\/wp\/v2\/categories?post=191199"},{"taxonomy":"post_tag","embeddable":true,"href":"https:\/\/www.enerjigazetesi.ist\/en\/wp-json\/wp\/v2\/tags?post=191199"}],"curies":[{"name":"wp","href":"https:\/\/api.w.org\/{rel}","templated":true}]}}