{"id":191108,"date":"2024-08-20T16:19:19","date_gmt":"2024-08-20T13:19:19","guid":{"rendered":"https:\/\/www.enerjigazetesi.ist\/?p=191108"},"modified":"2024-08-20T16:19:19","modified_gmt":"2024-08-20T13:19:19","slug":"sedas-leyleklerin-guvenligi-yolculugu-icin-kocaeli-de-harekete-gecti","status":"publish","type":"post","link":"https:\/\/www.enerjigazetesi.ist\/en\/sedas-leyleklerin-guvenligi-yolculugu-icin-kocaeli-de-harekete-gecti\/","title":{"rendered":"(Turkish) &#8217;SEDA\u015e&#8217; Leyleklerin G\u00fcvenli\u011fi Yolculu\u011fu \u0130\u00e7in Kocaeli\u2019de Harekete Ge\u00e7ti"},"content":{"rendered":"<p class=\"qtranxs-available-languages-message qtranxs-available-languages-message-en\">Sorry, this entry is only available in <a href=\"https:\/\/www.enerjigazetesi.ist\/tr\/wp-json\/wp\/v2\/posts\/191108\" class=\"qtranxs-available-language-link qtranxs-available-language-link-tr\" title=\"Turkish\">Turkish<\/a>. For the sake of viewer convenience, the content is shown below in the alternative language. You may click the link to switch the active language.<\/p><p><\/p>\n<h2>Sakarya Elektrik Da\u011f\u0131t\u0131m A.\u015e. (SEDA\u015e), elektrik direklerine konan leyleklerin g\u00f6\u00e7 rotas\u0131ndaki Kocaeli ge\u00e7i\u015finde izolasyon \u00f6nlemlerini alarak, olas\u0131 \u00e7arp\u0131lma ve enerji kesintileri riskini ortadan kald\u0131rmay\u0131 hedefliyor.<\/h2>\n<p style=\"text-align: center;\"><img loading=\"lazy\" class=\"aligncenter wp-image-191111\" src=\"https:\/\/www.enerjigazetesi.ist\/wp-content\/uploads\/2024\/08\/sedas-leyleklerin-guvenligi-yolculugu-icin-kocaeli-de-harekete-gecti-1.jpg\" alt=\"\" width=\"500\" height=\"361\" srcset=\"https:\/\/www.enerjigazetesi.ist\/wp-content\/uploads\/2024\/08\/sedas-leyleklerin-guvenligi-yolculugu-icin-kocaeli-de-harekete-gecti-1.jpg 550w, https:\/\/www.enerjigazetesi.ist\/wp-content\/uploads\/2024\/08\/sedas-leyleklerin-guvenligi-yolculugu-icin-kocaeli-de-harekete-gecti-1-300x217.jpg 300w, https:\/\/www.enerjigazetesi.ist\/wp-content\/uploads\/2024\/08\/sedas-leyleklerin-guvenligi-yolculugu-icin-kocaeli-de-harekete-gecti-1-500x361.jpg 500w, https:\/\/www.enerjigazetesi.ist\/wp-content\/uploads\/2024\/08\/sedas-leyleklerin-guvenligi-yolculugu-icin-kocaeli-de-harekete-gecti-1-69x50.jpg 69w\" sizes=\"(max-width: 500px) 100vw, 500px\" \/><\/p>\n<p>Kocaeli ve Sakarya hatt\u0131 ba\u015fta olmak \u00fczere da\u011f\u0131t\u0131m faaliyet b\u00f6lgesindeki hatlar\u0131n g\u00f6\u00e7men ku\u015flar\u0131n rotas\u0131nda olmas\u0131ndan dolay\u0131 muhtelif enerji kesintileri ile kar\u015f\u0131 kar\u015f\u0131ya kal\u0131nd\u0131\u011f\u0131n\u0131 belirten SEDA\u015e y\u00f6neticileri, <em>\u201c\u00d6zellikle ak\u015fam saatlerinde yorgun d\u00fc\u015fen leylekler, elektrik tellerine konarak hem \u00e7arp\u0131lma riski ta\u015f\u0131yor hem de kent genelinde elektrik kesintilerine sebep oluyor. Saha ekiplerimiz taraf\u0131ndan enerji nakil hatlar\u0131nda al\u0131nan \u00f6nlemler ile leyleklerin can g\u00fcvenli\u011fini sa\u011flaman\u0131n yan\u0131 s\u0131ra enerji kesintilerinin de ya\u015fanmamas\u0131 i\u00e7in \u00e7al\u0131\u015fmalar\u0131m\u0131za devam ediyoruz\u201d<\/em> dedi.<\/p>\n<p>G\u00f6\u00e7 esnas\u0131nda s\u0131kl\u0131kla iletkenlere konarak \u00e7arp\u0131lan leylekler i\u00e7in enerji nakil hatlar\u0131nda direk \u00fcst\u00fc ekipmanlar\u0131n (izolat\u00f6r, jumper vb.) izole edilmesinin yan\u0131nda iletkenler aras\u0131 mesafenin art\u0131r\u0131lmas\u0131 veya \u015febeke tertibinin de\u011fi\u015ftirilmesi gibi \u00f6nlemlerin de al\u0131nd\u0131\u011f\u0131 a\u00e7\u0131kland\u0131.<\/p>","protected":false},"excerpt":{"rendered":"<p>Sorry, this entry is only available in Turkish. For the sake of viewer convenience, the content is shown below in the alternative language. You may click the link to switch the active language. Sakarya Elektrik Da\u011f\u0131t\u0131m A.\u015e. (SEDA\u015e), elektrik direklerine konan leyleklerin g\u00f6\u00e7 rotas\u0131ndaki Kocaeli ge\u00e7i\u015finde izolasyon \u00f6nlemlerini alarak, olas\u0131 \u00e7arp\u0131lma ve enerji kesintileri riskini [&hellip;]<\/p>\n","protected":false},"author":1,"featured_media":191110,"comment_status":"open","ping_status":"open","sticky":false,"template":"","format":"standard","meta":[],"categories":[51,53],"tags":[15016,4546,114930,1254,24925,102600,2444],"views":35,"_links":{"self":[{"href":"https:\/\/www.enerjigazetesi.ist\/en\/wp-json\/wp\/v2\/posts\/191108"}],"collection":[{"href":"https:\/\/www.enerjigazetesi.ist\/en\/wp-json\/wp\/v2\/posts"}],"about":[{"href":"https:\/\/www.enerjigazetesi.ist\/en\/wp-json\/wp\/v2\/types\/post"}],"author":[{"embeddable":true,"href":"https:\/\/www.enerjigazetesi.ist\/en\/wp-json\/wp\/v2\/users\/1"}],"replies":[{"embeddable":true,"href":"https:\/\/www.enerjigazetesi.ist\/en\/wp-json\/wp\/v2\/comments?post=191108"}],"version-history":[{"count":0,"href":"https:\/\/www.enerjigazetesi.ist\/en\/wp-json\/wp\/v2\/posts\/191108\/revisions"}],"wp:featuredmedia":[{"embeddable":true,"href":"https:\/\/www.enerjigazetesi.ist\/en\/wp-json\/wp\/v2\/media\/191110"}],"wp:attachment":[{"href":"https:\/\/www.enerjigazetesi.ist\/en\/wp-json\/wp\/v2\/media?parent=191108"}],"wp:term":[{"taxonomy":"category","embeddable":true,"href":"https:\/\/www.enerjigazetesi.ist\/en\/wp-json\/wp\/v2\/categories?post=191108"},{"taxonomy":"post_tag","embeddable":true,"href":"https:\/\/www.enerjigazetesi.ist\/en\/wp-json\/wp\/v2\/tags?post=191108"}],"curies":[{"name":"wp","href":"https:\/\/api.w.org\/{rel}","templated":true}]}}