{"id":191103,"date":"2024-08-20T15:59:56","date_gmt":"2024-08-20T12:59:56","guid":{"rendered":"https:\/\/www.enerjigazetesi.ist\/?p=191103"},"modified":"2024-08-20T16:05:13","modified_gmt":"2024-08-20T13:05:13","slug":"yeni-nesil-mobilite-fuari-nextgen-mobility-kasim-da-istanbul-da","status":"publish","type":"post","link":"https:\/\/www.enerjigazetesi.ist\/en\/yeni-nesil-mobilite-fuari-nextgen-mobility-kasim-da-istanbul-da\/","title":{"rendered":"(Turkish) Yeni Nesil Mobilite Fuar\u0131 \u2018NextGen Mobility\u2019 Kas\u0131m\u2019da \u0130stanbul\u2019da!"},"content":{"rendered":"<p class=\"qtranxs-available-languages-message qtranxs-available-languages-message-en\">Sorry, this entry is only available in <a href=\"https:\/\/www.enerjigazetesi.ist\/tr\/wp-json\/wp\/v2\/posts\/191103\" class=\"qtranxs-available-language-link qtranxs-available-language-link-tr\" title=\"Turkish\">Turkish<\/a>. For the sake of viewer convenience, the content is shown below in the alternative language. You may click the link to switch the active language.<\/p><p><\/p>\n<h2>NextGen Mobility 2024, T\u00fcrkiye\u2019nin mobilite ve ak\u0131ll\u0131 ula\u015f\u0131m \u00e7\u00f6z\u00fcmleri alan\u0131ndaki en prestijli fuarlar\u0131ndan biri olarak sekt\u00f6rde fark yaratmaya devam ediyor. Bu y\u0131l ikincisi d\u00fczenlenecek olan etkinlik, 7-9 Kas\u0131m 2024 tarihlerinde \u0130stanbul&#8217;da, T\u00fcyap Fuar ve Kongre Merkezi&#8217;nde, g\u00fcne\u015f enerjisi ve enerji depolama sekt\u00f6r\u00fcn\u00fcn tek fuar\u0131 Solar+Storage NX ile e\u015f zamanl\u0131 ger\u00e7ekle\u015ftirilecek. Mobilite sekt\u00f6r\u00fcn\u00fcn liderlerini, karar vericilerini ve yenilik\u00e7ilerini bir araya getiren bu \u00f6nemli fuar, kat\u0131l\u0131mc\u0131lara ve ziyaret\u00e7ilere benzersiz f\u0131rsatlar sunuyor.<\/h2>\n<p style=\"text-align: center;\"><img loading=\"lazy\" class=\"aligncenter wp-image-191106\" src=\"https:\/\/www.enerjigazetesi.ist\/wp-content\/uploads\/2024\/08\/yeni-nesil-mobilite-fuari-nextgen-mobility-kasim-da-istanbul-da-1.jpg\" alt=\"\" width=\"500\" height=\"335\" srcset=\"https:\/\/www.enerjigazetesi.ist\/wp-content\/uploads\/2024\/08\/yeni-nesil-mobilite-fuari-nextgen-mobility-kasim-da-istanbul-da-1.jpg 550w, https:\/\/www.enerjigazetesi.ist\/wp-content\/uploads\/2024\/08\/yeni-nesil-mobilite-fuari-nextgen-mobility-kasim-da-istanbul-da-1-300x201.jpg 300w, https:\/\/www.enerjigazetesi.ist\/wp-content\/uploads\/2024\/08\/yeni-nesil-mobilite-fuari-nextgen-mobility-kasim-da-istanbul-da-1-500x335.jpg 500w, https:\/\/www.enerjigazetesi.ist\/wp-content\/uploads\/2024\/08\/yeni-nesil-mobilite-fuari-nextgen-mobility-kasim-da-istanbul-da-1-75x50.jpg 75w\" sizes=\"(max-width: 500px) 100vw, 500px\" \/><\/p>\n<h3><strong>Uluslararas\u0131 Ticaretin Merkezi<\/strong><\/h3>\n<p>NextGen Mobility, sadece yerel de\u011fil, uluslararas\u0131 ticareti de te\u015fvik eden k\u00fcresel bir fuar olarak \u00f6ne \u00e7\u0131k\u0131yor. Ge\u00e7en y\u0131l, 10 farkl\u0131 \u00fclkeden ziyaret\u00e7iyi a\u011f\u0131rlayarak \u00f6nemli bir uluslararas\u0131 etkile\u015fim sa\u011flad\u0131. Bu y\u0131l, daha fazla \u00fclke ve ziyaret\u00e7iyle bu ba\u015far\u0131y\u0131 art\u0131rmay\u0131 hedefliyor.<\/p>\n<h3><strong>NextGen Mobility 2024 Neler Sunuyor?<\/strong><\/h3>\n<p><strong>Yenilik\u00e7i Mobilite \u00c7\u00f6z\u00fcmleri:<\/strong> Elektrikli ve otonom ara\u00e7lardan enerji verimli motorlara ve ak\u0131ll\u0131 \u015fehir teknolojilerine kadar mobilite d\u00fcnyas\u0131ndaki en son yenilikleri ke\u015ffetme f\u0131rsat\u0131.<\/p>\n<p><strong>Global A\u011f Kurma \u0130mkanlar\u0131:<\/strong> Avrupa, Asya, Afrika ve Orta Do\u011fu\u2019dan gelen sekt\u00f6r liderleri ile ba\u011flant\u0131 kurarak global i\u015f a\u011f\u0131n\u0131z\u0131 geni\u015fletme \u015fans\u0131.<\/p>\n<p><strong>\u0130lham Verici Konferanslar:<\/strong> Alan\u0131nda uzman konu\u015fmac\u0131lardan sekt\u00f6re dair en son trendleri ve geli\u015fmeleri \u00f6\u011frenme f\u0131rsat\u0131 sunan zengin bir konferans program\u0131.<\/p>\n<p><strong>Kapsaml\u0131 E\u011fitim Oturumlar\u0131:<\/strong> Mobilite teknolojileri ve s\u00fcrd\u00fcr\u00fclebilir ula\u015f\u0131m \u00e7\u00f6z\u00fcmleri hakk\u0131nda en g\u00fcncel bilgilerle donat\u0131lm\u0131\u015f e\u011fitim programlar\u0131.<\/p>\n<p><strong>Geni\u015f \u00c7apl\u0131 Medya G\u00f6r\u00fcn\u00fcrl\u00fc\u011f\u00fc: <\/strong>Fuar\u0131n geni\u015f medya a\u011f\u0131 sayesinde markan\u0131z\u0131 daha geni\u015f kitlelere tan\u0131tma ve global arenada g\u00f6r\u00fcn\u00fcrl\u00fck kazanma f\u0131rsat\u0131.<\/p>\n<p><strong>\u0130novasyon Alan\u0131:<\/strong> En son teknolojileri ve mobilite \u00e7\u00f6z\u00fcmlerini tan\u0131tan 80&#8217;den fazla kat\u0131l\u0131mc\u0131 \u015firket ile yenilikleri yak\u0131ndan tan\u0131ma imkan\u0131.<\/p>\n<p><strong>E\u015f Zamanl\u0131 Etkinlikler:<\/strong> G\u00fcne\u015f enerjisi ve enerji depolama \u00e7\u00f6z\u00fcmlerini ke\u015ffetmek i\u00e7in Solar+Storage NX ile e\u015f zamanl\u0131 d\u00fczenlenen etkinlikler.<\/p>\n<h3><strong>Neden NextGen Mobility?<\/strong><\/h3>\n<p><strong>S\u00fcrd\u00fcr\u00fclebilirlik:<\/strong> NextGen Mobility Expo &amp; Summit, karbon ayak izini azaltmay\u0131 hedefleyen \u00e7evre dostu ula\u015f\u0131m \u00e7\u00f6z\u00fcmlerine ev sahipli\u011fi yap\u0131yor. Fuarda yer alacak kat\u0131l\u0131mc\u0131 firmalar, elektrikli ara\u00e7lar ve s\u00fcrd\u00fcr\u00fclebilir ula\u015f\u0131m alternatifleriyle, \u015fehirlerdeki hava kalitesini art\u0131rma ve enerji verimlili\u011fini sa\u011flama konusunda sunduklar\u0131 yenilikleri ziyaret\u00e7ilere tan\u0131tacak.<\/p>\n<p><strong>Ak\u0131ll\u0131 \u015eehirler:<\/strong> Bu fuar, ak\u0131ll\u0131 \u015fehir teknolojileriyle trafik y\u00f6netimini iyile\u015ftiren ve kaynak kullan\u0131m\u0131n\u0131 optimize eden \u00e7\u00f6z\u00fcmleri \u00f6n plana \u00e7\u0131k\u0131yor. Sens\u00f6rler, veri analiti\u011fi ve IoT gibi geli\u015fmi\u015f teknolojilerle \u015fehir ya\u015fam\u0131n\u0131 daha modern ve verimli hale getiren \u00fcr\u00fcn ve hizmetler ilgili t\u00fcm kamu ve \u00f6zel sekt\u00f6r temsilcilerinin be\u011fenisine sunulacak.<\/p>\n<p><strong>Ekonomik B\u00fcy\u00fcme: <\/strong>NextGen Mobility, \u015fehirlerin ve b\u00f6lgelerin ekonomik kalk\u0131nmas\u0131n\u0131 destekleyen ula\u015f\u0131m altyap\u0131lar\u0131n\u0131 vurguluyor olacak. Kat\u0131l\u0131mc\u0131lar, ticaret ve turizmin canlanmas\u0131na katk\u0131 sa\u011flayacak \u00e7\u00f6z\u00fcmlerini ziyaret\u00e7ilere tan\u0131tacak ve i\u015f yerlerine ve hizmetlere eri\u015fimi art\u0131ran projelerini sergileyecek.<\/p>\n<p><strong>Sosyal Kat\u0131l\u0131m ve Eri\u015filebilirlik:<\/strong> Fuar, herkes i\u00e7in ula\u015f\u0131labilir \u015fehirler yaratmay\u0131 hedefleyen yenilik\u00e7i ula\u015f\u0131m \u00e7\u00f6z\u00fcmlerine ev sahipli\u011fi yap\u0131yor. Engelli bireyler, ya\u015fl\u0131lar ve farkl\u0131 gelir gruplar\u0131na uygun ula\u015f\u0131m olanaklar\u0131 sunan projeler, kat\u0131l\u0131mc\u0131lar taraf\u0131ndan ziyaret\u00e7ilere tan\u0131t\u0131lacak ve toplumsal adaleti destekleyen \u00e7al\u0131\u015fmalar g\u00f6zler \u00f6n\u00fcne\u00a0serilecek.<\/p>\n<h3><strong>Ge\u00e7en Y\u0131l\u0131n Ba\u015far\u0131lar\u0131 ve Bu Y\u0131lki Beklentiler<\/strong><\/h3>\n<p>NextGen Mobility 2023, \u00f6nemli bir ba\u015far\u0131ya imza atarak 5.050 ziyaret\u00e7iyi a\u011f\u0131rlad\u0131 ve 10 farkl\u0131 \u00fclkeden gelen ziyaret\u00e7iyle \u00f6nemli bir etkile\u015fim sa\u011flad\u0131. Bu y\u0131l, kat\u0131l\u0131mc\u0131 ve ziyaret\u00e7i say\u0131s\u0131nda daha da b\u00fcy\u00fck bir art\u0131\u015f bekleniyor.<\/p>\n<h3>Bu Fuarda Kimlerle Tan\u0131\u015fma F\u0131rsat\u0131n\u0131z Olacak?<\/h3>\n<p><strong>\u00dcretici\/Firma Sahibi:<\/strong> Mobilite sekt\u00f6r\u00fcnde yenilik\u00e7i \u00e7\u00f6z\u00fcmler \u00fcreten ve sekt\u00f6rdeki geli\u015fmeleri yak\u0131ndan takip eden firmalar.<\/p>\n<p><strong>Direkt\u00f6r\/Y\u00f6netici:<\/strong> \u015eirketlerin karar alma s\u00fcre\u00e7lerinde etkin rol oynayan ve mobilite projelerine y\u00f6n veren y\u00f6neticiler.<\/p>\n<p><strong>Yat\u0131r\u0131mc\u0131 ve Giri\u015fimci:<\/strong> Yeni i\u015f f\u0131rsatlar\u0131 arayan ve mobilite alan\u0131ndaki projelere yat\u0131r\u0131m yapmak isteyen giri\u015fimciler ve finans\u00f6rler.<\/p>\n<p><strong>M\u00fchendis\/Tasar\u0131mc\u0131:<\/strong> Mobilite teknolojilerinin tasar\u0131m ve geli\u015ftirme s\u00fcre\u00e7lerinde yer alan m\u00fchendisler ve tasar\u0131mc\u0131lar.<\/p>\n<p><strong>Teknoloji ve Yaz\u0131l\u0131m Geli\u015ftirici:<\/strong> Ak\u0131ll\u0131 \u015fehirler, otonom s\u00fcr\u00fc\u015f ve elektrikli ara\u00e7lar gibi mobilite \u00e7\u00f6z\u00fcmlerini geli\u015ftiren teknoloji uzmanlar\u0131 ve yaz\u0131l\u0131m geli\u015ftiriciler.<\/p>\n<p><strong>Kamu Kurulu\u015fu ve STK\/Dernek \u00c7al\u0131\u015fan\u0131:<\/strong> Kamu politikalar\u0131n\u0131 belirleyen, mobilite alan\u0131nda d\u00fczenlemeler yapan ve STK&#8217;larda aktif rol oynayan profesyoneller.<\/p>\n<p><strong>\u00c7evre ve S\u00fcrd\u00fcr\u00fclebilirlik Uzman\u0131\/Dan\u0131\u015fman\u0131:<\/strong> S\u00fcrd\u00fcr\u00fclebilir mobilite \u00e7\u00f6z\u00fcmlerini ara\u015ft\u0131ran ve uygulayan \u00e7evre uzmanlar\u0131.<\/p>\n<p><strong>Akademisyen:<\/strong> Mobilite alan\u0131nda akademik \u00e7al\u0131\u015fmalar y\u00fcr\u00fcten ve sekt\u00f6rel bilgi birikimini artt\u0131ran akademisyenler.<\/p>\n<p><strong>Finans ve Banka Kurulu\u015fu Temsilcisi:<\/strong> Mobilite projelerine finansal destek sa\u011flayan ve yat\u0131r\u0131mlar\u0131 y\u00f6nlendiren bankac\u0131l\u0131k ve finans sekt\u00f6r\u00fc profesyonelleri.<\/p>\n<p><strong>Medya\/Bas\u0131n:<\/strong> Mobilite sekt\u00f6r\u00fcyle ilgili en son haberleri ve geli\u015fmeleri takip eden ve kamuoyuna aktaran medya mensuplar\u0131.<\/p>\n<h3><strong>Mobilite Sekt\u00f6r\u00fcne Y\u00f6n Verecek Bir Fuar Markas\u0131<\/strong><\/h3>\n<p>NextGen Mobility, mobilite d\u00fcnyas\u0131ndaki yenilik\u00e7i \u00e7\u00f6z\u00fcmleri ve i\u015f f\u0131rsatlar\u0131n\u0131 ke\u015ffetmek i\u00e7in ideal bir platform sunuyor. Mobilite hizmetleri, mobilite teknolojileri, mobilite hizmetleri ve ak\u0131ll\u0131 \u015fehirler alan\u0131ndaki en son geli\u015fmeleri ve gelece\u011fe dair \u00f6nemli trendleri yak\u0131ndan takip edebilece\u011finiz bu prestijli etkinlikte yer almay\u0131 ka\u00e7\u0131rmay\u0131n.<\/p>","protected":false},"excerpt":{"rendered":"<p>Sorry, this entry is only available in Turkish. For the sake of viewer convenience, the content is shown below in the alternative language. You may click the link to switch the active language. NextGen Mobility 2024, T\u00fcrkiye\u2019nin mobilite ve ak\u0131ll\u0131 ula\u015f\u0131m \u00e7\u00f6z\u00fcmleri alan\u0131ndaki en prestijli fuarlar\u0131ndan biri olarak sekt\u00f6rde fark yaratmaya devam ediyor. Bu y\u0131l [&hellip;]<\/p>\n","protected":false},"author":1,"featured_media":191105,"comment_status":"open","ping_status":"open","sticky":false,"template":"","format":"standard","meta":[],"categories":[51,53],"tags":[18581,100896,2206,104907,114929,108460],"views":21,"_links":{"self":[{"href":"https:\/\/www.enerjigazetesi.ist\/en\/wp-json\/wp\/v2\/posts\/191103"}],"collection":[{"href":"https:\/\/www.enerjigazetesi.ist\/en\/wp-json\/wp\/v2\/posts"}],"about":[{"href":"https:\/\/www.enerjigazetesi.ist\/en\/wp-json\/wp\/v2\/types\/post"}],"author":[{"embeddable":true,"href":"https:\/\/www.enerjigazetesi.ist\/en\/wp-json\/wp\/v2\/users\/1"}],"replies":[{"embeddable":true,"href":"https:\/\/www.enerjigazetesi.ist\/en\/wp-json\/wp\/v2\/comments?post=191103"}],"version-history":[{"count":0,"href":"https:\/\/www.enerjigazetesi.ist\/en\/wp-json\/wp\/v2\/posts\/191103\/revisions"}],"wp:featuredmedia":[{"embeddable":true,"href":"https:\/\/www.enerjigazetesi.ist\/en\/wp-json\/wp\/v2\/media\/191105"}],"wp:attachment":[{"href":"https:\/\/www.enerjigazetesi.ist\/en\/wp-json\/wp\/v2\/media?parent=191103"}],"wp:term":[{"taxonomy":"category","embeddable":true,"href":"https:\/\/www.enerjigazetesi.ist\/en\/wp-json\/wp\/v2\/categories?post=191103"},{"taxonomy":"post_tag","embeddable":true,"href":"https:\/\/www.enerjigazetesi.ist\/en\/wp-json\/wp\/v2\/tags?post=191103"}],"curies":[{"name":"wp","href":"https:\/\/api.w.org\/{rel}","templated":true}]}}