{"id":191090,"date":"2024-08-19T18:52:37","date_gmt":"2024-08-19T15:52:37","guid":{"rendered":"https:\/\/www.enerjigazetesi.ist\/?p=191090"},"modified":"2024-08-19T18:52:37","modified_gmt":"2024-08-19T15:52:37","slug":"amazon-yesil-enerji-hedefine-planlanandan-7-yil-once-ulasti","status":"publish","type":"post","link":"https:\/\/www.enerjigazetesi.ist\/en\/amazon-yesil-enerji-hedefine-planlanandan-7-yil-once-ulasti\/","title":{"rendered":"(Turkish) &#8217;Amazon&#8217; Ye\u015fil Enerji Hedefine Planlanandan 7 Y\u0131l \u00d6nce Ula\u015ft\u0131"},"content":{"rendered":"<p class=\"qtranxs-available-languages-message qtranxs-available-languages-message-en\">Sorry, this entry is only available in <a href=\"https:\/\/www.enerjigazetesi.ist\/tr\/wp-json\/wp\/v2\/posts\/191090\" class=\"qtranxs-available-language-link qtranxs-available-language-link-tr\" title=\"Turkish\">Turkish<\/a>. For the sake of viewer convenience, the content is shown below in the alternative language. You may click the link to switch the active language.<\/p><p><\/p>\n<h2><strong>2023 y\u0131l\u0131nda Amazon\u2019un t\u00fcm operasyonlar\u0131nda t\u00fcketti\u011fi elektri\u011fin tamam\u0131 yenilenebilir enerji kaynaklar\u0131ndan kar\u015f\u0131land\u0131.<\/strong><\/h2>\n<p style=\"text-align: center;\"><img loading=\"lazy\" class=\"aligncenter wp-image-191092\" src=\"https:\/\/www.enerjigazetesi.ist\/wp-content\/uploads\/2024\/08\/amazon-yesil-enerji-hedefine-planlanandan-7-yil-once-ulasti.jpg\" alt=\"\" width=\"500\" height=\"343\" srcset=\"https:\/\/www.enerjigazetesi.ist\/wp-content\/uploads\/2024\/08\/amazon-yesil-enerji-hedefine-planlanandan-7-yil-once-ulasti.jpg 550w, https:\/\/www.enerjigazetesi.ist\/wp-content\/uploads\/2024\/08\/amazon-yesil-enerji-hedefine-planlanandan-7-yil-once-ulasti-300x206.jpg 300w, https:\/\/www.enerjigazetesi.ist\/wp-content\/uploads\/2024\/08\/amazon-yesil-enerji-hedefine-planlanandan-7-yil-once-ulasti-500x343.jpg 500w, https:\/\/www.enerjigazetesi.ist\/wp-content\/uploads\/2024\/08\/amazon-yesil-enerji-hedefine-planlanandan-7-yil-once-ulasti-73x50.jpg 73w\" sizes=\"(max-width: 500px) 100vw, 500px\" \/><\/p>\n<p>2019 y\u0131l\u0131nda kendisine 2030\u2019a dek t\u00fcketti\u011fi elektri\u011fin y\u00fczde 100\u2019\u00fcn\u00fc yenilenebilir enerji kaynaklar\u0131ndan kar\u015f\u0131layabilme hedefi koyan Amazon, hedefine planlanandan 7 y\u0131l \u00f6nce ula\u015ft\u0131. \u015eirketin veri merkezi de dahil olmak \u00fczere <strong>2023\u2019te t\u00fcketti\u011fi elektri\u011fin tamam\u0131, y\u00fczde 100 yenilenebilir enerji ile<\/strong> kar\u015f\u0131land\u0131.<\/p>\n<p>Hedef do\u011frultusunda k\u00fcresel \u00e7apta <strong>500\u2019den fazla g\u00fcne\u015f ve r\u00fczg\u00e2r yat\u0131r\u0131m\u0131<\/strong> yapan Amazon, ula\u015f\u0131m ve teslimat filosunu dekarbonize etmek i\u00e7in 24 binden fazla <strong>elektrikli ara\u00e7la teslimat<\/strong> yapmaya ba\u015flad\u0131.<\/p>\n<p>2023\u2019te karbon yo\u011funlu\u011funu y\u00fczde 13 azaltan \u015firket, karbon ayak izini ise y\u00fczde 3 oran\u0131nda d\u00fc\u015f\u00fcrd\u00fc.<\/p>\n<p>2015 y\u0131l\u0131ndan bu yana sevkiyat ba\u015f\u0131na ortalama ambalaj a\u011f\u0131rl\u0131\u011f\u0131n\u0131 y\u00fczde 43 oran\u0131nda azaltan \u015firket, toplam 3 milyon metrik tondan fazla ambalaj\u0131n olu\u015fumunu \u00f6nledi.<\/p>\n<p>Kaynak: <a href=\"https:\/\/www.gazeteduvar.com.tr\/amazon-yesil-enerji-hedefine-planlanandan-7-yil-once-ulasti-haber-1713368\" target=\"_blank\" rel=\"noopener\">Gazete Duvar<\/a><\/p>","protected":false},"excerpt":{"rendered":"<p>Sorry, this entry is only available in Turkish. For the sake of viewer convenience, the content is shown below in the alternative language. You may click the link to switch the active language. 2023 y\u0131l\u0131nda Amazon\u2019un t\u00fcm operasyonlar\u0131nda t\u00fcketti\u011fi elektri\u011fin tamam\u0131 yenilenebilir enerji kaynaklar\u0131ndan kar\u015f\u0131land\u0131. 2019 y\u0131l\u0131nda kendisine 2030\u2019a dek t\u00fcketti\u011fi elektri\u011fin y\u00fczde 100\u2019\u00fcn\u00fc yenilenebilir [&hellip;]<\/p>\n","protected":false},"author":1,"featured_media":191092,"comment_status":"open","ping_status":"open","sticky":false,"template":"","format":"standard","meta":[],"categories":[53,49,50],"tags":[23747,2326,13,2401,474,16,312,842,105],"views":35,"_links":{"self":[{"href":"https:\/\/www.enerjigazetesi.ist\/en\/wp-json\/wp\/v2\/posts\/191090"}],"collection":[{"href":"https:\/\/www.enerjigazetesi.ist\/en\/wp-json\/wp\/v2\/posts"}],"about":[{"href":"https:\/\/www.enerjigazetesi.ist\/en\/wp-json\/wp\/v2\/types\/post"}],"author":[{"embeddable":true,"href":"https:\/\/www.enerjigazetesi.ist\/en\/wp-json\/wp\/v2\/users\/1"}],"replies":[{"embeddable":true,"href":"https:\/\/www.enerjigazetesi.ist\/en\/wp-json\/wp\/v2\/comments?post=191090"}],"version-history":[{"count":0,"href":"https:\/\/www.enerjigazetesi.ist\/en\/wp-json\/wp\/v2\/posts\/191090\/revisions"}],"wp:featuredmedia":[{"embeddable":true,"href":"https:\/\/www.enerjigazetesi.ist\/en\/wp-json\/wp\/v2\/media\/191092"}],"wp:attachment":[{"href":"https:\/\/www.enerjigazetesi.ist\/en\/wp-json\/wp\/v2\/media?parent=191090"}],"wp:term":[{"taxonomy":"category","embeddable":true,"href":"https:\/\/www.enerjigazetesi.ist\/en\/wp-json\/wp\/v2\/categories?post=191090"},{"taxonomy":"post_tag","embeddable":true,"href":"https:\/\/www.enerjigazetesi.ist\/en\/wp-json\/wp\/v2\/tags?post=191090"}],"curies":[{"name":"wp","href":"https:\/\/api.w.org\/{rel}","templated":true}]}}