{"id":190987,"date":"2024-08-12T19:08:13","date_gmt":"2024-08-12T16:08:13","guid":{"rendered":"https:\/\/www.enerjigazetesi.ist\/?p=190987"},"modified":"2024-08-12T19:08:13","modified_gmt":"2024-08-12T16:08:13","slug":"koc-holding-2024-un-ilk-yarisinda-yatirimlarina-kararlilikla-devam-etti","status":"publish","type":"post","link":"https:\/\/www.enerjigazetesi.ist\/en\/koc-holding-2024-un-ilk-yarisinda-yatirimlarina-kararlilikla-devam-etti\/","title":{"rendered":"(Turkish) &#8217;Ko\u00e7 Holding&#8217; 2024\u2019\u00fcn \u0130lk Yar\u0131s\u0131nda Yat\u0131r\u0131mlar\u0131na Kararl\u0131l\u0131kla Devam Etti"},"content":{"rendered":"<p class=\"qtranxs-available-languages-message qtranxs-available-languages-message-en\">Sorry, this entry is only available in <a href=\"https:\/\/www.enerjigazetesi.ist\/tr\/wp-json\/wp\/v2\/posts\/190987\" class=\"qtranxs-available-language-link qtranxs-available-language-link-tr\" title=\"Turkish\">Turkish<\/a>. For the sake of viewer convenience, the content is shown below in the alternative language. You may click the link to switch the active language.<\/p><p><\/p>\n<h2>Ko\u00e7 Holding, 2024 y\u0131l\u0131n\u0131n ilk yar\u0131s\u0131nda konsolide bazda toplam 30,8 milyar ABD dolar\u0131 (USD) gelir elde ederken, yakla\u015f\u0131k 1,9 milyar USD kombine yat\u0131r\u0131m ger\u00e7ekle\u015ftirdi. B\u00f6ylece \u015firketin son 5 y\u0131ldaki kombine yat\u0131r\u0131mlar\u0131 12,3 milyar USD\u2019ye ula\u015ft\u0131.<\/h2>\n<div id=\"attachment_190990\" style=\"width: 510px\" class=\"wp-caption aligncenter\"><img aria-describedby=\"caption-attachment-190990\" loading=\"lazy\" class=\"wp-image-190990\" src=\"https:\/\/www.enerjigazetesi.ist\/wp-content\/uploads\/2024\/08\/koc-holding-2024-un-ilk-yarisinda-yatirimlarina-kararlilikla-devam-etti-1.jpg\" alt=\"\" width=\"500\" height=\"392\" srcset=\"https:\/\/www.enerjigazetesi.ist\/wp-content\/uploads\/2024\/08\/koc-holding-2024-un-ilk-yarisinda-yatirimlarina-kararlilikla-devam-etti-1.jpg 550w, https:\/\/www.enerjigazetesi.ist\/wp-content\/uploads\/2024\/08\/koc-holding-2024-un-ilk-yarisinda-yatirimlarina-kararlilikla-devam-etti-1-300x235.jpg 300w, https:\/\/www.enerjigazetesi.ist\/wp-content\/uploads\/2024\/08\/koc-holding-2024-un-ilk-yarisinda-yatirimlarina-kararlilikla-devam-etti-1-500x392.jpg 500w, https:\/\/www.enerjigazetesi.ist\/wp-content\/uploads\/2024\/08\/koc-holding-2024-un-ilk-yarisinda-yatirimlarina-kararlilikla-devam-etti-1-64x50.jpg 64w\" sizes=\"(max-width: 500px) 100vw, 500px\" \/><p id=\"caption-attachment-190990\" class=\"wp-caption-text\">Ko\u00e7 Holding CEO\u2019su Levent \u00c7ak\u0131ro\u011flu<\/p><\/div>\n<p>2024 y\u0131l\u0131n\u0131n ilk yar\u0131 finansal sonu\u00e7lar\u0131n\u0131 de\u011ferlendiren Ko\u00e7 Holding CEO\u2019su Levent \u00c7ak\u0131ro\u011flu, <em>\u201cKo\u00e7 Toplulu\u011fu olarak 2024 y\u0131l\u0131n\u0131n ilk yar\u0131s\u0131nda d\u00fcnyada ve \u00fclkemizde ya\u015fanan zorlu ekonomik ko\u015fullara ra\u011fmen \u00e7al\u0131\u015fmalar\u0131m\u0131z\u0131 \u00f6zveriyle s\u00fcrd\u00fcrd\u00fck. 1926 y\u0131l\u0131nda temelleri at\u0131lan Toplulu\u011fumuzun ikinci y\u00fczy\u0131l\u0131na uzun vadeli sa\u011flam i\u015f stratejilerimiz ve \u00e7al\u0131\u015fma arkada\u015flar\u0131m\u0131z\u0131n gayretleri sayesinde emin ad\u0131mlarla ilerliyoruz. Bilan\u00e7olar\u0131m\u0131z\u0131, nakit\u00a0ak\u0131\u015f\u0131m\u0131z\u0131 ve likiditemizi disiplinle y\u00f6netirken;\u00a0yat\u0131r\u0131mlar\u0131m\u0131za da \u00fclkemizin gelece\u011fine duydu\u011fumuz g\u00fcvenle devam ediyoruz\u201d<\/em> diye konu\u015ftu.<\/p>\n<p><em>\u201cK\u00fcresel b\u00fcy\u00fcme vizyonumuz do\u011frultusunda Toplulu\u011fumuzu \u00f6n\u00fcm\u00fczdeki y\u00fczy\u0131l\u0131n rekabetine haz\u0131rlayacak ve uluslararas\u0131 rekabet g\u00fcc\u00fcm\u00fcz\u00fc art\u0131racak stratejik hamlelerde bulunuyor, co\u011frafi olarak faaliyet g\u00f6sterdi\u011fimiz \u00fclkeleri geni\u015fletiyoruz\u201d<\/em> \u015feklinde devam eden \u00c7ak\u0131ro\u011flu, Ko\u00e7 Toplulu\u011fu olarak T\u00fcrkiye d\u0131\u015f\u0131nda <strong>58<\/strong> \u00fclkede, <strong>128<\/strong> \u00fcretim tesisi ve pazarlama \u015firketiyle faaliyet g\u00f6sterdiklerini, ofislerinde <strong>58 dil konu\u015fuldu\u011funu<\/strong> ve <strong>43 farkl\u0131 para birimiyle i\u015flem<\/strong> yapt\u0131klar\u0131n\u0131 vurgulad\u0131.<\/p>\n<h3><strong>Levent \u00c7ak\u0131ro\u011flu: \u201cTopluluk \u015eirketlerimiz 155\u2019ten Fazla \u00dclkeye Yapt\u0131klar\u0131 \u0130hracatla, \u00dclke Ekonomimize \u00d6nemli Katk\u0131 Sa\u011fl\u0131yor.\u201d<\/strong><\/h3>\n<p>Ko\u00e7 Toplulu\u011fu\u2019nun ihracat ba\u015far\u0131lar\u0131na da dikkat \u00e7eken <strong>Levent \u00c7ak\u0131ro\u011flu<\/strong> s\u00f6zlerini \u015f\u00f6yle s\u00fcrd\u00fcrd\u00fc: <em>\u201cKo\u00e7 Toplulu\u011fu olarak \u00fclkemizin toplam ihracat\u0131n\u0131n yakla\u015f\u0131k y\u00fczde 7\u2019sini \u00fcstleniyoruz. Topluluk \u015firketlerimiz 155\u2019ten fazla \u00fclkeye yapt\u0131klar\u0131 ihracatla, \u00fclke ekonomimize \u00f6nemli katk\u0131 sa\u011fl\u0131yor. Bu ba\u015far\u0131lar\u0131n bir g\u00f6stergesi olarak T\u00fcrkiye \u0130hracat\u00e7\u0131lar Meclisi taraf\u0131ndan ger\u00e7ekle\u015ftirilen T\u00fcrkiye\u2019nin \u0130lk 1000 \u0130hracat\u00e7\u0131s\u0131 Ara\u015ft\u0131rmas\u0131nda, Topluluk \u015firketlerimizin bu y\u0131l da en \u00fcst s\u0131ralarda yer almas\u0131ndan gurur duyuyoruz. Ara\u015ft\u0131rman\u0131n mal ihracatlar\u0131 kategorisinde Ford Otosan \u2018\u0130hracat \u015eampiyonu\u2019 olurken, T\u00fcpra\u015f d\u00f6rd\u00fcnc\u00fc, Ar\u00e7elik sekizinci se\u00e7ildi. Di\u011fer yandan \u0130stanbul Sanayi Odas\u0131 (\u0130SO) taraf\u0131ndan haz\u0131rlanan ve \u00fclkemizin sanayi devlerini belirleyen T\u00fcrkiye&#8217;nin 500 B\u00fcy\u00fck Sanayi Kurulu\u015fu Ara\u015ft\u0131rmas\u0131nda da T\u00fcpra\u015f birincili\u011fini korurken, Ford Otosan ikinci, Ar\u00e7elik yedinci oldu. \u00dclkemiz i\u00e7in \u00e7al\u0131\u015fmaya, \u00fcretmeye, katma de\u011fer yaratmaya kararl\u0131l\u0131kla devam edece\u011fiz.\u201d<\/em><\/p>\n<h3><strong>Levent \u00c7ak\u0131ro\u011flu: \u201c2023 S\u00fcrd\u00fcr\u00fclebilirlik Raporumuzu Yay\u0131nlad\u0131k.\u201d<\/strong><\/h3>\n<p>Ko\u00e7 Toplulu\u011fu olarak her zaman; finansal performanslar\u0131n\u0131 iyile\u015ftirmenin \u00f6tesinde t\u00fcm payda\u015flar\u0131na de\u011fer yaratan bir i\u015f anlay\u0131\u015f\u0131n\u0131 benimsediklerini kaydeden \u00c7ak\u0131ro\u011flu, <em>\u201cToplulu\u011fumuzun 2023 y\u0131l\u0131nda \u00e7evresel ve sosyal s\u00fcrd\u00fcr\u00fclebilirlikte \u00f6ne \u00e7\u0131kan geli\u015fmelerini ve 2050 karbon n\u00f6tr hedefimize y\u00f6nelik performans\u0131m\u0131z\u0131 payla\u015ft\u0131\u011f\u0131m\u0131z 2023 S\u00fcrd\u00fcr\u00fclebilirlik Raporumuzu yay\u0131nlad\u0131k. Ko\u00e7 Holding Karbon D\u00f6n\u00fc\u015f\u00fcm Program\u0131 kapsam\u0131nda 2050 karbon n\u00f6tr hedefimize do\u011fru kararl\u0131l\u0131kla ilerliyoruz. 2023 y\u0131l\u0131 sonu itibar\u0131yla, operasyonlar\u0131m\u0131zdan kaynaklanan karbon emisyonlar\u0131n\u0131 2017 y\u0131l\u0131na k\u0131yasla y\u00fczde 14 azaltt\u0131k\u201d<\/em> dedi. \u00c7ak\u0131ro\u011flu, Ko\u00e7 Holding\u2019in karbon n\u00f6tr hedefine do\u011fru giden yolda teknoloji ve inovasyonun kritik bir rol oynad\u0131\u011f\u0131n\u0131, \u00f6zellikle su kaynaklar\u0131n\u0131n daha etkin y\u00f6netimi i\u00e7in yenilik\u00e7i uygulamalar\u0131 hayata ge\u00e7irdiklerini de s\u00f6zlerine ekledi.<\/p>","protected":false},"excerpt":{"rendered":"<p>Sorry, this entry is only available in Turkish. For the sake of viewer convenience, the content is shown below in the alternative language. You may click the link to switch the active language. Ko\u00e7 Holding, 2024 y\u0131l\u0131n\u0131n ilk yar\u0131s\u0131nda konsolide bazda toplam 30,8 milyar ABD dolar\u0131 (USD) gelir elde ederken, yakla\u015f\u0131k 1,9 milyar USD kombine [&hellip;]<\/p>\n","protected":false},"author":1,"featured_media":190989,"comment_status":"open","ping_status":"open","sticky":false,"template":"","format":"standard","meta":[],"categories":[53],"tags":[2350,25153,97283,1609,20032,1000],"views":29,"_links":{"self":[{"href":"https:\/\/www.enerjigazetesi.ist\/en\/wp-json\/wp\/v2\/posts\/190987"}],"collection":[{"href":"https:\/\/www.enerjigazetesi.ist\/en\/wp-json\/wp\/v2\/posts"}],"about":[{"href":"https:\/\/www.enerjigazetesi.ist\/en\/wp-json\/wp\/v2\/types\/post"}],"author":[{"embeddable":true,"href":"https:\/\/www.enerjigazetesi.ist\/en\/wp-json\/wp\/v2\/users\/1"}],"replies":[{"embeddable":true,"href":"https:\/\/www.enerjigazetesi.ist\/en\/wp-json\/wp\/v2\/comments?post=190987"}],"version-history":[{"count":0,"href":"https:\/\/www.enerjigazetesi.ist\/en\/wp-json\/wp\/v2\/posts\/190987\/revisions"}],"wp:featuredmedia":[{"embeddable":true,"href":"https:\/\/www.enerjigazetesi.ist\/en\/wp-json\/wp\/v2\/media\/190989"}],"wp:attachment":[{"href":"https:\/\/www.enerjigazetesi.ist\/en\/wp-json\/wp\/v2\/media?parent=190987"}],"wp:term":[{"taxonomy":"category","embeddable":true,"href":"https:\/\/www.enerjigazetesi.ist\/en\/wp-json\/wp\/v2\/categories?post=190987"},{"taxonomy":"post_tag","embeddable":true,"href":"https:\/\/www.enerjigazetesi.ist\/en\/wp-json\/wp\/v2\/tags?post=190987"}],"curies":[{"name":"wp","href":"https:\/\/api.w.org\/{rel}","templated":true}]}}