{"id":190953,"date":"2024-08-12T16:41:15","date_gmt":"2024-08-12T13:41:15","guid":{"rendered":"https:\/\/www.enerjigazetesi.ist\/?p=190953"},"modified":"2024-08-12T16:41:15","modified_gmt":"2024-08-12T13:41:15","slug":"coruh-bolgesi-nde-mesken-firat-bolgesi-nde-sanayi-elektrik-tuketimi-artti","status":"publish","type":"post","link":"https:\/\/www.enerjigazetesi.ist\/en\/coruh-bolgesi-nde-mesken-firat-bolgesi-nde-sanayi-elektrik-tuketimi-artti\/","title":{"rendered":"(Turkish) \u00c7oruh B\u00f6lgesi\u2019nde &#8216;Mesken&#8217; F\u0131rat B\u00f6lgesi\u2019nde &#8216;Sanayi&#8217; Elektrik T\u00fcketimi Artt\u0131"},"content":{"rendered":"<p class=\"qtranxs-available-languages-message qtranxs-available-languages-message-en\">Sorry, this entry is only available in <a href=\"https:\/\/www.enerjigazetesi.ist\/tr\/wp-json\/wp\/v2\/posts\/190953\" class=\"qtranxs-available-language-link qtranxs-available-language-link-tr\" title=\"Turkish\">Turkish<\/a>. For the sake of viewer convenience, the content is shown below in the alternative language. You may click the link to switch the active language.<\/p><p><\/p>\n<h2><strong>Aksa \u00c7oruh ve Aksa F\u0131rat Elektrik, Nisan, May\u0131s, Haziran aylar\u0131n\u0131 kapsayan ikinci \u00e7eyrek elektrik t\u00fcketim oranlar\u0131n\u0131 a\u00e7\u0131klad\u0131. Yap\u0131lan a\u00e7\u0131klamaya g\u00f6re her iki b\u00f6lgede de ge\u00e7ti\u011fimiz y\u0131l\u0131n ayn\u0131 d\u00f6nemine g\u00f6re elektrik t\u00fcketimlerinde art\u0131\u015f kaydedildi.<\/strong><\/h2>\n<p style=\"text-align: center;\"><img loading=\"lazy\" class=\"aligncenter wp-image-190956\" src=\"https:\/\/www.enerjigazetesi.ist\/wp-content\/uploads\/2024\/08\/coruh-bolgesi-nde-mesken-firat-bolgesi-nde-sanayi-elektrik-tuketimi-artti-02.jpg\" alt=\"\" width=\"500\" height=\"252\" srcset=\"https:\/\/www.enerjigazetesi.ist\/wp-content\/uploads\/2024\/08\/coruh-bolgesi-nde-mesken-firat-bolgesi-nde-sanayi-elektrik-tuketimi-artti-02.jpg 550w, https:\/\/www.enerjigazetesi.ist\/wp-content\/uploads\/2024\/08\/coruh-bolgesi-nde-mesken-firat-bolgesi-nde-sanayi-elektrik-tuketimi-artti-02-300x151.jpg 300w, https:\/\/www.enerjigazetesi.ist\/wp-content\/uploads\/2024\/08\/coruh-bolgesi-nde-mesken-firat-bolgesi-nde-sanayi-elektrik-tuketimi-artti-02-500x252.jpg 500w, https:\/\/www.enerjigazetesi.ist\/wp-content\/uploads\/2024\/08\/coruh-bolgesi-nde-mesken-firat-bolgesi-nde-sanayi-elektrik-tuketimi-artti-02-80x40.jpg 80w\" sizes=\"(max-width: 500px) 100vw, 500px\" \/><\/p>\n<p><strong>\u00c7oruh ve F\u0131rat b\u00f6lgeleri<\/strong>ndeki 9 ilde elektrik tedarik hizmeti sunan <strong>Aksa Elektrik<\/strong>, 2024 y\u0131l\u0131n\u0131n Nisan, May\u0131s, Haziran aylar\u0131na ait t\u00fcketim oranlar\u0131n\u0131 a\u00e7\u0131klad\u0131.<\/p>\n<p><strong>Artvin, Giresun, G\u00fcm\u00fc\u015fhane, Rize ve Trabzon<\/strong>\u00a0illerinin ba\u011fl\u0131 bulundu\u011fu \u00c7oruh b\u00f6lgesinde, toplam elektrik t\u00fcketiminde (mesken, sanayi ve ticarethane) bir \u00f6nceki y\u0131l\u0131n ikinci \u00e7eyre\u011fine k\u0131yasla y\u00fczde <strong>1,3\u00a0<\/strong>oran\u0131nda art\u0131\u015f g\u00f6r\u00fcl\u00fcrken, <strong>Malatya, Elaz\u0131\u011f, Tunceli ve Bing\u00f6l<\/strong> illerinin yer ald\u0131\u011f\u0131 <strong>F\u0131rat b\u00f6lgesinin toplam elektrik t\u00fcketimi<\/strong> ayn\u0131 seyretti.<\/p>\n<p style=\"text-align: center;\"><img loading=\"lazy\" class=\"aligncenter wp-image-190955\" src=\"https:\/\/www.enerjigazetesi.ist\/wp-content\/uploads\/2024\/08\/coruh-bolgesi-nde-mesken-firat-bolgesi-nde-sanayi-elektrik-tuketimi-artti-01.jpg\" alt=\"\" width=\"500\" height=\"278\" srcset=\"https:\/\/www.enerjigazetesi.ist\/wp-content\/uploads\/2024\/08\/coruh-bolgesi-nde-mesken-firat-bolgesi-nde-sanayi-elektrik-tuketimi-artti-01.jpg 550w, https:\/\/www.enerjigazetesi.ist\/wp-content\/uploads\/2024\/08\/coruh-bolgesi-nde-mesken-firat-bolgesi-nde-sanayi-elektrik-tuketimi-artti-01-300x167.jpg 300w, https:\/\/www.enerjigazetesi.ist\/wp-content\/uploads\/2024\/08\/coruh-bolgesi-nde-mesken-firat-bolgesi-nde-sanayi-elektrik-tuketimi-artti-01-500x278.jpg 500w, https:\/\/www.enerjigazetesi.ist\/wp-content\/uploads\/2024\/08\/coruh-bolgesi-nde-mesken-firat-bolgesi-nde-sanayi-elektrik-tuketimi-artti-01-80x45.jpg 80w\" sizes=\"(max-width: 500px) 100vw, 500px\" \/><\/p>\n<p>\u00c7oruh-F\u0131rat b\u00f6lgesinde <strong>mesken, sanayi ve ticarethane<\/strong> gruplar\u0131ndan toplam elektrik t\u00fcketimine bak\u0131ld\u0131\u011f\u0131nda, ge\u00e7en y\u0131l\u0131n ayn\u0131 d\u00f6nemine g\u00f6re en y\u00fcksek art\u0131\u015f oran\u0131 y\u00fczde <strong>12\u00a0<\/strong>ile<strong>\u00a0<\/strong>Bing\u00f6l\u2019de<strong>\u00a0<\/strong>g\u00f6r\u00fcld\u00fc. F\u0131rat b\u00f6lgesinde yer alan di\u011fer illerin toplam elektrik t\u00fcketimine bak\u0131ld\u0131\u011f\u0131nda, Tunceli\u2019de y\u00fczde <strong>10<\/strong>, Elaz\u0131\u011f\u2019da y\u00fczde <strong>0,5\u00a0<\/strong>art\u0131\u015f olurken, Malatya\u2019da y\u00fczde <strong>3<\/strong> oran\u0131nda azal\u0131\u015f kaydedildi. \u00c7oruh b\u00f6lgesinde ise Artvin\u2019de y\u00fczde <strong>5<\/strong>, Trabzon\u2019da y\u00fczde <strong>2,5<\/strong>, Rize\u2019de y\u00fczde\u00a0<strong>5 art\u0131\u015f g\u00f6r\u00fcl\u00fcrken,\u00a0<\/strong>Giresun\u2019da y\u00fczde <strong>3,\u00a0<\/strong>G\u00fcm\u00fc\u015fhane\u2019de ise<strong>\u00a0<\/strong>y\u00fczde <strong>12 azal\u0131\u015f\u00a0<\/strong>kaydedildi.<\/p>\n<p>2024 y\u0131l\u0131n\u0131n ikinci \u00e7eyre\u011finde, bir \u00f6nceki y\u0131l\u0131n ayn\u0131 d\u00f6nemine k\u0131yasla F\u0131rat b\u00f6lgesindeki meskenlerde toplam elektrik t\u00fcketiminde y\u00fczde <strong>7\u00a0<\/strong>oran\u0131nda art\u0131\u015f g\u00f6r\u00fcl\u00fcrken, \u00c7oruh b\u00f6lgesinde ise bu art\u0131\u015f oran\u0131n\u0131n yakla\u015f\u0131k y\u00fczde <strong>3\u00a0<\/strong>oldu\u011fu g\u00f6zlendi.<strong>\u00a0Sanayi ve ticarethane grubunda\u00a0ise \u00c7oruh b\u00f6lgesinde y\u00fczde 9\u2019luk bir art\u0131\u015f ger\u00e7ekle\u015firken F\u0131rat b\u00f6lgesinde y\u00fczde 10 azal\u0131\u015f kaydedildi.<\/strong><\/p>","protected":false},"excerpt":{"rendered":"<p>Sorry, this entry is only available in Turkish. For the sake of viewer convenience, the content is shown below in the alternative language. You may click the link to switch the active language. Aksa \u00c7oruh ve Aksa F\u0131rat Elektrik, Nisan, May\u0131s, Haziran aylar\u0131n\u0131 kapsayan ikinci \u00e7eyrek elektrik t\u00fcketim oranlar\u0131n\u0131 a\u00e7\u0131klad\u0131. Yap\u0131lan a\u00e7\u0131klamaya g\u00f6re her iki [&hellip;]<\/p>\n","protected":false},"author":1,"featured_media":190957,"comment_status":"open","ping_status":"open","sticky":false,"template":"","format":"standard","meta":[],"categories":[51,53],"tags":[114878,24146,114879,74046,85452],"views":29,"_links":{"self":[{"href":"https:\/\/www.enerjigazetesi.ist\/en\/wp-json\/wp\/v2\/posts\/190953"}],"collection":[{"href":"https:\/\/www.enerjigazetesi.ist\/en\/wp-json\/wp\/v2\/posts"}],"about":[{"href":"https:\/\/www.enerjigazetesi.ist\/en\/wp-json\/wp\/v2\/types\/post"}],"author":[{"embeddable":true,"href":"https:\/\/www.enerjigazetesi.ist\/en\/wp-json\/wp\/v2\/users\/1"}],"replies":[{"embeddable":true,"href":"https:\/\/www.enerjigazetesi.ist\/en\/wp-json\/wp\/v2\/comments?post=190953"}],"version-history":[{"count":0,"href":"https:\/\/www.enerjigazetesi.ist\/en\/wp-json\/wp\/v2\/posts\/190953\/revisions"}],"wp:featuredmedia":[{"embeddable":true,"href":"https:\/\/www.enerjigazetesi.ist\/en\/wp-json\/wp\/v2\/media\/190957"}],"wp:attachment":[{"href":"https:\/\/www.enerjigazetesi.ist\/en\/wp-json\/wp\/v2\/media?parent=190953"}],"wp:term":[{"taxonomy":"category","embeddable":true,"href":"https:\/\/www.enerjigazetesi.ist\/en\/wp-json\/wp\/v2\/categories?post=190953"},{"taxonomy":"post_tag","embeddable":true,"href":"https:\/\/www.enerjigazetesi.ist\/en\/wp-json\/wp\/v2\/tags?post=190953"}],"curies":[{"name":"wp","href":"https:\/\/api.w.org\/{rel}","templated":true}]}}