{"id":190858,"date":"2024-08-07T19:16:32","date_gmt":"2024-08-07T16:16:32","guid":{"rendered":"https:\/\/www.enerjigazetesi.ist\/?p=190858"},"modified":"2024-08-07T19:16:32","modified_gmt":"2024-08-07T16:16:32","slug":"bandirma-enerji-ussu-turkiye-de-bir-ilke-ev-sahipligi-yapiyor","status":"publish","type":"post","link":"https:\/\/www.enerjigazetesi.ist\/en\/bandirma-enerji-ussu-turkiye-de-bir-ilke-ev-sahipligi-yapiyor\/","title":{"rendered":"(Turkish) &#8217;Band\u0131rma Enerji \u00dcss\u00fc&#8217; T\u00fcrkiye\u2019de Bir \u0130lke Ev Sahipli\u011fi Yap\u0131yor"},"content":{"rendered":"<p class=\"qtranxs-available-languages-message qtranxs-available-languages-message-en\">Sorry, this entry is only available in <a href=\"https:\/\/www.enerjigazetesi.ist\/tr\/wp-json\/wp\/v2\/posts\/190858\" class=\"qtranxs-available-language-link qtranxs-available-language-link-tr\" title=\"Turkish\">Turkish<\/a>. For the sake of viewer convenience, the content is shown below in the alternative language. You may click the link to switch the active language.<\/p><p><\/p>\n<h2><strong>Enerjisa \u00dcretim ve ENERCON aras\u0131nda 2023 y\u0131l\u0131nda ger\u00e7ekle\u015fen iyi niyet anla\u015fmas\u0131 kapsam\u0131nda, T\u00fcrkiye\u2019nin en uzun kanat ve kule y\u00fcksekli\u011fine sahip r\u00fczgar t\u00fcrbini olan E-175 EP\u2019nin tedarik, montaj ve bak\u0131m s\u00f6zle\u015fmeleri imzaland\u0131. B\u00f6ylece Enerjisa \u00dcretim\u2019in 5 farkl\u0131 teknolojide \u00fcretim yapan ve bir\u00e7ok yenilik\u00e7i uygulamas\u0131na imza att\u0131\u011f\u0131 Band\u0131rma Enerji \u00dcss\u00fc, T\u00fcrkiye\u2019de ilk kez bir r\u00fczgar t\u00fcrbininin testlerine ev sahipli\u011fi yapacak ve teknolojinin ilerlemesine hizmet edecek.<\/strong><\/h2>\n<p style=\"text-align: center;\"><img loading=\"lazy\" class=\"aligncenter wp-image-190861\" src=\"https:\/\/www.enerjigazetesi.ist\/wp-content\/uploads\/2024\/08\/bandirma-enerji-ussu-turkiye-de-bir-ilke-ev-sahipligi-yapiyor-1.jpg\" alt=\"\" width=\"500\" height=\"352\" srcset=\"https:\/\/www.enerjigazetesi.ist\/wp-content\/uploads\/2024\/08\/bandirma-enerji-ussu-turkiye-de-bir-ilke-ev-sahipligi-yapiyor-1.jpg 550w, https:\/\/www.enerjigazetesi.ist\/wp-content\/uploads\/2024\/08\/bandirma-enerji-ussu-turkiye-de-bir-ilke-ev-sahipligi-yapiyor-1-300x211.jpg 300w, https:\/\/www.enerjigazetesi.ist\/wp-content\/uploads\/2024\/08\/bandirma-enerji-ussu-turkiye-de-bir-ilke-ev-sahipligi-yapiyor-1-500x352.jpg 500w, https:\/\/www.enerjigazetesi.ist\/wp-content\/uploads\/2024\/08\/bandirma-enerji-ussu-turkiye-de-bir-ilke-ev-sahipligi-yapiyor-1-71x50.jpg 71w\" sizes=\"(max-width: 500px) 100vw, 500px\" \/><\/p>\n<p>T\u00fcrkiye\u2019nin yerli ve yenilenebilir enerji hedefleri a\u00e7\u0131s\u0131ndan stratejik \u00f6neme sahip olan r\u00fczgar enerjisi yat\u0131r\u0131mlar\u0131n\u0131 s\u00fcrd\u00fcren Enerjisa \u00dcretim, ENERCON ile yeni bir anla\u015fmaya imza att\u0131. ENERCON\u2019un geli\u015ftirdi\u011fi ve 175 metre ile d\u00fcnyada en b\u00fcy\u00fck rotor \u00e7apl\u0131 t\u00fcrbinler aras\u0131nda yer alan E-175 EP5 modeli, 6 megavat kurulu g\u00fc\u00e7 ve art\u0131r\u0131labilir kapasitesiyle enerji \u00fcretimi yapacak ve b\u00f6ylece ENERCON, yeni geli\u015ftirdi\u011fi t\u00fcrbinleri i\u00e7in yurt d\u0131\u015f\u0131nda yapt\u0131\u011f\u0131 test \u00e7al\u0131\u015fmalar\u0131n\u0131 ilk kez T\u00fcrkiye\u2019de de s\u00fcrd\u00fcrecek. Bu t\u00fcrbinde yap\u0131lacak testler ile y\u00fcksek s\u0131cakl\u0131ktaki iklimlerde maksimum verimin elde edilebilece\u011fi bir g\u00fc\u00e7 modu uygulanacak. T\u00fcrkiye\u2019deki yenilenebilir enerji sekt\u00f6r\u00fc i\u00e7in \u00f6nemli bir ad\u0131m olan proje kapsam\u0131nda r\u00fczgar t\u00fcrbini kurulumunun 2025 y\u0131l\u0131 i\u00e7erisinde tamamlanmas\u0131 planlan\u0131yor.<\/p>\n<p><strong>Enerjisa \u00dcretim CEO\u2019su \u0130hsan Erbil Bay\u00e7\u00f6l<\/strong><em>, \u201c<\/em><em>T\u00fcrkiye\u2019nin hem ekonomik hem de \u00e7evresel hedefleri a\u00e7\u0131s\u0131ndan yenilenebilir enerji yat\u0131r\u0131mlar\u0131n\u0131 art\u0131rmaya ihtiyac\u0131 var. Biz de Enerjisa \u00dcretim olarak <strong>\u00fclkemizin yenilenebilir enerjideki g\u00fc\u00e7l\u00fc potansiyelini<\/strong> kullanmak \u00fczere <strong>r\u00fczgar ve g\u00fcne\u015f yat\u0131r\u0131mlar\u0131m\u0131z\u0131<\/strong> h\u0131zla hayata ge\u00e7irmeye devam ediyoruz. Yat\u0131r\u0131mda ve \u00fcretimde sekt\u00f6re \u00f6nc\u00fcl\u00fck eden bir konumda olmakla birlikte sekt\u00f6r\u00fcn geli\u015fmesi i\u00e7in elimizi ta\u015f\u0131n alt\u0131na koymaya ve her t\u00fcrl\u00fc deste\u011fi vermeye haz\u0131r\u0131z. T\u00fcm ekosisteme fayda sa\u011flayacak bu i\u015f birli\u011fi ile sekt\u00f6r\u00fcm\u00fczde hem teknolojinin geli\u015fmesine hem de insan kayna\u011f\u0131n\u0131n geli\u015fimine s\u00fcrd\u00fcr\u00fclebilirlik a\u00e7\u0131s\u0131ndan katk\u0131 sa\u011flamay\u0131 hedefliyoruz. <strong>ENERCON<\/strong> ile imzalad\u0131\u011f\u0131m\u0131z anla\u015fma ile d\u00fcnyada en b\u00fcy\u00fck rotor \u00e7apl\u0131 t\u00fcrbinler aras\u0131nda yer alan <strong>E-175 EP5 t\u00fcrbinlerini<\/strong> test etmek ve geli\u015fimine katk\u0131 sa\u011flamak i\u00e7in ev sahipli\u011fi yapaca\u011f\u0131z. Yeni t\u00fcrbinlerin T\u00fcrkiye\u2019de <strong>Enerjisa \u00dcretim santrallerinde<\/strong> test edilecek olmas\u0131, bizim ve \u00fclkemiz i\u00e7in \u00e7ok \u00f6nemli. 5 farkl\u0131 teknolojiye sahip ve bir\u00e7ok yenilik\u00e7i uygulamay\u0131 hayata ge\u00e7irdi\u011fimiz Band\u0131rma Enerji \u00dcss\u00fcn\u00fcn bu yat\u0131r\u0131ma ev sahipli\u011fi yapacak olmas\u0131 ise bizler i\u00e7in ayr\u0131 bir gurur vesilesi. Band\u0131rma Enerji \u00dcss\u00fc, y\u00fcksek elektrik \u00fcretim kapasitesinin yan\u0131 s\u0131ra inovasyon ve AR-GE projeleri ile de Avrupa\u2019n\u0131n \u00f6nemli bir merkezi haline geldi.\u201d dedi.<\/em><\/p>\n<p><strong><em>ENERCON CCO\u2019su Ulrich S\u00fcdhoff,\u00a0<\/em><\/strong><em>\u2018\u2019E-175 EP5 t\u00fcrbinleri, T\u00fcrkiye\u2019deki sahalar i\u00e7in olduk\u00e7a uygun bir model. Enerjisa \u00dcretim ile imzalad\u0131\u011f\u0131m\u0131z tedarik s\u00f6zle\u015fmesi, bizim i\u00e7in bir ba\u015flang\u0131\u00e7 noktas\u0131 ol<\/em><em>acak<\/em><em>. T\u00fcrkiye pazar\u0131 ile g\u00fc\u00e7l\u00fc bir ba\u011f\u0131m\u0131z var.\u201d dedi.<\/em><\/p>","protected":false},"excerpt":{"rendered":"<p>Sorry, this entry is only available in Turkish. For the sake of viewer convenience, the content is shown below in the alternative language. You may click the link to switch the active language. Enerjisa \u00dcretim ve ENERCON aras\u0131nda 2023 y\u0131l\u0131nda ger\u00e7ekle\u015fen iyi niyet anla\u015fmas\u0131 kapsam\u0131nda, T\u00fcrkiye\u2019nin en uzun kanat ve kule y\u00fcksekli\u011fine sahip r\u00fczgar t\u00fcrbini [&hellip;]<\/p>\n","protected":false},"author":1,"featured_media":190860,"comment_status":"open","ping_status":"open","sticky":false,"template":"","format":"standard","meta":[],"categories":[51,53,50],"tags":[114847,7567,35365,16,324],"views":39,"_links":{"self":[{"href":"https:\/\/www.enerjigazetesi.ist\/en\/wp-json\/wp\/v2\/posts\/190858"}],"collection":[{"href":"https:\/\/www.enerjigazetesi.ist\/en\/wp-json\/wp\/v2\/posts"}],"about":[{"href":"https:\/\/www.enerjigazetesi.ist\/en\/wp-json\/wp\/v2\/types\/post"}],"author":[{"embeddable":true,"href":"https:\/\/www.enerjigazetesi.ist\/en\/wp-json\/wp\/v2\/users\/1"}],"replies":[{"embeddable":true,"href":"https:\/\/www.enerjigazetesi.ist\/en\/wp-json\/wp\/v2\/comments?post=190858"}],"version-history":[{"count":0,"href":"https:\/\/www.enerjigazetesi.ist\/en\/wp-json\/wp\/v2\/posts\/190858\/revisions"}],"wp:featuredmedia":[{"embeddable":true,"href":"https:\/\/www.enerjigazetesi.ist\/en\/wp-json\/wp\/v2\/media\/190860"}],"wp:attachment":[{"href":"https:\/\/www.enerjigazetesi.ist\/en\/wp-json\/wp\/v2\/media?parent=190858"}],"wp:term":[{"taxonomy":"category","embeddable":true,"href":"https:\/\/www.enerjigazetesi.ist\/en\/wp-json\/wp\/v2\/categories?post=190858"},{"taxonomy":"post_tag","embeddable":true,"href":"https:\/\/www.enerjigazetesi.ist\/en\/wp-json\/wp\/v2\/tags?post=190858"}],"curies":[{"name":"wp","href":"https:\/\/api.w.org\/{rel}","templated":true}]}}