{"id":190847,"date":"2024-08-07T18:40:01","date_gmt":"2024-08-07T15:40:01","guid":{"rendered":"https:\/\/www.enerjigazetesi.ist\/?p=190847"},"modified":"2024-08-07T18:40:20","modified_gmt":"2024-08-07T15:40:20","slug":"yaz-staj-programi-spark-ile-genclerin-kariyer-yolculugu-destekleniyor","status":"publish","type":"post","link":"https:\/\/www.enerjigazetesi.ist\/en\/yaz-staj-programi-spark-ile-genclerin-kariyer-yolculugu-destekleniyor\/","title":{"rendered":"(Turkish) Yaz Staj Program\u0131 &#8216;SPARK&#8217; ile Gen\u00e7lerin Kariyer Yolculu\u011fu Destekleniyor"},"content":{"rendered":"<p class=\"qtranxs-available-languages-message qtranxs-available-languages-message-en\">Sorry, this entry is only available in <a href=\"https:\/\/www.enerjigazetesi.ist\/tr\/wp-json\/wp\/v2\/posts\/190847\" class=\"qtranxs-available-language-link qtranxs-available-language-link-tr\" title=\"Turkish\">Turkish<\/a>. For the sake of viewer convenience, the content is shown below in the alternative language. You may click the link to switch the active language.<\/p><p><\/p>\n<h2><strong>Enerjisa Da\u011f\u0131t\u0131m \u015eirketleri Ba\u015fkent EDA\u015e, Ayeda\u015f ve Toroslar EDA\u015e Yaz Staj Program\u0131 SPARK ile bu y\u0131l 170 \u00fcniversiteli gencin kariyerlerindeki ilk k\u0131v\u0131lc\u0131m\u0131 yakt\u0131. Enerji sekt\u00f6r\u00fcne yeni yetenekler kazand\u0131r\u0131lmas\u0131na ve \u00fclke istihdam\u0131na katk\u0131 sa\u011flayan SPARK Yaz Staj Program\u0131 ile \u00fcniversiteli gen\u00e7ler kariyer ve e\u011fitim f\u0131rsatlar\u0131 ile\u00a0destekleniyor.<\/strong><\/h2>\n<p style=\"text-align: center;\"><img loading=\"lazy\" class=\"aligncenter wp-image-190850\" src=\"https:\/\/www.enerjigazetesi.ist\/wp-content\/uploads\/2024\/08\/yaz-staj-programi-spark-ile-genclerin-kariyer-yolculugu-destekleniyor-1.jpg\" alt=\"\" width=\"500\" height=\"356\" srcset=\"https:\/\/www.enerjigazetesi.ist\/wp-content\/uploads\/2024\/08\/yaz-staj-programi-spark-ile-genclerin-kariyer-yolculugu-destekleniyor-1.jpg 550w, https:\/\/www.enerjigazetesi.ist\/wp-content\/uploads\/2024\/08\/yaz-staj-programi-spark-ile-genclerin-kariyer-yolculugu-destekleniyor-1-300x214.jpg 300w, https:\/\/www.enerjigazetesi.ist\/wp-content\/uploads\/2024\/08\/yaz-staj-programi-spark-ile-genclerin-kariyer-yolculugu-destekleniyor-1-500x356.jpg 500w, https:\/\/www.enerjigazetesi.ist\/wp-content\/uploads\/2024\/08\/yaz-staj-programi-spark-ile-genclerin-kariyer-yolculugu-destekleniyor-1-70x50.jpg 70w\" sizes=\"(max-width: 500px) 100vw, 500px\" \/><\/p>\n<p>S\u00fcrd\u00fcr\u00fclebilirli\u011fi stratejisinin merkezine koyarak, insan ve teknoloji oda\u011f\u0131yla projeler \u00fcreten ve yat\u0131r\u0131mlar\u0131n\u0131 ger\u00e7ekle\u015ftirerek T\u00fcrkiye\u2019nin enerji d\u00f6n\u00fc\u015f\u00fcm\u00fcne \u00f6nc\u00fcl\u00fck eden Enerjisa Da\u011f\u0131t\u0131m \u015eirketleri Ba\u015fkent EDA\u015e, Ayeda\u015f ve Toroslar EDA\u015e, sekt\u00f6r\u00fcn gelece\u011fini \u015fekillendirecek ve istihdama katk\u0131 sa\u011flayacak kariyer programlar\u0131n\u0131 s\u00fcrd\u00fcr\u00fcyor.<\/p>\n<p>Enerjisa Da\u011f\u0131t\u0131m \u015eirketleri 2021 y\u0131l\u0131ndan bu yana y\u00fcr\u00fctt\u00fc\u011f\u00fc <strong>ki\u015fisel geli\u015fim, ko\u00e7luk deste\u011fi, proje \u00e7al\u0131\u015fmas\u0131, teknik gezi ve proje sunumu<\/strong> a\u015famalar\u0131n\u0131 i\u00e7eren <strong>yeni nesil<\/strong> <strong>yaz staj program\u0131<\/strong> olan SPARK\u2019\u0131n 2024 y\u0131l\u0131 kapan\u0131\u015f etkinli\u011fini ger\u00e7ekle\u015ftirdi.<\/p>\n<p>SPARK\u2019\u0131n son g\u00fcn\u00fcnde, yirmi g\u00fcn boyunca devam eden staj program\u0131na kat\u0131lan, <strong>28 proje ko\u00e7u<\/strong> ile projelerini hayata ge\u00e7irip, \u00e7e\u015fitli e\u011fitimler ve teknik gezilerden faydalanan <strong>170 kat\u0131l\u0131mc\u0131 sertifikalar\u0131n\u0131 alarak<\/strong> kariyer yolculuklar\u0131ndaki ilk k\u0131v\u0131lc\u0131m\u0131 yakmay\u0131 ba\u015fard\u0131.<\/p>\n<h3><strong>3 Y\u0131lda 154 \u00dcniversiteden 8 Bini A\u015fk\u0131n Ba\u015fvuru<\/strong><\/h3>\n<p>Staj d\u00f6nemi boyunca Adana, Ankara ve \u0130stanbul ba\u015fta olmak \u00fczere 12 ilde ikamet eden ve \u00fcniversitelerin Elektrik-Elektronik M\u00fchendisli\u011fi, End\u00fcstri M\u00fchendisli\u011fi b\u00f6l\u00fcmlerinde, \u0130ktisadi ve \u0130dari Bilimler veya Sosyal Bilimler Fak\u00fclteleri\u2019nde 3. veya 4. S\u0131n\u0131fta olan adaylar\u0131n ba\u015fvurabildi\u011fi SPARK Yaz Staj Program\u0131 bu y\u0131l da \u00fcniversiteli \u00f6\u011frencilerden yo\u011fun ilgi g\u00f6rd\u00fc.<\/p>\n<p>Bu kapsamda <strong>2024<\/strong> y\u0131l\u0131nda <strong>154 \u00fcniversiteden<\/strong> yap\u0131lan <strong>4827 ba\u015fvuru<\/strong> de\u011ferlendirildi ve <strong>54 \u00fcniversiteden 170 kat\u0131l\u0131mc\u0131<\/strong> Spark Yaz Staj Program\u0131na kat\u0131lmaya hak kazand\u0131. 2022-2024 y\u0131llar\u0131n\u0131 kapsayan <strong>son 3 y\u0131lda<\/strong> ise <strong>154 \u00fcniversiteden 8418 aday ba\u015fvuru<\/strong> yaparken,<strong> 54<\/strong> \u00fcniversiteden <strong>365 kat\u0131l\u0131mc\u0131<\/strong> SPARK Yaz Staj Program\u0131na kat\u0131ld\u0131.<\/p>\n<h3><strong>\u2018\u2019Yetenekleri Gelece\u011fe Haz\u0131rl\u0131yor, Elektrik Da\u011f\u0131t\u0131m Sekt\u00f6r\u00fcnde Fark Yarat\u0131yoruz\u2019\u2019<\/strong><\/h3>\n<p>Enerjisa Da\u011f\u0131t\u0131m \u015eirketleri\u2019nin yetenek programlar\u0131n\u0131 de\u011ferlendiren <strong>Enerjisa Da\u011f\u0131t\u0131m \u015eirketleri Genel M\u00fcd\u00fcr\u00fc O\u011fuzhan \u00d6zs\u00fcrekci,<\/strong> <em>\u201cT\u00fcrkiye\u2019de 3 elektrik da\u011f\u0131t\u0131m b\u00f6lgesindeki, 14 ilde 22 milyondan fazla kullan\u0131c\u0131ya kaliteli, kesintisiz ve s\u00fcrd\u00fcr\u00fclebilir elektrik hizmeti sunarken en de\u011ferli kayna\u011f\u0131m\u0131z\u0131n \u201cinsan\u201d oldu\u011funu biliyoruz. \u015eirketimizin ve sekt\u00f6r\u00fcm\u00fcz\u00fcn ihtiya\u00e7 duydu\u011fu yetenekleri desteklemek i\u00e7in de SPARK Yaz Staj Program\u0131 gibi kariyer programlar\u0131na \u00e7ok \u00f6nem veriyor ve gerekli \u00f6zeni g\u00f6steriyoruz. SPARK sayesinde her y\u0131l onlarca \u00fcniversiteli genci <strong>Enerjisa Da\u011f\u0131t\u0131m \u015eirketleri<\/strong> ve <strong>elektrik da\u011f\u0131t\u0131m sekt\u00f6r\u00fc<\/strong> ile tan\u0131\u015ft\u0131r\u0131yoruz. \u00dcstelik bu program sayesinde \u00fcniversite \u00f6\u011frenimine devam eden gen\u00e7lerin mezun olmadan \u00f6nce i\u015f hayat\u0131n\u0131 tecr\u00fcbe etmelerini ve deneyimlerini g\u00fc\u00e7lendirmelerini destekliyoruz.\u201d<\/em> dedi.<\/p>\n<h3>\u2018<strong>\u2019\u015eirketlerimiz Ana Faaliyet Alanlar\u0131nda Oldu\u011fu Gibi Yetene\u011fe de Yat\u0131r\u0131m Yap\u0131yor\u2019\u2019<\/strong><\/h3>\n<p><strong>Enerjisa Enerji \u0130nsan ve K\u00fclt\u00fcr B\u00f6l\u00fcm Ba\u015fkan\u0131 Yakup Aydilek<\/strong>\u00a0ise Enerjisa Da\u011f\u0131t\u0131m \u015eirketleri b\u00fcnyesinde y\u00fcr\u00fct\u00fclen <strong>She-Energy, Enter, Enbiz, Gelece\u011fini Kuran Gen\u00e7 Kad\u0131nlar ve SPARK<\/strong> gibi <strong>e\u011fitim, kariyer ve sosyal sorumluluk programlar\u0131n\u0131n<\/strong> \u00f6nemine dikkat \u00e7ekerek<em> \u201cT\u00fcm programlar\u0131m\u0131zda <strong>kapsay\u0131c\u0131l\u0131\u011f\u0131, cinsiyet e\u015fitli\u011fini, g\u00f6n\u00fcll\u00fcl\u00fck k\u00fclt\u00fcr\u00fcn\u00fc, istihdam\u0131 ve geli\u015fim s\u00fcre\u00e7lerini<\/strong> destekliyoruz. K\u0131sa D\u00f6nem Yaz Staj Program\u0131 Spark ile de \u00f6zenle se\u00e7ti\u011fimiz \u00fcniversiteli gen\u00e7leri proje ko\u00e7lar\u0131m\u0131zla bulu\u015fturarak, projeler \u00fcretmelerine, kariyer yolculuklar\u0131n\u0131 \u015fekillendirmelerine, ki\u015fisel geli\u015fimlerini h\u0131zland\u0131rmalar\u0131na uygun ortam\u0131 ve deste\u011fi sa\u011fl\u0131yoruz. T\u00fcm faaliyetlerimizle sekt\u00f6r\u00fcn s\u00fcrd\u00fcr\u00fclebilir enerji d\u00f6n\u00fc\u015f\u00fcm\u00fcne \u00f6nc\u00fcl\u00fck ederken, gen\u00e7 yeteneklerimizin kariyer yolculu\u011funa da katk\u0131 sa\u011fl\u0131yoruz. Bu vesile ile \u00fclkemizin en dinamik ve \u00f6\u011fretici sekt\u00f6rlerinden biri olan elektrik da\u011f\u0131t\u0131m sekt\u00f6r\u00fcn\u00fc ke\u015ffetmeleri i\u00e7in gen\u00e7 yeteneklerimizi programlar\u0131m\u0131za davet ediyorum.\u201d<\/em> ifadelerini kulland\u0131.<\/p>","protected":false},"excerpt":{"rendered":"<p>Sorry, this entry is only available in Turkish. For the sake of viewer convenience, the content is shown below in the alternative language. You may click the link to switch the active language. Enerjisa Da\u011f\u0131t\u0131m \u015eirketleri Ba\u015fkent EDA\u015e, Ayeda\u015f ve Toroslar EDA\u015e Yaz Staj Program\u0131 SPARK ile bu y\u0131l 170 \u00fcniversiteli gencin kariyerlerindeki ilk k\u0131v\u0131lc\u0131m\u0131 [&hellip;]<\/p>\n","protected":false},"author":1,"featured_media":190849,"comment_status":"open","ping_status":"open","sticky":false,"template":"","format":"standard","meta":[],"categories":[51,53],"tags":[2320,19261,15016,4546,49286,39578,114845,3558,114844,114843],"views":35,"_links":{"self":[{"href":"https:\/\/www.enerjigazetesi.ist\/en\/wp-json\/wp\/v2\/posts\/190847"}],"collection":[{"href":"https:\/\/www.enerjigazetesi.ist\/en\/wp-json\/wp\/v2\/posts"}],"about":[{"href":"https:\/\/www.enerjigazetesi.ist\/en\/wp-json\/wp\/v2\/types\/post"}],"author":[{"embeddable":true,"href":"https:\/\/www.enerjigazetesi.ist\/en\/wp-json\/wp\/v2\/users\/1"}],"replies":[{"embeddable":true,"href":"https:\/\/www.enerjigazetesi.ist\/en\/wp-json\/wp\/v2\/comments?post=190847"}],"version-history":[{"count":0,"href":"https:\/\/www.enerjigazetesi.ist\/en\/wp-json\/wp\/v2\/posts\/190847\/revisions"}],"wp:featuredmedia":[{"embeddable":true,"href":"https:\/\/www.enerjigazetesi.ist\/en\/wp-json\/wp\/v2\/media\/190849"}],"wp:attachment":[{"href":"https:\/\/www.enerjigazetesi.ist\/en\/wp-json\/wp\/v2\/media?parent=190847"}],"wp:term":[{"taxonomy":"category","embeddable":true,"href":"https:\/\/www.enerjigazetesi.ist\/en\/wp-json\/wp\/v2\/categories?post=190847"},{"taxonomy":"post_tag","embeddable":true,"href":"https:\/\/www.enerjigazetesi.ist\/en\/wp-json\/wp\/v2\/tags?post=190847"}],"curies":[{"name":"wp","href":"https:\/\/api.w.org\/{rel}","templated":true}]}}