{"id":190832,"date":"2024-08-07T17:25:14","date_gmt":"2024-08-07T14:25:14","guid":{"rendered":"https:\/\/www.enerjigazetesi.ist\/?p=190832"},"modified":"2024-08-07T17:25:14","modified_gmt":"2024-08-07T14:25:14","slug":"sedas-sakarya-muhtar-dernek-baskanlari-ile-bulustu-2","status":"publish","type":"post","link":"https:\/\/www.enerjigazetesi.ist\/en\/sedas-sakarya-muhtar-dernek-baskanlari-ile-bulustu-2\/","title":{"rendered":"(Turkish) &#8217;SEDA\u015e&#8217; Sakarya Muhtar Dernek Ba\u015fkanlar\u0131 ile Bulu\u015ftu"},"content":{"rendered":"<p class=\"qtranxs-available-languages-message qtranxs-available-languages-message-en\">Sorry, this entry is only available in <a href=\"https:\/\/www.enerjigazetesi.ist\/tr\/wp-json\/wp\/v2\/posts\/190832\" class=\"qtranxs-available-language-link qtranxs-available-language-link-tr\" title=\"Turkish\">Turkish<\/a>. For the sake of viewer convenience, the content is shown below in the alternative language. You may click the link to switch the active language.<\/p><p><\/p>\n<h2><strong>Sakarya Elektrik Da\u011f\u0131t\u0131m A.\u015e. (SEDA\u015e), hizmet b\u00f6lgesindeki muhtar derneklerinin ba\u015fkanlar\u0131n\u0131 Genel M\u00fcd\u00fcrl\u00fck kamp\u00fcs\u00fcnde a\u011f\u0131rlad\u0131. Sakarya \u0130l ve \u0130l\u00e7e temsilcilerinin kat\u0131ld\u0131\u011f\u0131 toplant\u0131da muhtar dernek ba\u015fkanlar\u0131, mahallelerindeki enerji taleplerini aktard\u0131.<\/strong><\/h2>\n<p style=\"text-align: center;\"><img loading=\"lazy\" class=\"aligncenter wp-image-190835\" src=\"https:\/\/www.enerjigazetesi.ist\/wp-content\/uploads\/2024\/08\/sedas-sakarya-muhtar-dernek-baskanlari-ile-bulustu-3.jpg\" alt=\"\" width=\"500\" height=\"247\" srcset=\"https:\/\/www.enerjigazetesi.ist\/wp-content\/uploads\/2024\/08\/sedas-sakarya-muhtar-dernek-baskanlari-ile-bulustu-3.jpg 550w, https:\/\/www.enerjigazetesi.ist\/wp-content\/uploads\/2024\/08\/sedas-sakarya-muhtar-dernek-baskanlari-ile-bulustu-3-300x148.jpg 300w, https:\/\/www.enerjigazetesi.ist\/wp-content\/uploads\/2024\/08\/sedas-sakarya-muhtar-dernek-baskanlari-ile-bulustu-3-500x247.jpg 500w, https:\/\/www.enerjigazetesi.ist\/wp-content\/uploads\/2024\/08\/sedas-sakarya-muhtar-dernek-baskanlari-ile-bulustu-3-80x40.jpg 80w\" sizes=\"(max-width: 500px) 100vw, 500px\" \/><\/p>\n<p>Kesintisiz elektrik da\u011f\u0131t\u0131m \u00e7al\u0131\u015fmalar\u0131n\u0131n ve b\u00f6lgedeki geli\u015fim potansiyelinin de\u011ferlendirildi\u011fi bulu\u015fmada, kar\u015f\u0131l\u0131kl\u0131 i\u015f birli\u011fi ve ileti\u015fimi g\u00fc\u00e7lendirmek ama\u00e7l\u0131 konular masaya yat\u0131r\u0131ld\u0131. SEDA\u015e Teknik E\u011fitim Merkezinde ger\u00e7ekle\u015fen toplant\u0131ya; <em>SEDA\u015e Reg\u00fclasyon, Strateji ve Uyum Direkt\u00f6r\u00fc Mustafa Y\u0131lmaz, SEDA\u015e Da\u011f\u0131t\u0131m Operasyonlar\u0131 Direkt\u00f6r\u00fc Burhan Ak, SEDA\u015e Yat\u0131r\u0131m, Varl\u0131k ve \u015eebeke Y\u00f6netimi Direkt\u00f6r\u00fc Mustafa Emre \u015eafak, SEDA\u015e Yat\u0131r\u0131m ve Bak\u0131m Grup M\u00fcd\u00fcr\u00fc D\u00fczg\u00fcn Dolu, SEDA\u015e Sakarya B\u00f6lge M\u00fcd\u00fcr\u00fc Arzu Karaduman, SEDA\u015e Kurumsal \u0130leti\u015fim ve M\u00fc\u015fteri \u0130li\u015fkileri M\u00fcd\u00fcr\u00fc Efsun Ergin, SEDA\u015e Yat\u0131r\u0131m Planlama M\u00fcd\u00fcr\u00fc Ay\u015feg\u00fcl Kaya, SEDA\u015e b\u00f6lge y\u00f6neticileri ve Sakarya Muhtarlar Federasyonu Ba\u015fkan\u0131\u00a0Erdal Erdem ile il\u00e7e muhtar dernek ba\u015fkanlar\u0131<\/em> kat\u0131ld\u0131. Muhtarlar\u0131n b\u00f6lgedeki elektrik da\u011f\u0131t\u0131m\u0131yla ilgili taleplerini ve sorunlar\u0131n\u0131 aktard\u0131\u011f\u0131 toplant\u0131da SEDA\u015e&#8217;\u0131n \u00fcst y\u00f6netim ekibi, muhtarlar\u0131n g\u00f6r\u00fc\u015flerini dinleyerek \u00e7\u00f6z\u00fcm odakl\u0131 yakla\u015f\u0131mlar\u0131n\u0131 kar\u015f\u0131l\u0131kl\u0131 \u00f6nerilerle ele ald\u0131.<\/p>\n<p>A\u00e7\u0131l\u0131\u015f konu\u015fmalar\u0131 ile ba\u015flayan toplant\u0131da; b\u00f6lgesel elektrik altyap\u0131s\u0131n\u0131n g\u00fc\u00e7lendirilmesi, ilave trafo talepleri, \u015febekelerin yenilenmesi, gerilim d\u00fc\u015f\u00fckl\u00fc\u011f\u00fc ya\u015fanan noktalar\u0131n tespiti, hatlara temas eden a\u011fa\u00e7lar\u0131n budanmas\u0131, ayd\u0131nlatma talepleri, yat\u0131r\u0131m planlar\u0131 ve \u00f6n\u00fcm\u00fczdeki s\u00fcre\u00e7te yap\u0131lmas\u0131 planlanan taleplere ili\u015fkin konu ba\u015fl\u0131klar\u0131n\u0131n alt\u0131 \u00e7izildi. G\u00fcndeme gelen konularla ilgili her geribildirime titizlikle yakla\u015ft\u0131klar\u0131n\u0131 belirten SEDA\u015e \u00dcst Y\u00f6netim Ekibi, ileti\u015fim toplant\u0131lar\u0131n\u0131n \u00f6neminden s\u00f6z ederek, <em>\u201cHizmet verdi\u011fimiz b\u00f6lgelerdeki muhtarlar\u0131m\u0131zla d\u00fczenli olarak bir araya gelmek, elektrik da\u011f\u0131t\u0131m hizmetlerimizi daha da iyile\u015ftirmek ve toplumumuzun beklentilerini en iyi \u015fekilde kar\u015f\u0131lamak ad\u0131na muhtar bulu\u015fmalar\u0131m\u0131z olumlu bir f\u0131rsat sunuyor. Bu toplant\u0131lar, sahadaki sorunlar\u0131 ve talepleri do\u011frudan dinlememize olanak sa\u011fl\u0131yor. Amac\u0131m\u0131z, kaliteli ve kesintisiz enerji hizmeti sunarak m\u00fc\u015fterilerimizin memnuniyetini art\u0131rmakt\u0131r\u201d<\/em> dedi.<\/p>\n<p>SEDA\u015e\u2019\u0131n geleneksel hale getirdi\u011fi ileti\u015fim toplant\u0131lar\u0131n\u0131n \u00e7ok de\u011ferli oldu\u011funu ve sorunlar\u0131n h\u0131zl\u0131 bir \u015fekilde \u00e7\u00f6z\u00fclmesine katk\u0131 sa\u011flad\u0131\u011f\u0131n\u0131 s\u00f6yleyen <strong>Sakarya Muhtarlar Federasyonu Ba\u015fkan\u0131 Erdal Erdem<\/strong>, iletilen taleplerin \u00f6ncelikli de\u011ferlendirilmesi gerekti\u011fini belirterek, ileti\u015fim bulu\u015fmas\u0131n\u0131 sa\u011flayan <strong>SEDA\u015e y\u00f6neticilerine<\/strong> te\u015fekk\u00fcr etti. Toplant\u0131, <strong>\u0130l\u00e7e Muhtar Dernek Ba\u015fkanlar\u0131n\u0131n<\/strong> ayr\u0131 ayr\u0131 s\u00f6z almas\u0131 ile devam etti.<\/p>","protected":false},"excerpt":{"rendered":"<p>Sorry, this entry is only available in Turkish. For the sake of viewer convenience, the content is shown below in the alternative language. You may click the link to switch the active language. Sakarya Elektrik Da\u011f\u0131t\u0131m A.\u015e. (SEDA\u015e), hizmet b\u00f6lgesindeki muhtar derneklerinin ba\u015fkanlar\u0131n\u0131 Genel M\u00fcd\u00fcrl\u00fck kamp\u00fcs\u00fcnde a\u011f\u0131rlad\u0131. Sakarya \u0130l ve \u0130l\u00e7e temsilcilerinin kat\u0131ld\u0131\u011f\u0131 toplant\u0131da muhtar [&hellip;]<\/p>\n","protected":false},"author":1,"featured_media":190834,"comment_status":"open","ping_status":"open","sticky":false,"template":"","format":"standard","meta":[],"categories":[51,53],"tags":[45641,4546,106078,102600,2444,109005],"views":24,"_links":{"self":[{"href":"https:\/\/www.enerjigazetesi.ist\/en\/wp-json\/wp\/v2\/posts\/190832"}],"collection":[{"href":"https:\/\/www.enerjigazetesi.ist\/en\/wp-json\/wp\/v2\/posts"}],"about":[{"href":"https:\/\/www.enerjigazetesi.ist\/en\/wp-json\/wp\/v2\/types\/post"}],"author":[{"embeddable":true,"href":"https:\/\/www.enerjigazetesi.ist\/en\/wp-json\/wp\/v2\/users\/1"}],"replies":[{"embeddable":true,"href":"https:\/\/www.enerjigazetesi.ist\/en\/wp-json\/wp\/v2\/comments?post=190832"}],"version-history":[{"count":0,"href":"https:\/\/www.enerjigazetesi.ist\/en\/wp-json\/wp\/v2\/posts\/190832\/revisions"}],"wp:featuredmedia":[{"embeddable":true,"href":"https:\/\/www.enerjigazetesi.ist\/en\/wp-json\/wp\/v2\/media\/190834"}],"wp:attachment":[{"href":"https:\/\/www.enerjigazetesi.ist\/en\/wp-json\/wp\/v2\/media?parent=190832"}],"wp:term":[{"taxonomy":"category","embeddable":true,"href":"https:\/\/www.enerjigazetesi.ist\/en\/wp-json\/wp\/v2\/categories?post=190832"},{"taxonomy":"post_tag","embeddable":true,"href":"https:\/\/www.enerjigazetesi.ist\/en\/wp-json\/wp\/v2\/tags?post=190832"}],"curies":[{"name":"wp","href":"https:\/\/api.w.org\/{rel}","templated":true}]}}