{"id":19079,"date":"2013-12-09T18:59:13","date_gmt":"2013-12-09T15:59:13","guid":{"rendered":"https:\/\/www.enerjigazetesi.ist\/?p=19079"},"modified":"2013-12-10T11:00:31","modified_gmt":"2013-12-10T08:00:31","slug":"atlantik-petrol-cine-girdi-sirada-myanmar-var","status":"publish","type":"post","link":"https:\/\/www.enerjigazetesi.ist\/en\/atlantik-petrol-cine-girdi-sirada-myanmar-var\/","title":{"rendered":"(Turkish) Atlantik Petrol \u00c7in`e Girdi, S\u0131rada Myanmar Var"},"content":{"rendered":"<p class=\"qtranxs-available-languages-message qtranxs-available-languages-message-en\">Sorry, this entry is only available in <a href=\"https:\/\/www.enerjigazetesi.ist\/tr\/wp-json\/wp\/v2\/posts\/19079\" class=\"qtranxs-available-language-link qtranxs-available-language-link-tr\" title=\"Turkish\">Turkish<\/a>. For the sake of viewer convenience, the content is shown below in the alternative language. You may click the link to switch the active language.<\/p><p><strong>End\u00fcstriyel ve motor ya\u011flar\u0131 \u00fcreticisi Atlantik Petrol, bat\u0131l\u0131 b\u00fcy\u00fck markalar\u0131n hakim oldu\u011fu \u00c7in pazar\u0131na girdi. Halka a\u00e7\u0131ld\u0131ktan sonra ihracat\u0131n\u0131 \u00fc\u00e7e katlayan Atlantik Petrol, Myanmar pazar\u0131na girmek i\u00e7in de g\u00fcn say\u0131yor.<\/strong><\/p>\n<p>Atlantik Petrol Y\u00f6netim Kurulu \u00dcyesi Ahmet Koparan, yapt\u0131\u011f\u0131 a\u00e7\u0131klamada, 1959 y\u0131l\u0131nda kurulan \u015firketin, son y\u0131llarda h\u0131zland\u0131rd\u0131\u011f\u0131 ihracat \u00e7al\u0131\u015fmalar\u0131 \u00e7er\u00e7evesinde, yeni pazarlara girdi\u011fini belirtti. \u00dcr\u00fcnlerini Rash markas\u0131 alt\u0131nda pazara sunduklar\u0131n\u0131 ve bug\u00fcn itibariyle 26 \u00fclkeye ihracat yapt\u0131klar\u0131n\u0131 anlatan Ahmet Koparan, bu \u00fclkeler aras\u0131nda \u00c7in gibi zor pazarlar\u0131n yan\u0131 s\u0131ra, Mynammar gibi T\u00fcrkiye i\u00e7in ilk olan pazarlar\u0131n da yer ald\u0131\u011f\u0131n\u0131 vurgulad\u0131.<\/p>\n<p><strong>\u00c7\u0130N`DE BATILI DEVLERLE REKABET<\/strong><br \/>\nK\u0131sa bir s\u00fcre \u00f6nce \u00c7in`e ihracat yapmaya ba\u015flad\u0131klar\u0131n\u0131 kaydeden Koparan, &#8220;\u00c7in`e bu zamana kadar T\u00fcrkiye`den en \u00e7ok mermer ihracat\u0131 yap\u0131l\u0131yordu. Bunlar\u0131n yan\u0131na \u015fimdi Atlantik Petrol`\u00fcn \u00fcretti\u011fi ya\u011flar\u0131 ilave oldu. Bu pazarda Shell, BP gibi d\u00fcnya devleriyle kendi \u00fcretti\u011fimiz Rash markas\u0131yla m\u00fccadele ediyoruz&#8221; dedi.<\/p>\n<p><strong>RAK\u0130PLER\u0130NE G\u00d6RE %20-30 UCUZ<a href=\"https:\/\/www.enerjigazetesi.ist\/wp-content\/uploads\/2013\/12\/atlantik-petrol-cine-girdi-sirada-myanmar-var.jpg\"><img loading=\"lazy\" class=\"alignleft size-medium wp-image-19080\" title=\"atlantik-petrol-cine-girdi-sirada-myanmar-var\" src=\"https:\/\/www.enerjigazetesi.ist\/wp-content\/uploads\/2013\/12\/atlantik-petrol-cine-girdi-sirada-myanmar-var-300x209.jpg\" alt=\"\" width=\"300\" height=\"209\" srcset=\"https:\/\/www.enerjigazetesi.ist\/wp-content\/uploads\/2013\/12\/atlantik-petrol-cine-girdi-sirada-myanmar-var-300x209.jpg 300w, https:\/\/www.enerjigazetesi.ist\/wp-content\/uploads\/2013\/12\/atlantik-petrol-cine-girdi-sirada-myanmar-var-71x50.jpg 71w, https:\/\/www.enerjigazetesi.ist\/wp-content\/uploads\/2013\/12\/atlantik-petrol-cine-girdi-sirada-myanmar-var.jpg 448w\" sizes=\"(max-width: 300px) 100vw, 300px\" \/><\/a><\/strong><br \/>\n\u00c7in pazar\u0131na girmek i\u00e7in ciddi zorluklarla m\u00fccadele ettiklerini aktaran Ahmet Koparan, &#8220;Fiyatlar\u0131m\u0131z\u0131n rekabet\u00e7i olmas\u0131, sunaca\u011f\u0131m\u0131z fiyat\u0131n \u00c7inli m\u00fc\u015fteriler taraf\u0131ndan uygun bulunmas\u0131 gerekiyordu. \u00c7in`deki muadillerine g\u00f6re y\u00fczde 20-30 oran\u0131nda daha avantajl\u0131 fiyat sunmam\u0131z sayesinde bir ka\u00e7 hafta \u00f6nce \u00c7in`e ilk \u00fcr\u00fcn sat\u0131\u015f\u0131n\u0131 ger\u00e7ekle\u015ftirdik&#8221; diye konu\u015ftu.<\/p>\n<p><strong>SIRADA MYANMAR PAZARI VAR<\/strong><br \/>\nAhmet Koparan, Atlantik Petrol`\u00fcn yak\u0131n bir gelecekte \u00fcr\u00fcn satmay\u0131 hedefledi\u011fi \u00fclkelerden birinin de Mynammar oldu\u011funu s\u00f6yledi. Mynammar`\u0131n T\u00fcrkiye`de bir b\u00fcy\u00fckel\u00e7ili\u011finin bulunmad\u0131\u011f\u0131 d\u00f6nemlerde \u00fclkeyle g\u00f6r\u00fc\u015fmelere ba\u015flad\u0131klar\u0131n\u0131 anlatan Koparan, ihracat pazarlar\u0131 aras\u0131na Mynammar`\u0131 da katmak i\u00e7in son a\u015famaya geldiklerini belirtti.<\/p>\n<p><strong>MYANMAR FIRSATLARLA DOLU<\/strong><br \/>\nAhmet Koparan &#8220;Myanmar, 1960`lar\u0131n T\u00fcrkiye`sine benziyor. D\u00fcnyan\u0131n en b\u00fcy\u00fck me\u015frubat firmalar\u0131n\u0131n bile bu pazardaki yat\u0131r\u0131m ge\u00e7mi\u015fi, hen\u00fcz 6 ay. Bundan da anla\u015f\u0131laca\u011f\u0131 gibi Mynammar \u00e7ok bakir bir pazar. Dolay\u0131s\u0131yla bu \u00fclke T\u00fcrk \u015firketleri i\u00e7in f\u0131rsatlarla dolu&#8221; diye konu\u015ftu.<\/p>\n<p><strong>HALKA A\u00c7ILDI, \u0130HRACATI ARTTI<\/strong><br \/>\n1959 y\u0131l\u0131nda kurulan Atlantik Petrol`\u00fcn Ekim 2012 tarihinde halka a\u00e7\u0131ld\u0131\u011f\u0131n\u0131 hat\u0131rlatan Ahmet Koparan, halka arz \u00f6ncesi y\u0131lda 3 milyan 714 bin dolara yak\u0131n ihracat yaparken, bug\u00fcn bu rakam\u0131 7 milyon 400 bin dolar seviyesine \u00e7\u0131kard\u0131kar\u0131n\u0131 s\u00f6yledi. Koparan, bu art\u0131\u015fta, halka arzdan elde edilen gelirin yat\u0131r\u0131mlara ve ihracat\u0131 art\u0131rma \u00e7al\u0131\u015fmalar\u0131nda kullan\u0131lmas\u0131n\u0131n \u00f6nemli rol\u00fc bulundu\u011funu vurgulad\u0131.<\/p>\n<p><strong>PAZARI B\u00dcY\u00dcT\u00dcP R\u0130SKLER\u0130 AZALTMAK<\/strong><br \/>\n\u0130hracat pazarlar\u0131n\u0131 \u00e7e\u015fitlendirmeye devam edeceklerini ifade eden Ahmet Koparan, bu sayede ihracat risklerini en aza indirmeyi hedeflediklerini vurgulad\u0131. Koparan. \u015funlar\u0131 s\u00f6yledi:<\/p>\n<p>&#8220;Pazarlar\u0131m\u0131z\u0131 \u00e7e\u015fitlendirerek, d\u00fcnyan\u0131n farkl\u0131 pazarlar\u0131ndaki farkl\u0131 geli\u015fmelerin olumsuz etkilerini en aza indirmeyi hedefliyoruz. Asl\u0131nda biz bu konuda tereciye tere sat\u0131yoruz. \u0130hracat yapt\u0131\u011f\u0131m\u0131z \u00fclkeler aras\u0131nda \u00e7o\u011fu petrol zengini Ortado\u011fu \u00fclkeri \u00f6nemli yer tutuyor. \u00d6rne\u011fin en \u00e7ok ihracat yapt\u0131\u011f\u0131m\u0131z \u00fclkeler aras\u0131nda Libya, Irak, Tunus ve \u0130ran da var.&#8221;<\/p>\n<p>Kaynak: <a href=\"http:\/\/enerjigunlugu.net\/atlantik-petrol-cine-girdi-sirada-myanmar-var_5982.html\" target=\"_blank\">Enerji G\u00fcnl\u00fc\u011f\u00fc<\/a><\/p>","protected":false},"excerpt":{"rendered":"<p>Sorry, this entry is only available in Turkish. For the sake of viewer convenience, the content is shown below in the alternative language. You may click the link to switch the active language.End\u00fcstriyel ve motor ya\u011flar\u0131 \u00fcreticisi Atlantik Petrol, bat\u0131l\u0131 b\u00fcy\u00fck markalar\u0131n hakim oldu\u011fu \u00c7in pazar\u0131na girdi. Halka a\u00e7\u0131ld\u0131ktan sonra ihracat\u0131n\u0131 \u00fc\u00e7e katlayan Atlantik Petrol, [&hellip;]<\/p>\n","protected":false},"author":1,"featured_media":19080,"comment_status":"open","ping_status":"open","sticky":false,"template":"","format":"standard","meta":[],"categories":[53,44],"tags":[11101,11099,886,63,67,1009,165,11100,59,79,11102],"views":666,"_links":{"self":[{"href":"https:\/\/www.enerjigazetesi.ist\/en\/wp-json\/wp\/v2\/posts\/19079"}],"collection":[{"href":"https:\/\/www.enerjigazetesi.ist\/en\/wp-json\/wp\/v2\/posts"}],"about":[{"href":"https:\/\/www.enerjigazetesi.ist\/en\/wp-json\/wp\/v2\/types\/post"}],"author":[{"embeddable":true,"href":"https:\/\/www.enerjigazetesi.ist\/en\/wp-json\/wp\/v2\/users\/1"}],"replies":[{"embeddable":true,"href":"https:\/\/www.enerjigazetesi.ist\/en\/wp-json\/wp\/v2\/comments?post=19079"}],"version-history":[{"count":7,"href":"https:\/\/www.enerjigazetesi.ist\/en\/wp-json\/wp\/v2\/posts\/19079\/revisions"}],"predecessor-version":[{"id":19087,"href":"https:\/\/www.enerjigazetesi.ist\/en\/wp-json\/wp\/v2\/posts\/19079\/revisions\/19087"}],"wp:featuredmedia":[{"embeddable":true,"href":"https:\/\/www.enerjigazetesi.ist\/en\/wp-json\/wp\/v2\/media\/19080"}],"wp:attachment":[{"href":"https:\/\/www.enerjigazetesi.ist\/en\/wp-json\/wp\/v2\/media?parent=19079"}],"wp:term":[{"taxonomy":"category","embeddable":true,"href":"https:\/\/www.enerjigazetesi.ist\/en\/wp-json\/wp\/v2\/categories?post=19079"},{"taxonomy":"post_tag","embeddable":true,"href":"https:\/\/www.enerjigazetesi.ist\/en\/wp-json\/wp\/v2\/tags?post=19079"}],"curies":[{"name":"wp","href":"https:\/\/api.w.org\/{rel}","templated":true}]}}