{"id":190731,"date":"2024-08-01T19:17:23","date_gmt":"2024-08-01T16:17:23","guid":{"rendered":"https:\/\/www.enerjigazetesi.ist\/?p=190731"},"modified":"2024-08-01T19:17:23","modified_gmt":"2024-08-01T16:17:23","slug":"vaillant-group-turkiye-ye-surdurulebilirlikte-yilin-en-iyi-projesi-odulu","status":"publish","type":"post","link":"https:\/\/www.enerjigazetesi.ist\/en\/vaillant-group-turkiye-ye-surdurulebilirlikte-yilin-en-iyi-projesi-odulu\/","title":{"rendered":"(Turkish) &#8217;Vaillant Group T\u00fcrkiye&#8217;ye &#8220;S\u00fcrd\u00fcr\u00fclebilirlikte Y\u0131l\u0131n En \u0130yi Projesi&#8221; \u00d6d\u00fcl\u00fc"},"content":{"rendered":"<p class=\"qtranxs-available-languages-message qtranxs-available-languages-message-en\">Sorry, this entry is only available in <a href=\"https:\/\/www.enerjigazetesi.ist\/tr\/wp-json\/wp\/v2\/posts\/190731\" class=\"qtranxs-available-language-link qtranxs-available-language-link-tr\" title=\"Turkish\">Turkish<\/a>. For the sake of viewer convenience, the content is shown below in the alternative language. You may click the link to switch the active language.<\/p><p><\/p>\n<h2><strong>Vaillant Group T\u00fcrkiye Bilgi Teknolojileri Departman\u0131 taraf\u0131ndan geli\u015ftirilen &#8220;\u00dc\u00e7 Alanda S\u00fcrd\u00fcr\u00fclebilirlik: \u00c7evre, Toplum, \u00c7al\u0131\u015fan&#8221; ba\u015fl\u0131kl\u0131 \u00e7al\u0131\u015fma, IDC T\u00fcrkiye CIO Zirvesi\u2019nde \u201cS\u00fcrd\u00fcr\u00fclebilirlik\u201d kategorisinde \u201cY\u0131l\u0131n En \u0130yi Projesi\u201d se\u00e7ildi. Proje; i\u015f s\u00fcre\u00e7lerinde ka\u011f\u0131t kullan\u0131m\u0131n\u0131n azalt\u0131lmas\u0131n\u0131, teknolojik cihazlar\u0131n ya\u015fam d\u00f6ng\u00fcs\u00fcn\u00fc uzatmay\u0131, diz\u00fcst\u00fc bilgisayarlar\u0131n yenilenerek k\u00f6y okullar\u0131na ba\u011f\u0131\u015flanmas\u0131n\u0131 ve \u015firket \u00e7al\u0131\u015fanlar\u0131n\u0131n teknolojik cihazlara uygun ko\u015fullarda eri\u015fimini kaps\u0131yor.<\/strong><\/h2>\n<p style=\"text-align: center;\"><img loading=\"lazy\" class=\"aligncenter wp-image-190734\" src=\"https:\/\/www.enerjigazetesi.ist\/wp-content\/uploads\/2024\/08\/vaillant-group-turkiye-ye-surdurulebilirlikte-yilin-en-iyi-projesi-odulu.jpg\" alt=\"\" width=\"500\" height=\"335\" srcset=\"https:\/\/www.enerjigazetesi.ist\/wp-content\/uploads\/2024\/08\/vaillant-group-turkiye-ye-surdurulebilirlikte-yilin-en-iyi-projesi-odulu.jpg 550w, https:\/\/www.enerjigazetesi.ist\/wp-content\/uploads\/2024\/08\/vaillant-group-turkiye-ye-surdurulebilirlikte-yilin-en-iyi-projesi-odulu-300x201.jpg 300w, https:\/\/www.enerjigazetesi.ist\/wp-content\/uploads\/2024\/08\/vaillant-group-turkiye-ye-surdurulebilirlikte-yilin-en-iyi-projesi-odulu-500x335.jpg 500w, https:\/\/www.enerjigazetesi.ist\/wp-content\/uploads\/2024\/08\/vaillant-group-turkiye-ye-surdurulebilirlikte-yilin-en-iyi-projesi-odulu-75x50.jpg 75w\" sizes=\"(max-width: 500px) 100vw, 500px\" \/><\/p>\n<p>\u0130klimlendirme sekt\u00f6r\u00fcn\u00fcn \u00f6nc\u00fc kurulu\u015fu Vaillant Group T\u00fcrkiye, s\u00fcrd\u00fcr\u00fclebilirlik stratejisi \u00e7er\u00e7evesinde yapt\u0131\u011f\u0131 \u00e7al\u0131\u015fmalarla \u00f6d\u00fcller kazanmaya devam ediyor. Vaillant Group T\u00fcrkiye Bilgi Teknolojileri Departman\u0131 taraf\u0131ndan hayata ge\u00e7irilen, &#8220;\u00dc\u00e7 Alanda S\u00fcrd\u00fcr\u00fclebilirlik: \u00c7evre, Toplum, \u00c7al\u0131\u015fan&#8221; projesi <strong>IDC T\u00fcrkiye CIO Zirvesi 2024<\/strong>&#8216;te birincilik \u00f6d\u00fcl\u00fcne lay\u0131k g\u00f6r\u00fcld\u00fc. 7 kategoride 294 aday projenin de\u011ferlendirildi\u011fi zirvede, \u201cS\u00fcrd\u00fcr\u00fclebilirlik\u201d kategorisinde Vaillant Group T\u00fcrkiye\u2019ye \u00f6d\u00fcl getiren proje; \u00e7evre, toplum ve \u00e7al\u0131\u015fanlar yarar\u0131na hayata ge\u00e7irilen \u00fc\u00e7 etapl\u0131 b\u00fct\u00fcnle\u015fik bir uygulamay\u0131 ifade ediyor.<\/p>\n<p>Projenin <strong>\u00e7evre<\/strong> etab\u0131 i\u015f s\u00fcre\u00e7lerinde ka\u011f\u0131t kullan\u0131m\u0131n\u0131n azalt\u0131lmas\u0131n\u0131, <strong>toplum<\/strong> etab\u0131 diz\u00fcst\u00fc bilgisayarlar\u0131n yenilenerek k\u00f6y okullar\u0131na ba\u011f\u0131\u015flanmas\u0131n\u0131 kaps\u0131yor. <strong>\u00c7al\u0131\u015fan<\/strong> etab\u0131nda ise diz\u00fcst\u00fc bilgisayar ve telefon gibi teknolojik cihazlara uygun ko\u015fullarda eri\u015fim sa\u011flan\u0131yor.<\/p>\n<p>Konu ile ilgili bir a\u00e7\u0131klama yapan <strong>Vaillant Bilgi Teknolojileri Direkt\u00f6r\u00fc Abdurrahim Mazlumo\u011flu<\/strong>, s\u00fcrd\u00fcr\u00fclebilirlik anlay\u0131\u015f\u0131yla <strong>\u00e7evre, toplum ve \u00e7al\u0131\u015fanlar<\/strong> yarar\u0131na hayata ge\u00e7irilen bu projenin \u00f6d\u00fcle lay\u0131k g\u00f6r\u00fclmesinden mutluluk ve gurur duyduklar\u0131n\u0131 belirtti. S\u00fcrd\u00fcr\u00fclebilirlik kavram\u0131n\u0131n iklimlendirme sekt\u00f6r\u00fcn\u00fc do\u011frudan ilgilendiren bir konu oldu\u011funa dikkat \u00e7eken Mazlumo\u011flu, <em>\u201cVaillant olarak, ekolojik, ekonomik ve sosyal boyutlar\u0131yla nesiller boyu s\u00fcrd\u00fcr\u00fclebilir, insana ve do\u011faya sayg\u0131l\u0131 bir gelecek yaratmak amac\u0131n\u0131 ta\u015f\u0131yan \u00e7al\u0131\u015fmalar\u0131m\u0131z\u0131 aral\u0131ks\u0131z s\u00fcrd\u00fcr\u00fcyoruz\u201d<\/em> dedi.<\/p>","protected":false},"excerpt":{"rendered":"<p>Sorry, this entry is only available in Turkish. For the sake of viewer convenience, the content is shown below in the alternative language. You may click the link to switch the active language. Vaillant Group T\u00fcrkiye Bilgi Teknolojileri Departman\u0131 taraf\u0131ndan geli\u015ftirilen &#8220;\u00dc\u00e7 Alanda S\u00fcrd\u00fcr\u00fclebilirlik: \u00c7evre, Toplum, \u00c7al\u0131\u015fan&#8221; ba\u015fl\u0131kl\u0131 \u00e7al\u0131\u015fma, IDC T\u00fcrkiye CIO Zirvesi\u2019nde \u201cS\u00fcrd\u00fcr\u00fclebilirlik\u201d kategorisinde [&hellip;]<\/p>\n","protected":false},"author":1,"featured_media":190734,"comment_status":"open","ping_status":"open","sticky":false,"template":"","format":"standard","meta":[],"categories":[53],"tags":[16952,2530,103600,3172,1296,98150,25779],"views":41,"_links":{"self":[{"href":"https:\/\/www.enerjigazetesi.ist\/en\/wp-json\/wp\/v2\/posts\/190731"}],"collection":[{"href":"https:\/\/www.enerjigazetesi.ist\/en\/wp-json\/wp\/v2\/posts"}],"about":[{"href":"https:\/\/www.enerjigazetesi.ist\/en\/wp-json\/wp\/v2\/types\/post"}],"author":[{"embeddable":true,"href":"https:\/\/www.enerjigazetesi.ist\/en\/wp-json\/wp\/v2\/users\/1"}],"replies":[{"embeddable":true,"href":"https:\/\/www.enerjigazetesi.ist\/en\/wp-json\/wp\/v2\/comments?post=190731"}],"version-history":[{"count":0,"href":"https:\/\/www.enerjigazetesi.ist\/en\/wp-json\/wp\/v2\/posts\/190731\/revisions"}],"wp:featuredmedia":[{"embeddable":true,"href":"https:\/\/www.enerjigazetesi.ist\/en\/wp-json\/wp\/v2\/media\/190734"}],"wp:attachment":[{"href":"https:\/\/www.enerjigazetesi.ist\/en\/wp-json\/wp\/v2\/media?parent=190731"}],"wp:term":[{"taxonomy":"category","embeddable":true,"href":"https:\/\/www.enerjigazetesi.ist\/en\/wp-json\/wp\/v2\/categories?post=190731"},{"taxonomy":"post_tag","embeddable":true,"href":"https:\/\/www.enerjigazetesi.ist\/en\/wp-json\/wp\/v2\/tags?post=190731"}],"curies":[{"name":"wp","href":"https:\/\/api.w.org\/{rel}","templated":true}]}}