{"id":190726,"date":"2024-08-01T19:01:14","date_gmt":"2024-08-01T16:01:14","guid":{"rendered":"https:\/\/www.enerjigazetesi.ist\/?p=190726"},"modified":"2024-08-01T19:01:14","modified_gmt":"2024-08-01T16:01:14","slug":"asiri-hava-olaylarini-haberlestirme-rehberi-yayimlandi","status":"publish","type":"post","link":"https:\/\/www.enerjigazetesi.ist\/en\/asiri-hava-olaylarini-haberlestirme-rehberi-yayimlandi\/","title":{"rendered":"(Turkish) A\u015f\u0131r\u0131 Hava Olaylar\u0131n\u0131 Haberle\u015ftirme Rehberi Yay\u0131mland\u0131"},"content":{"rendered":"<p class=\"qtranxs-available-languages-message qtranxs-available-languages-message-en\">Sorry, this entry is only available in <a href=\"https:\/\/www.enerjigazetesi.ist\/tr\/wp-json\/wp\/v2\/posts\/190726\" class=\"qtranxs-available-language-link qtranxs-available-language-link-tr\" title=\"Turkish\">Turkish<\/a>. For the sake of viewer convenience, the content is shown below in the alternative language. You may click the link to switch the active language.<\/p><p><\/p>\n<h2><strong>Ekosfer Derne\u011fi, gazeteciler i\u00e7in a\u015f\u0131r\u0131 hava olaylar\u0131 ve iklim de\u011fi\u015fikli\u011finin haberle\u015ftirilmesine dair ipu\u00e7lar\u0131 i\u00e7eren bir rehberi T\u00fcrk\u00e7eye kazand\u0131rd\u0131.<\/strong><\/h2>\n<p style=\"text-align: center;\"><img loading=\"lazy\" class=\"aligncenter wp-image-190729\" src=\"https:\/\/www.enerjigazetesi.ist\/wp-content\/uploads\/2024\/08\/asiri-hava-olaylarini-haberlestirme-rehberi-yayimlandi.jpg\" alt=\"\" width=\"500\" height=\"344\" srcset=\"https:\/\/www.enerjigazetesi.ist\/wp-content\/uploads\/2024\/08\/asiri-hava-olaylarini-haberlestirme-rehberi-yayimlandi.jpg 550w, https:\/\/www.enerjigazetesi.ist\/wp-content\/uploads\/2024\/08\/asiri-hava-olaylarini-haberlestirme-rehberi-yayimlandi-300x206.jpg 300w, https:\/\/www.enerjigazetesi.ist\/wp-content\/uploads\/2024\/08\/asiri-hava-olaylarini-haberlestirme-rehberi-yayimlandi-500x344.jpg 500w, https:\/\/www.enerjigazetesi.ist\/wp-content\/uploads\/2024\/08\/asiri-hava-olaylarini-haberlestirme-rehberi-yayimlandi-73x50.jpg 73w\" sizes=\"(max-width: 500px) 100vw, 500px\" \/><\/p>\n<p>\u0130klim de\u011fi\u015fikli\u011finin etkilerinin her ge\u00e7en g\u00fcn daha fazla g\u00f6zle g\u00f6r\u00fcl\u00fcr hale geldi\u011fi g\u00fcn\u00fcm\u00fczde, bu etkileri haberle\u015ftirmeye \u00e7al\u0131\u015fan gazetecilere yol g\u00f6sterecek bir rehber yay\u0131mland\u0131. Ekosfer Derne\u011fi\u2019nin T\u00fcrk\u00e7eye kazand\u0131rd\u0131\u011f\u0131, Prof. Dr. Murat T\u00fcrke\u015f\u2019in \u00f6ns\u00f6z\u00fcn\u00fc yazd\u0131\u011f\u0131, \u201c<strong>A\u015f\u0131r\u0131 hava olaylar\u0131n\u0131 ve iklim de\u011fi\u015fikli\u011fini haberle\u015ftirmek<\/strong>\u201d adl\u0131 rehber, a\u015f\u0131r\u0131 hava olaylar\u0131n\u0131n iklim de\u011fi\u015fikli\u011fiyle ili\u015fkisini kurmada gazetecilere \u00f6nemli ipu\u00e7lar\u0131 veriyor. Hangi olaylar\u0131n nedeni iklim de\u011fi\u015fikli\u011fi, hangilerini iklim de\u011fi\u015fikli\u011fine ba\u011flarken dikkatli olunmal\u0131, bu rehberde \u00f6rnekleriyle ele al\u0131n\u0131yor.<\/p>\n<p><strong>D\u00fcnya Hava Olaylar\u0131 \u0130li\u015fkilendirme Giri\u015fimi (WWA &#8211; World Weather Attribution)<\/strong> taraf\u0131ndan haz\u0131rlanan bu rehber, a\u015f\u0131r\u0131 hava olaylar\u0131 ve iklim de\u011fi\u015fikli\u011fi aras\u0131ndaki ili\u015fkiyi anlat\u0131yor ve ili\u015fkilendirmenin hangi ko\u015fullarda yap\u0131labilece\u011fini bilimsel gerek\u00e7eleriyle a\u00e7\u0131kl\u0131yor. Rehberin sonunda yer alan kontrol listesi de a\u015f\u0131r\u0131 hava olaylar\u0131 ile iklim de\u011fi\u015fikli\u011fi aras\u0131ndaki ili\u015fkiyi ara\u015ft\u0131ran gazetecilere, haber yaparken kullanabilecekleri pratik bir ara\u00e7 sunuyor.<\/p>\n<p><strong>Ekosfer Derne\u011fi Kampanyalar Direkt\u00f6r\u00fc \u00d6zg\u00fcr G\u00fcrb\u00fcz<\/strong>, Ekosfer\u2019in kuruldu\u011fu ilk g\u00fcnden bu yana iklim ileti\u015fimi konusunda \u00e7al\u0131\u015ft\u0131\u011f\u0131n\u0131 hat\u0131rlatarak,<em> \u201cYakla\u015f\u0131k 200 kadar gazeteci ve gazeteci aday\u0131na verdi\u011fimiz e\u011fitimlerden sonra bu rehberle onlara a\u015f\u0131r\u0131 hava olaylar\u0131n\u0131 haberle\u015ftirmede izleyebilecekleri yola dair ipu\u00e7lar\u0131 da sa\u011flam\u0131\u015f olduk\u201d diyor. <\/em>G\u00fcrb\u00fcz a\u00e7\u0131klamas\u0131nda,<em> \u201c\u0130klim krizinden \u00e7\u0131kmam\u0131z i\u00e7in do\u011fru haberlere her zamankinden daha fazla ihtiyac\u0131m\u0131z oldu\u011fu bir d\u00f6nemdeyiz. Kar\u015f\u0131la\u015ft\u0131\u011f\u0131m\u0131z en zor konulardan biri de a\u015f\u0131r\u0131 hava olaylar\u0131n\u0131 iklim de\u011fi\u015fikli\u011fiyle ili\u015fkilendirmek. Gazeteciler i\u00e7in haz\u0131rlad\u0131\u011f\u0131m\u0131z bu rehberin, a\u015f\u0131r\u0131 hava olaylar\u0131n\u0131n say\u0131s\u0131n\u0131n 10 y\u0131l i\u00e7inde d\u00f6rt kat artt\u0131\u011f\u0131 T\u00fcrkiye\u2019de, bu olaylar\u0131 haberle\u015ftirmeye \u00e7al\u0131\u015fanlar\u0131n i\u015fini kolayla\u015ft\u0131rmas\u0131n\u0131, bilimsel altyap\u0131s\u0131yla bir referans kaynak olmas\u0131n\u0131 umuyoruz\u201d<\/em> s\u00f6zlerine yer verdi.<\/p>\n<p><strong>World Weather Attribution e\u015f kurucusu ve Londra Imperial College<\/strong>, Grantham \u0130klim De\u011fi\u015fikli\u011fi ve \u00c7evre Enstit\u00fcs\u00fc K\u0131demli \u00d6\u011fretim G\u00f6revlisi Dr. Friederike Otto da rehberin \u00e7evirisini yapan Ekosfer Derne\u011fi\u2019ne te\u015fekk\u00fcr ederek \u015fu a\u00e7\u0131klamay\u0131 yapt\u0131: <em>\u201cA\u015f\u0131r\u0131 hava olaylar\u0131n\u0131n haberle\u015ftirilmesine ili\u015fkin rehberimizin T\u00fcrk\u00e7eye \u00e7evrilmesinden b\u00fcy\u00fck mutluluk duydum. D\u00fcnyan\u0131n d\u00f6rt bir yan\u0131ndaki toplumlar\u0131 vuran a\u015f\u0131r\u0131 hava olaylar\u0131n\u0131 insan kaynakl\u0131 iklim de\u011fi\u015fikli\u011fine ba\u011flamak art\u0131k m\u00fcmk\u00fcn. Ge\u00e7en y\u0131l \u00fclkemizde (\u0130ngiltere) 28 g\u00fcn s\u00fcren a\u015f\u0131r\u0131 s\u0131caklar ya\u015fand\u0131. B\u00f6ylesi bir s\u0131cak hava dalgas\u0131 insan kaynakl\u0131 iklim de\u011fi\u015fikli\u011fi nedeniyle en az iki kat daha olas\u0131 hale geldi. 2023 Eyl\u00fcl ay\u0131nda T\u00fcrkiye&#8217;yi sular alt\u0131nda b\u0131rakan a\u015f\u0131r\u0131 ya\u011f\u0131\u015flar\u0131n iklim de\u011fi\u015fikli\u011fi nedeniyle g\u00f6r\u00fclme olas\u0131l\u0131\u011f\u0131n\u0131n 10 kat artt\u0131\u011f\u0131n\u0131 da biliyoruz. Bilim insanlar\u0131 T\u00fcrkiye&#8217;yi vuran her bir hava olay\u0131 i\u00e7in bu t\u00fcr bir ili\u015fkilendirme \u00e7al\u0131\u015fmas\u0131 yay\u0131mlayamazlar. Bu nedenle bu rehber, T\u00fcrkiye&#8217;deki gazetecilerin insan kaynakl\u0131 iklim de\u011fi\u015fikli\u011fi ile \u00fclkeyi etkileyen s\u0131cak hava dalgalar\u0131, kurakl\u0131klar, yang\u0131nlar ve seller aras\u0131nda ba\u011flant\u0131 kurmalar\u0131na yard\u0131mc\u0131 olacakt\u0131r.\u201d<\/em><\/p>\n<p>Rehbere Ula\u015fmak \u0130\u00e7in <a href=\"https:\/\/ekosfer.org\/wp-content\/uploads\/2024\/07\/asiri-hava-olaylarini-haberlestirme-rehberi.pdf\" target=\"_blank\" rel=\"noopener\"><strong>TIKLAYIN&gt;&gt;<\/strong><\/a><\/p>","protected":false},"excerpt":{"rendered":"<p>Sorry, this entry is only available in Turkish. For the sake of viewer convenience, the content is shown below in the alternative language. You may click the link to switch the active language. Ekosfer Derne\u011fi, gazeteciler i\u00e7in a\u015f\u0131r\u0131 hava olaylar\u0131 ve iklim de\u011fi\u015fikli\u011finin haberle\u015ftirilmesine dair ipu\u00e7lar\u0131 i\u00e7eren bir rehberi T\u00fcrk\u00e7eye kazand\u0131rd\u0131. \u0130klim de\u011fi\u015fikli\u011finin etkilerinin her [&hellip;]<\/p>\n","protected":false},"author":1,"featured_media":190729,"comment_status":"open","ping_status":"open","sticky":false,"template":"","format":"standard","meta":[],"categories":[53],"tags":[46027,87047,1999,114805,93139],"views":28,"_links":{"self":[{"href":"https:\/\/www.enerjigazetesi.ist\/en\/wp-json\/wp\/v2\/posts\/190726"}],"collection":[{"href":"https:\/\/www.enerjigazetesi.ist\/en\/wp-json\/wp\/v2\/posts"}],"about":[{"href":"https:\/\/www.enerjigazetesi.ist\/en\/wp-json\/wp\/v2\/types\/post"}],"author":[{"embeddable":true,"href":"https:\/\/www.enerjigazetesi.ist\/en\/wp-json\/wp\/v2\/users\/1"}],"replies":[{"embeddable":true,"href":"https:\/\/www.enerjigazetesi.ist\/en\/wp-json\/wp\/v2\/comments?post=190726"}],"version-history":[{"count":0,"href":"https:\/\/www.enerjigazetesi.ist\/en\/wp-json\/wp\/v2\/posts\/190726\/revisions"}],"wp:featuredmedia":[{"embeddable":true,"href":"https:\/\/www.enerjigazetesi.ist\/en\/wp-json\/wp\/v2\/media\/190729"}],"wp:attachment":[{"href":"https:\/\/www.enerjigazetesi.ist\/en\/wp-json\/wp\/v2\/media?parent=190726"}],"wp:term":[{"taxonomy":"category","embeddable":true,"href":"https:\/\/www.enerjigazetesi.ist\/en\/wp-json\/wp\/v2\/categories?post=190726"},{"taxonomy":"post_tag","embeddable":true,"href":"https:\/\/www.enerjigazetesi.ist\/en\/wp-json\/wp\/v2\/tags?post=190726"}],"curies":[{"name":"wp","href":"https:\/\/api.w.org\/{rel}","templated":true}]}}