{"id":190690,"date":"2024-07-31T21:20:38","date_gmt":"2024-07-31T18:20:38","guid":{"rendered":"https:\/\/www.enerjigazetesi.ist\/?p=190690"},"modified":"2024-07-31T21:20:38","modified_gmt":"2024-07-31T18:20:38","slug":"dunyanin-ilk-uzay-tabanli-elektrik-sebekesi-kuruluyor","status":"publish","type":"post","link":"https:\/\/www.enerjigazetesi.ist\/en\/dunyanin-ilk-uzay-tabanli-elektrik-sebekesi-kuruluyor\/","title":{"rendered":"(Turkish) D\u00fcnyan\u0131n \u0130lk Uzay Tabanl\u0131 Elektrik \u015eebekesi Kuruluyor"},"content":{"rendered":"<p class=\"qtranxs-available-languages-message qtranxs-available-languages-message-en\">Sorry, this entry is only available in <a href=\"https:\/\/www.enerjigazetesi.ist\/tr\/wp-json\/wp\/v2\/posts\/190690\" class=\"qtranxs-available-language-link qtranxs-available-language-link-tr\" title=\"Turkish\">Turkish<\/a>. For the sake of viewer convenience, the content is shown below in the alternative language. You may click the link to switch the active language.<\/p><p><\/p>\n<h2><strong>ABD merkezli bir \u015firket, d\u00fcnyan\u0131n ilk uzay tabanl\u0131 elektrik \u015febekesini kurmak i\u00e7in haz\u0131rl\u0131klara ba\u015flad\u0131. Bu \u00e7\u0131\u011f\u0131r a\u00e7\u0131c\u0131 \u015febekenin ilk uydusunun \u00f6n\u00fcm\u00fczdeki y\u0131l f\u0131rlat\u0131lmas\u0131 planlan\u0131yor. \u015eirket, uzay ara\u00e7lar\u0131na enerji sa\u011flama amac\u0131 g\u00fcden projede, g\u00fcne\u015f enerjisinden maksimum d\u00fczeyde faydalanmay\u0131 hedefliyor.<\/strong><\/h2>\n<p style=\"text-align: center;\"><img loading=\"lazy\" class=\"aligncenter wp-image-190692\" src=\"https:\/\/www.enerjigazetesi.ist\/wp-content\/uploads\/2024\/07\/dunyanin-ilk-uzay-tabanli-elektrik-sebekesi-kuruluyor.jpg\" alt=\"\" width=\"500\" height=\"375\" srcset=\"https:\/\/www.enerjigazetesi.ist\/wp-content\/uploads\/2024\/07\/dunyanin-ilk-uzay-tabanli-elektrik-sebekesi-kuruluyor.jpg 550w, https:\/\/www.enerjigazetesi.ist\/wp-content\/uploads\/2024\/07\/dunyanin-ilk-uzay-tabanli-elektrik-sebekesi-kuruluyor-300x225.jpg 300w, https:\/\/www.enerjigazetesi.ist\/wp-content\/uploads\/2024\/07\/dunyanin-ilk-uzay-tabanli-elektrik-sebekesi-kuruluyor-500x375.jpg 500w, https:\/\/www.enerjigazetesi.ist\/wp-content\/uploads\/2024\/07\/dunyanin-ilk-uzay-tabanli-elektrik-sebekesi-kuruluyor-67x50.jpg 67w\" sizes=\"(max-width: 500px) 100vw, 500px\" \/><\/p>\n<p>Bilim insanlar\u0131, uzayda g\u00fcne\u015f enerjisinden yararlanma y\u00f6ntemlerini ara\u015ft\u0131r\u0131rken, baz\u0131lar\u0131 bu enerjiyi yery\u00fcz\u00fcne aktarmak \u00fczerine \u00e7al\u0131\u015fmalar\u0131n\u0131 yo\u011funla\u015ft\u0131rd\u0131. Uzayda hava ko\u015fullar\u0131ndan etkilenmeden daha fazla enerji toplanabildi\u011finden, uzaydan d\u00fcnyaya enerji g\u00f6nderme projeleri art\u0131\u015f g\u00f6sterdi. Ge\u00e7en y\u0131l ilk kez uzaydan D\u00fcnya\u2019ya enerji iletilmi\u015fti.<\/p>\n<p>Independent T\u00fcrk\u00e7e\u2019de yer alan habere g\u00f6re, Florida merkezli giri\u015fim Star Catcher, uzayda toplad\u0131\u011f\u0131 enerjiyi di\u011fer uzay ara\u00e7lar\u0131na g\u00f6ndermeyi ama\u00e7l\u0131yor. \u015eirket, projeye ba\u015flamak i\u00e7in 12,25 milyon dolar hibe toplad\u0131\u011f\u0131n\u0131 a\u00e7\u0131klad\u0131.<\/p>\n<h3><strong>10 KAT DAHA FAZLA ENERJ\u0130<\/strong><\/h3>\n<p>Planlanan elektrik \u015febekesi, al\u00e7ak D\u00fcnya y\u00f6r\u00fcngesine yerle\u015ftirilecek uydular arac\u0131l\u0131\u011f\u0131yla g\u00fcne\u015f enerjisini yo\u011funla\u015ft\u0131racak ve bu enerjiyi di\u011fer uzay ara\u00e7lar\u0131na iletecek. \u015eu anki al\u00e7ak D\u00fcnya y\u00f6r\u00fcngesindeki uydular, <strong>G\u00fcne\u015f\u2019ten<\/strong> yakla\u015f\u0131k<strong> 1000-1500 watt<\/strong> enerji \u00fcretiyor.<strong> Star Catcher<\/strong> ise uydular\u0131n\u0131n bir evin ihtiya\u00e7 duydu\u011fu kadar g\u00fc\u00e7 sa\u011flayaca\u011f\u0131n\u0131 \u00f6ne s\u00fcr\u00fcyor.<\/p>\n<p>\u015eirket, uzay ara\u00e7lar\u0131n\u0131n <strong>do\u011frudan g\u00fcne\u015ften<\/strong> elde edece\u011finden <strong>5 ila 10 kat daha fazla enerji \u00fcreteceklerini<\/strong> iddia ediyor ve <strong>iletilen enerjinin uzay ara\u00e7lar\u0131n\u0131n mevcut g\u00fcne\u015f panelleriyle uyumlu<\/strong> oldu\u011funu belirtiyor.<\/p>\n<p><strong>Initialized Capital\u2019dan Andrew Sather<\/strong>,<em> \u201cSpaceX\u2019in f\u0131rlatma alan\u0131nda yapt\u0131\u011f\u0131 gibi, Star Catcher\u2019\u0131n da y\u00f6r\u00fcnge g\u00fcc\u00fc alan\u0131nda benzer bir etki yarataca\u011f\u0131na inan\u0131yoruz,\u201d<\/em> dedi. Sather, bu geli\u015fmenin y\u00f6r\u00fcngedeki bir\u00e7ok teknolojinin ekonomisini ve yeteneklerini d\u00f6n\u00fc\u015ft\u00fcrme potansiyeline sahip oldu\u011funu vurgulad\u0131.<\/p>\n<h3>\u0130<strong>LK UYDU 2025\u2019TE FIRLATILACAK<\/strong><\/h3>\n<p>Star Catcher, m\u00fc\u015fterileriyle y\u0131ll\u0131k s\u00f6zle\u015fmeler yapmay\u0131 ve enerji ihtiya\u00e7lar\u0131na g\u00f6re \u00f6deme se\u00e7enekleri sunmay\u0131 planl\u0131yor. Ayr\u0131ca, \u015febekedeki tek bir uydunun ayn\u0131 anda birden fazla araca enerji g\u00f6ndermesi bekleniyor. \u015eirket, deneme ama\u00e7l\u0131 ilk uydusunu Aral\u0131k 2025\u2019te f\u0131rlatmay\u0131 hedefliyor ve nihai hedefi 200 uyduya ula\u015fmak.<\/p>\n<p>\u015eirket a\u00e7\u0131klamas\u0131nda, uydu operat\u00f6rlerinin ortak bir altyap\u0131 \u00e7er\u00e7evesinde \u00e7al\u0131\u015fabilecekleri ve enerji t\u00fcketiminin uydu say\u0131s\u0131yla s\u0131n\u0131rl\u0131 olmayaca\u011f\u0131 ifade edildi. Ayr\u0131ca, bu t\u00fcr bir \u015febekenin Ay\u2019\u0131n karanl\u0131k y\u00fcz\u00fcne yap\u0131lacak \u00e7al\u0131\u015fmalara da katk\u0131 sa\u011flayabilece\u011fi belirtildi; zira <strong>g\u00fcne\u015f enerjisiyle \u00e7al\u0131\u015fan uzay ara\u00e7lar\u0131<\/strong> bu b\u00f6lgede y\u0131ld\u0131z \u0131\u015f\u0131\u011f\u0131ndan uzak kald\u0131\u011f\u0131nda, \u015febeke gereken enerjiyi sa\u011flayabilir.<\/p>","protected":false},"excerpt":{"rendered":"<p>Sorry, this entry is only available in Turkish. For the sake of viewer convenience, the content is shown below in the alternative language. You may click the link to switch the active language. ABD merkezli bir \u015firket, d\u00fcnyan\u0131n ilk uzay tabanl\u0131 elektrik \u015febekesini kurmak i\u00e7in haz\u0131rl\u0131klara ba\u015flad\u0131. Bu \u00e7\u0131\u011f\u0131r a\u00e7\u0131c\u0131 \u015febekenin ilk uydusunun \u00f6n\u00fcm\u00fczdeki y\u0131l [&hellip;]<\/p>\n","protected":false},"author":1,"featured_media":190692,"comment_status":"open","ping_status":"open","sticky":false,"template":"","format":"standard","meta":[],"categories":[51,53,49],"tags":[13,114792],"views":43,"_links":{"self":[{"href":"https:\/\/www.enerjigazetesi.ist\/en\/wp-json\/wp\/v2\/posts\/190690"}],"collection":[{"href":"https:\/\/www.enerjigazetesi.ist\/en\/wp-json\/wp\/v2\/posts"}],"about":[{"href":"https:\/\/www.enerjigazetesi.ist\/en\/wp-json\/wp\/v2\/types\/post"}],"author":[{"embeddable":true,"href":"https:\/\/www.enerjigazetesi.ist\/en\/wp-json\/wp\/v2\/users\/1"}],"replies":[{"embeddable":true,"href":"https:\/\/www.enerjigazetesi.ist\/en\/wp-json\/wp\/v2\/comments?post=190690"}],"version-history":[{"count":0,"href":"https:\/\/www.enerjigazetesi.ist\/en\/wp-json\/wp\/v2\/posts\/190690\/revisions"}],"wp:featuredmedia":[{"embeddable":true,"href":"https:\/\/www.enerjigazetesi.ist\/en\/wp-json\/wp\/v2\/media\/190692"}],"wp:attachment":[{"href":"https:\/\/www.enerjigazetesi.ist\/en\/wp-json\/wp\/v2\/media?parent=190690"}],"wp:term":[{"taxonomy":"category","embeddable":true,"href":"https:\/\/www.enerjigazetesi.ist\/en\/wp-json\/wp\/v2\/categories?post=190690"},{"taxonomy":"post_tag","embeddable":true,"href":"https:\/\/www.enerjigazetesi.ist\/en\/wp-json\/wp\/v2\/tags?post=190690"}],"curies":[{"name":"wp","href":"https:\/\/api.w.org\/{rel}","templated":true}]}}