{"id":190623,"date":"2024-07-30T20:18:57","date_gmt":"2024-07-30T17:18:57","guid":{"rendered":"https:\/\/www.enerjigazetesi.ist\/?p=190623"},"modified":"2024-07-30T20:37:56","modified_gmt":"2024-07-30T17:37:56","slug":"anadolu-efes-ten-2023-yilinda-578-milyon-tl-enerji-tasarrufu-yatirimi","status":"publish","type":"post","link":"https:\/\/www.enerjigazetesi.ist\/en\/anadolu-efes-ten-2023-yilinda-578-milyon-tl-enerji-tasarrufu-yatirimi\/","title":{"rendered":"(Turkish) &#8217;Anadolu Efes&#8217;ten 2023 Y\u0131l\u0131nda 578 Milyon TL Enerji Tasarrufu Yat\u0131r\u0131m\u0131"},"content":{"rendered":"<p class=\"qtranxs-available-languages-message qtranxs-available-languages-message-en\">Sorry, this entry is only available in <a href=\"https:\/\/www.enerjigazetesi.ist\/tr\/wp-json\/wp\/v2\/posts\/190623\" class=\"qtranxs-available-language-link qtranxs-available-language-link-tr\" title=\"Turkish\">Turkish<\/a>. For the sake of viewer convenience, the content is shown below in the alternative language. You may click the link to switch the active language.<\/p><p><\/p>\n<h2><strong>2010 y\u0131l\u0131ndan bu yana s\u00fcrd\u00fcr\u00fclebilirlik performans\u0131n\u0131 \u015feffaf bir \u015fekilde payda\u015flar\u0131na a\u00e7\u0131klayan Anadolu Efes, ikinci entegre raporunu yay\u0131mlad\u0131. Anadolu Efes, 2023 raporlama d\u00f6neminde 578 milyon TL de\u011ferinde do\u011frudan ve dolayl\u0131 enerji tasarrufu yat\u0131r\u0131m\u0131 karar\u0131 ald\u0131. Bu yat\u0131r\u0131m ile \u015firket 3.335 ton CO2e karbon emisyonu azalt\u0131m\u0131 hedefliyor, 2030 y\u0131l\u0131nda ise kendi operasyonlar\u0131nda net s\u0131f\u0131r emisyon hedefi i\u00e7in \u00e7al\u0131\u015fmalar\u0131n\u0131 s\u00fcrd\u00fcr\u00fcyor. \u015eirket, sosyal fayda oda\u011f\u0131nda ise 28 milyon TL\u2019nin \u00fczerinde yat\u0131r\u0131mla 36 farkl\u0131 proje hayata ge\u00e7irdi. \u00a0\u00c7al\u0131\u015fanlara e\u015fitlik\u00e7i, kapsay\u0131c\u0131, geli\u015fim odakl\u0131, adil ve g\u00fcvenli bir i\u015f ortam\u0131 sunmak i\u00e7in de 2023 y\u0131l\u0131nda 34 proje y\u00fcr\u00fctt\u00fc.<\/strong><\/h2>\n<p style=\"text-align: center;\"><img loading=\"lazy\" class=\"aligncenter wp-image-190625\" src=\"https:\/\/www.enerjigazetesi.ist\/wp-content\/uploads\/2024\/07\/anadolu-efes-ten-2023-yilinda-578-milyon-tl-enerji-tasarrufu-yatirimi.jpg\" alt=\"\" width=\"500\" height=\"377\" srcset=\"https:\/\/www.enerjigazetesi.ist\/wp-content\/uploads\/2024\/07\/anadolu-efes-ten-2023-yilinda-578-milyon-tl-enerji-tasarrufu-yatirimi.jpg 550w, https:\/\/www.enerjigazetesi.ist\/wp-content\/uploads\/2024\/07\/anadolu-efes-ten-2023-yilinda-578-milyon-tl-enerji-tasarrufu-yatirimi-300x226.jpg 300w, https:\/\/www.enerjigazetesi.ist\/wp-content\/uploads\/2024\/07\/anadolu-efes-ten-2023-yilinda-578-milyon-tl-enerji-tasarrufu-yatirimi-500x377.jpg 500w, https:\/\/www.enerjigazetesi.ist\/wp-content\/uploads\/2024\/07\/anadolu-efes-ten-2023-yilinda-578-milyon-tl-enerji-tasarrufu-yatirimi-66x50.jpg 66w\" sizes=\"(max-width: 500px) 100vw, 500px\" \/><\/p>\n<p>Sekt\u00f6r\u00fcnde de bir ilk olan ilk entegre raporu ge\u00e7ti\u011fimiz y\u0131l payda\u015flar\u0131na sunan Anadolu Efes, ikinci entegre raporunu yay\u0131mlad\u0131. Anadolu Efes, entegre d\u00fc\u015f\u00fcnce yolculu\u011funda bu y\u0131l, ulusal ve uluslararas\u0131 raporlama standartlar\u0131na uyuma odaklanarak, sekt\u00f6r\u00fcnde \u00f6nc\u00fc oldu. <strong>\u201c\u00c7ifte \u00d6nemlilik\u201d<\/strong> bak\u0131\u015f a\u00e7\u0131s\u0131 ile \u00f6nceliklendirme analizini yenileyen \u015firket, finansal risklerin yan\u0131 s\u0131ra finansal olmayan risk ve f\u0131rsatlara ili\u015fkin payda\u015flar\u0131n\u0131n fikirlerini ald\u0131. Bir sonraki ad\u0131mda ise bu risk ve f\u0131rsatlar\u0131n finansal etkisine ili\u015fkin bir de\u011ferlendirme ger\u00e7ekle\u015ftirerek, entegre risk matrisi olu\u015fturdu.<\/p>\n<p><strong>1 Ocak-31 Aral\u0131k 2023<\/strong> d\u00f6nemi i\u00e7in bira operasyonlar\u0131n\u0131n tamam\u0131n\u0131 kapsayan rapor; \u015firketin entegre d\u00fc\u015f\u00fcnce anlay\u0131\u015f\u0131n\u0131 temellendirdi\u011fi d\u00f6rt odak alan\u0131ndaki performans\u0131n\u0131, orta ve uzun vadeli hedeflerini ortaya koyuyor. Bununla birlikte \u015firketin <strong>Finansal, \u00dcretilmi\u015f, Fikri, \u0130nsani, Do\u011fal ve Sosyal&amp;\u0130li\u015fkisel sermaye \u00f6\u011feleri<\/strong> etraf\u0131nda nas\u0131l de\u011fer yaratt\u0131\u011f\u0131 da raporda yer al\u0131yor.<\/p>\n<p>Raporda sosyal fayda oda\u011f\u0131nda <strong>2023 y\u0131l\u0131nda 36 proje y\u00fcr\u00fctt\u00fc\u011f\u00fcn\u00fc<\/strong> a\u00e7\u0131klayan \u015firket,<strong> 578 milyon TL<\/strong> de\u011ferinde <strong>do\u011frudan ve dolayl\u0131 enerji tasarrufu yat\u0131r\u0131m\u0131<\/strong> karar\u0131 ald\u0131\u011f\u0131n\u0131 belirtti. Bu yat\u0131r\u0131mlar do\u011frultusunda ise <strong>3.335 ton CO2e karbon emisyonu azalt\u0131m\u0131<\/strong> hedefleniyor. Bununla birlikte T\u00fcrkiye&#8217;de <strong>10,7 MWp<\/strong>&#8216;lik <strong>yenilenebilir enerji yat\u0131r\u0131m\u0131<\/strong> ile y\u0131ll\u0131k <strong>6.500 ton CO2e emisyon azalt\u0131m\u0131<\/strong> ama\u00e7lan\u0131yor. \u015eirket, 2030 y\u0131l\u0131nda ise <strong>kendi operasyonlar\u0131ndan kaynakl\u0131 emisyonlarda net s\u0131f\u0131r olmak i\u00e7in<\/strong> \u00e7al\u0131\u015fmalar\u0131n\u0131 s\u00fcrd\u00fcr\u00fcyor.<\/p>\n<p><strong>S\u00fcrd\u00fcr\u00fclebilirlik ve inovasyon odakl\u0131 projeleriyle<\/strong> gelece\u011fe g\u00fc\u00e7l\u00fc ad\u0131mlarla ilerlemeye devam eden Anadolu Efes\u2019in 2023 Entegre Raporu\u2019na\u00a0<strong><a href=\"https:\/\/anadoluefes.com\/Upload\/Docs\/AnadoluEfes2023EntegreRaporu.pdf\" target=\"_blank\" rel=\"noopener\">buradan<\/a>\u00a0<\/strong>ula\u015fabilirsiniz.<\/p>","protected":false},"excerpt":{"rendered":"<p>Sorry, this entry is only available in Turkish. For the sake of viewer convenience, the content is shown below in the alternative language. You may click the link to switch the active language. 2010 y\u0131l\u0131ndan bu yana s\u00fcrd\u00fcr\u00fclebilirlik performans\u0131n\u0131 \u015feffaf bir \u015fekilde payda\u015flar\u0131na a\u00e7\u0131klayan Anadolu Efes, ikinci entegre raporunu yay\u0131mlad\u0131. Anadolu Efes, 2023 raporlama d\u00f6neminde [&hellip;]<\/p>\n","protected":false},"author":1,"featured_media":190626,"comment_status":"open","ping_status":"open","sticky":false,"template":"","format":"standard","meta":[],"categories":[53,52],"tags":[114760,19338,114759,114761,7181,1296,358],"views":25,"_links":{"self":[{"href":"https:\/\/www.enerjigazetesi.ist\/en\/wp-json\/wp\/v2\/posts\/190623"}],"collection":[{"href":"https:\/\/www.enerjigazetesi.ist\/en\/wp-json\/wp\/v2\/posts"}],"about":[{"href":"https:\/\/www.enerjigazetesi.ist\/en\/wp-json\/wp\/v2\/types\/post"}],"author":[{"embeddable":true,"href":"https:\/\/www.enerjigazetesi.ist\/en\/wp-json\/wp\/v2\/users\/1"}],"replies":[{"embeddable":true,"href":"https:\/\/www.enerjigazetesi.ist\/en\/wp-json\/wp\/v2\/comments?post=190623"}],"version-history":[{"count":0,"href":"https:\/\/www.enerjigazetesi.ist\/en\/wp-json\/wp\/v2\/posts\/190623\/revisions"}],"wp:featuredmedia":[{"embeddable":true,"href":"https:\/\/www.enerjigazetesi.ist\/en\/wp-json\/wp\/v2\/media\/190626"}],"wp:attachment":[{"href":"https:\/\/www.enerjigazetesi.ist\/en\/wp-json\/wp\/v2\/media?parent=190623"}],"wp:term":[{"taxonomy":"category","embeddable":true,"href":"https:\/\/www.enerjigazetesi.ist\/en\/wp-json\/wp\/v2\/categories?post=190623"},{"taxonomy":"post_tag","embeddable":true,"href":"https:\/\/www.enerjigazetesi.ist\/en\/wp-json\/wp\/v2\/tags?post=190623"}],"curies":[{"name":"wp","href":"https:\/\/api.w.org\/{rel}","templated":true}]}}