{"id":190605,"date":"2024-07-30T19:20:25","date_gmt":"2024-07-30T16:20:25","guid":{"rendered":"https:\/\/www.enerjigazetesi.ist\/?p=190605"},"modified":"2024-07-30T19:20:25","modified_gmt":"2024-07-30T16:20:25","slug":"jender-ilk-genel-kurulunu-gerceklestirdi","status":"publish","type":"post","link":"https:\/\/www.enerjigazetesi.ist\/en\/jender-ilk-genel-kurulunu-gerceklestirdi\/","title":{"rendered":"(Turkish) &#8217;Jender&#8217; \u0130lk Genel Kurulunu Ger\u00e7ekle\u015ftirdi"},"content":{"rendered":"<p class=\"qtranxs-available-languages-message qtranxs-available-languages-message-en\">Sorry, this entry is only available in <a href=\"https:\/\/www.enerjigazetesi.ist\/tr\/wp-json\/wp\/v2\/posts\/190605\" class=\"qtranxs-available-language-link qtranxs-available-language-link-tr\" title=\"Turkish\">Turkish<\/a>. For the sake of viewer convenience, the content is shown below in the alternative language. You may click the link to switch the active language.<\/p><p><\/p>\n<h2>12 Temmuz&#8217;da ger\u00e7ekle\u015ftirilen ilk genel kurul toplant\u0131s\u0131yla kurulan Jender (Jenerat\u00f6r Sanayicileri ve G\u00fc\u00e7 Sistemleri Derne\u011fi), T\u00fcrkiye jenerat\u00f6r imalat sanayisinin g\u00fcc\u00fcn\u00fc ve potansiyelini t\u00fcm d\u00fcnyaya duyurmay\u0131 hedefliyor. Sekt\u00f6r\u00fcn lider firmalar\u0131n\u0131n \u00e7al\u0131\u015fmalar\u0131yla kurulan Jender, &#8220;Kesintisiz Enerji ve G\u00fcc\u00fcn Kayna\u011f\u0131&#8221; olarak, 1.5 milyar dolarl\u0131k ciroya sahip ve 180&#8217;e yak\u0131n \u00fclkeye ihracat yapan T\u00fcrkiye jenerat\u00f6r ve g\u00fc\u00e7 sistemleri imalat sekt\u00f6r\u00fcn\u00fc temsil etmektedir.<\/h2>\n<p style=\"text-align: center;\"><img loading=\"lazy\" class=\"aligncenter wp-image-190609\" src=\"https:\/\/www.enerjigazetesi.ist\/wp-content\/uploads\/2024\/07\/jender-ilk-genel-kurulunu-gerceklestirdi-1.jpg\" alt=\"\" width=\"500\" height=\"355\" srcset=\"https:\/\/www.enerjigazetesi.ist\/wp-content\/uploads\/2024\/07\/jender-ilk-genel-kurulunu-gerceklestirdi-1.jpg 550w, https:\/\/www.enerjigazetesi.ist\/wp-content\/uploads\/2024\/07\/jender-ilk-genel-kurulunu-gerceklestirdi-1-300x213.jpg 300w, https:\/\/www.enerjigazetesi.ist\/wp-content\/uploads\/2024\/07\/jender-ilk-genel-kurulunu-gerceklestirdi-1-500x355.jpg 500w, https:\/\/www.enerjigazetesi.ist\/wp-content\/uploads\/2024\/07\/jender-ilk-genel-kurulunu-gerceklestirdi-1-70x50.jpg 70w\" sizes=\"(max-width: 500px) 100vw, 500px\" \/><\/p>\n<h3><strong>Sekt\u00f6r\u00fcn G\u00fcc\u00fc ve Hedefleri<\/strong><\/h3>\n<p>T\u00fcrkiye jenerat\u00f6r imalat sanayisi, d\u00fcnya dizel jenerat\u00f6r sekt\u00f6r\u00fcn\u00fcn %6&#8217;s\u0131n\u0131 ger\u00e7ekle\u015ftirmekte olup, 75-375 kVA g\u00fc\u00e7 aral\u0131\u011f\u0131nda d\u00fcnya genelinde ikinci s\u0131rada yer almaktad\u0131r. D\u00fcnyan\u0131n en b\u00fcy\u00fck jenerat\u00f6r \u00fcreticileri aras\u0131nda bulunan Jender \u00fcyesi T\u00fcrk jenerat\u00f6r \u00fcreticileri, d\u00fcnya genelinde rekabet\u00e7i bir konuma sahiptir. T\u00fcrkiye&#8217;de 20&#8217;den fazla ana \u00fcretici, 10.000 ki\u015fiye direkt, 40.000 ki\u015fiye ise dolayl\u0131 olarak istihdam sa\u011flamaktad\u0131r. Toplamda 1.000&#8217;den fazla \u00fcretici ve tedarik\u00e7i ile sekt\u00f6r, 100.000&#8217;den fazla ki\u015fiye i\u015f imkan\u0131 sunmaktad\u0131r.<\/p>\n<p>Sekt\u00f6r\u00fcn hedefi, T\u00fcrk markal\u0131 jenerat\u00f6rleri d\u00fcnya genelindeki 200 \u00fclkeye ula\u015ft\u0131rmakt\u0131r. \u015eu anda, global pazarda 800 milyon USD&#8217;lik yurt i\u00e7i ve ihracat sat\u0131\u015f\u0131 ile %5&#8217;lik bir paya sahiptir. T\u00fcrkiye&#8217;nin toplam ihracat\u0131n\u0131n %2,4&#8217;\u00fc, dizel jenerat\u00f6r ihracat\u0131 ile kar\u015f\u0131lanmaktad\u0131r.<\/p>\n<h3><strong>Jender&#8217;in Misyonu<\/strong><\/h3>\n<p>Jender, T\u00fcrkiye&#8217;deki jenerat\u00f6r \u00fcreticilerinin k\u00fcresel pazarlardaki potansiyelini ortaya \u00e7\u0131karmak, T\u00fcrk markas\u0131 alg\u0131s\u0131n\u0131 g\u00fc\u00e7lendirmek ve bu \u00fcreticileri daha etkin oyuncular olarak konumland\u0131rmak amac\u0131yla kurulmu\u015ftur. Ana amac\u0131m\u0131z, y\u00fcksek ihracat potansiyeli ile \u00fclkemizin cari dengesine pozitif katk\u0131 sa\u011flayan jenerat\u00f6r, kojenerasyon, trijenerasyon, yenilenebilir enerji ba\u011flant\u0131l\u0131 hibrit sistemler, gazl\u0131 ve hidrojen yak\u0131tl\u0131 g\u00fc\u00e7 sistemleri, elektrik depolama, alternat\u00f6r, konteyner, kontrol sistemleri ve di\u011fer g\u00fc\u00e7 sistemleri ana bile\u015fenlerini \u00fcreten <span style=\"text-decoration: underline;\">firmalar\u0131 bir \u00e7at\u0131 alt\u0131nda toplayarak;<\/span><\/p>\n<p>1- Sekt\u00f6r\u00fcn sorunlar\u0131na \u00e7\u00f6z\u00fcmler bulmak,<\/p>\n<p>2- Kalite ve kapasite geli\u015fimini sa\u011flamak, T\u00fcrk mal\u0131 itibar\u0131n\u0131 art\u0131r\u0131p katma de\u011ferli \u00fcr\u00fcn ve hizmet sunma, net ihracat kabiliyetini geli\u015ftirmek,<\/p>\n<p>3- Sekt\u00f6r ile ilgili yurt i\u00e7inde ve yurt d\u0131\u015f\u0131nda bulunan kamu, kurum ve ilgili di\u011fer kurulu\u015flarla i\u015f birli\u011finde bulunmak,<\/p>\n<p>4- Teknik ve d\u00fczenleyici mevzuat ve standartlar\u0131n geli\u015fimine katk\u0131da bulunmak,<\/p>\n<p>5- Sekt\u00f6r\u00fcn geli\u015fimine dair e\u011fitim, sertifikasyon, \u00e7al\u0131\u015ftay, kongre vb. etkinlikler d\u00fczenlemek.<\/p>\n<p>Jender olarak, T\u00fcrkiye jenerat\u00f6r ve g\u00fc\u00e7 sistemleri imalat sekt\u00f6r\u00fcn\u00fcn geli\u015fimi ve d\u00fcnya pazar\u0131ndaki etkinli\u011fini art\u0131rmak i\u00e7in var g\u00fcc\u00fcm\u00fczle \u00e7al\u0131\u015faca\u011f\u0131z.<\/p>\n<h3><strong>Y\u00f6netim Kurulu Ba\u015fkan\u0131 Say\u0131n R\u0131dvan \u00d6zer&#8217;in Mesaj\u0131<\/strong><\/h3>\n<div id=\"attachment_190608\" style=\"width: 510px\" class=\"wp-caption aligncenter\"><img aria-describedby=\"caption-attachment-190608\" loading=\"lazy\" class=\"wp-image-190608\" src=\"https:\/\/www.enerjigazetesi.ist\/wp-content\/uploads\/2024\/07\/Ridvan-Ozer.jpg\" alt=\"\" width=\"500\" height=\"433\" srcset=\"https:\/\/www.enerjigazetesi.ist\/wp-content\/uploads\/2024\/07\/Ridvan-Ozer.jpg 550w, https:\/\/www.enerjigazetesi.ist\/wp-content\/uploads\/2024\/07\/Ridvan-Ozer-300x260.jpg 300w, https:\/\/www.enerjigazetesi.ist\/wp-content\/uploads\/2024\/07\/Ridvan-Ozer-462x400.jpg 462w, https:\/\/www.enerjigazetesi.ist\/wp-content\/uploads\/2024\/07\/Ridvan-Ozer-58x50.jpg 58w, https:\/\/www.enerjigazetesi.ist\/wp-content\/uploads\/2024\/07\/Ridvan-Ozer-500x433.jpg 500w\" sizes=\"(max-width: 500px) 100vw, 500px\" \/><p id=\"caption-attachment-190608\" class=\"wp-caption-text\">Jender Y\u00f6netim Kurulu Ba\u015fkan\u0131 Say\u0131n R\u0131dvan \u00d6zer<\/p><\/div>\n<p>Y\u00f6netim Kurulu Ba\u015fkan\u0131 Say\u0131n R\u0131dvan \u00d6zer,<em> \u201cJender olarak, T\u00fcrkiye jenerat\u00f6r ve g\u00fc\u00e7 sistemleri imalat sekt\u00f6r\u00fcn\u00fc d\u00fcnya \u00e7ap\u0131nda en iyi \u015fekilde temsil etmek ve T\u00fcrk markal\u0131 jenerat\u00f6rlerin kalitesini ve itibar\u0131n\u0131 art\u0131rmak i\u00e7in \u00e7al\u0131\u015fmalar\u0131m\u0131z\u0131 s\u00fcrd\u00fcrece\u011fiz. Hedefimiz, sekt\u00f6r\u00fcm\u00fcz\u00fc k\u00fcresel pazarlarda daha rekabet\u00e7i bir konuma ta\u015f\u0131mak ve \u00fclkemizin ekonomik dengesine pozitif katk\u0131 sa\u011flamakt\u0131r.\u201d<\/em> dedi.<\/p>","protected":false},"excerpt":{"rendered":"<p>Sorry, this entry is only available in Turkish. For the sake of viewer convenience, the content is shown below in the alternative language. You may click the link to switch the active language. 12 Temmuz&#8217;da ger\u00e7ekle\u015ftirilen ilk genel kurul toplant\u0131s\u0131yla kurulan Jender (Jenerat\u00f6r Sanayicileri ve G\u00fc\u00e7 Sistemleri Derne\u011fi), T\u00fcrkiye jenerat\u00f6r imalat sanayisinin g\u00fcc\u00fcn\u00fc ve potansiyelini [&hellip;]<\/p>\n","protected":false},"author":1,"featured_media":190607,"comment_status":"open","ping_status":"open","sticky":false,"template":"","format":"standard","meta":[],"categories":[51,53],"tags":[2449,114751,114750,114752,114753],"views":27,"_links":{"self":[{"href":"https:\/\/www.enerjigazetesi.ist\/en\/wp-json\/wp\/v2\/posts\/190605"}],"collection":[{"href":"https:\/\/www.enerjigazetesi.ist\/en\/wp-json\/wp\/v2\/posts"}],"about":[{"href":"https:\/\/www.enerjigazetesi.ist\/en\/wp-json\/wp\/v2\/types\/post"}],"author":[{"embeddable":true,"href":"https:\/\/www.enerjigazetesi.ist\/en\/wp-json\/wp\/v2\/users\/1"}],"replies":[{"embeddable":true,"href":"https:\/\/www.enerjigazetesi.ist\/en\/wp-json\/wp\/v2\/comments?post=190605"}],"version-history":[{"count":0,"href":"https:\/\/www.enerjigazetesi.ist\/en\/wp-json\/wp\/v2\/posts\/190605\/revisions"}],"wp:featuredmedia":[{"embeddable":true,"href":"https:\/\/www.enerjigazetesi.ist\/en\/wp-json\/wp\/v2\/media\/190607"}],"wp:attachment":[{"href":"https:\/\/www.enerjigazetesi.ist\/en\/wp-json\/wp\/v2\/media?parent=190605"}],"wp:term":[{"taxonomy":"category","embeddable":true,"href":"https:\/\/www.enerjigazetesi.ist\/en\/wp-json\/wp\/v2\/categories?post=190605"},{"taxonomy":"post_tag","embeddable":true,"href":"https:\/\/www.enerjigazetesi.ist\/en\/wp-json\/wp\/v2\/tags?post=190605"}],"curies":[{"name":"wp","href":"https:\/\/api.w.org\/{rel}","templated":true}]}}