{"id":190334,"date":"2024-07-22T15:23:07","date_gmt":"2024-07-22T12:23:07","guid":{"rendered":"https:\/\/www.enerjigazetesi.ist\/?p=190334"},"modified":"2024-07-22T15:23:41","modified_gmt":"2024-07-22T12:23:41","slug":"sikayetvar-yuzlerce-tuketici-elektrik-kesintileriyle-ilgili-cozum-ariyor","status":"publish","type":"post","link":"https:\/\/www.enerjigazetesi.ist\/en\/sikayetvar-yuzlerce-tuketici-elektrik-kesintileriyle-ilgili-cozum-ariyor\/","title":{"rendered":"(Turkish) \u015eikayetvar: Y\u00fczlerce T\u00fcketici Elektrik Kesintileriyle \u0130lgili \u00c7\u00f6z\u00fcm Ar\u0131yor"},"content":{"rendered":"<p class=\"qtranxs-available-languages-message qtranxs-available-languages-message-en\">Sorry, this entry is only available in <a href=\"https:\/\/www.enerjigazetesi.ist\/tr\/wp-json\/wp\/v2\/posts\/190334\" class=\"qtranxs-available-language-link qtranxs-available-language-link-tr\" title=\"Turkish\">Turkish<\/a>. For the sake of viewer convenience, the content is shown below in the alternative language. You may click the link to switch the active language.<\/p><p><\/p>\n<h2><strong>T\u00fcrkiye genelinde ya\u015fanan s\u0131cak havalar, elektrik kesintilerini de beraberinde getiriyor. \u00c7\u00f6z\u00fcm platformu \u015eikayetvar \u00fczerinden elektrik kesintileriyle ilgili \u00e7\u00f6z\u00fcm aray\u0131\u015f\u0131nda bulunan y\u00fczlerce t\u00fcketici, saatler hatta bazen g\u00fcnler boyunca devam eden kesintilere kar\u015f\u0131 bir an \u00f6nce \u00f6nlem al\u0131nmas\u0131n\u0131 istiyor.<\/strong><\/h2>\n<p style=\"text-align: center;\"><img loading=\"lazy\" class=\"aligncenter wp-image-190336\" src=\"https:\/\/www.enerjigazetesi.ist\/wp-content\/uploads\/2024\/07\/sikayetvar-yuzlerce-tuketici-elektrik-kesintileriyle-ilgili-cozum-ariyor.jpg\" alt=\"\" width=\"500\" height=\"382\" srcset=\"https:\/\/www.enerjigazetesi.ist\/wp-content\/uploads\/2024\/07\/sikayetvar-yuzlerce-tuketici-elektrik-kesintileriyle-ilgili-cozum-ariyor.jpg 550w, https:\/\/www.enerjigazetesi.ist\/wp-content\/uploads\/2024\/07\/sikayetvar-yuzlerce-tuketici-elektrik-kesintileriyle-ilgili-cozum-ariyor-300x229.jpg 300w, https:\/\/www.enerjigazetesi.ist\/wp-content\/uploads\/2024\/07\/sikayetvar-yuzlerce-tuketici-elektrik-kesintileriyle-ilgili-cozum-ariyor-500x382.jpg 500w, https:\/\/www.enerjigazetesi.ist\/wp-content\/uploads\/2024\/07\/sikayetvar-yuzlerce-tuketici-elektrik-kesintileriyle-ilgili-cozum-ariyor-65x50.jpg 65w, https:\/\/www.enerjigazetesi.ist\/wp-content\/uploads\/2024\/07\/sikayetvar-yuzlerce-tuketici-elektrik-kesintileriyle-ilgili-cozum-ariyor-260x200.jpg 260w\" sizes=\"(max-width: 500px) 100vw, 500px\" \/><\/p>\n<p>T\u00fcrkiye son zamanlar\u0131n en s\u0131cak yaz\u0131n\u0131 ya\u015f\u0131yor. Ya\u015fanan s\u0131caklar beraberinde elektrik kesintilerini de getiriyor. Elektrik da\u011f\u0131t\u0131m firmalar\u0131 ve ilgili kurumlar\u0131n a\u00e7\u0131klamalar\u0131na g\u00f6re, artan elektrik talebi, kurakl\u0131k nedeniyle hidroelektrik santrallerinde \u00fcretimin azalmas\u0131 ve a\u015f\u0131r\u0131 klima kullan\u0131m\u0131 elektrik t\u00fcketiminin temel nedenlerini olu\u015fturuyor. \u00d6te yandan \u00e7\u00f6z\u00fcm platformu \u015eikayetvar\u2019a ula\u015fan y\u00fczlerce \u015fikayete g\u00f6re elektrik da\u011f\u0131t\u0131m firmalar\u0131n\u0131n yetersiz alt yap\u0131 \u00e7al\u0131\u015fmalar\u0131, plans\u0131z kesintilerde t\u00fcketicilere haber verilmemesi, baz\u0131 b\u00f6lgelerde d\u00fc\u015f\u00fck ya da y\u00fcksek voltajl\u0131 gelen elektrik ve ula\u015f\u0131lamayan m\u00fc\u015fteri hizmetleri sorunun bir ba\u015fka yan\u0131n\u0131 g\u00f6zler \u00f6n\u00fcne seriyor. G\u00fcnl\u00fck ya\u015fam\u0131 olduk\u00e7a k\u00f6t\u00fc etkileyen elektrik kesintilerinin en \u00e7ok ya\u015fand\u0131\u011f\u0131 yerlerse; <strong>\u0130stanbul, Ankara, \u0130zmir, Bursa, Adana, Mersin, Antalya, Manisa, Hatay<\/strong> olarak s\u0131raland\u0131.<\/p>\n<h3><strong>Konuyla ilgili \u015eikayetvar\u2019a Ula\u015fan Baz\u0131 \u015eikayetlerse \u015e\u00f6yle:<\/strong><\/h3>\n<h3><strong>Uykuda \u00f6l\u00fcrsem sorumlusu elektrik da\u011f\u0131t\u0131m firmas\u0131d\u0131r\u00a0<\/strong><\/h3>\n<p>\u201cSon bir ayd\u0131r elektrik kesintisi oluyor. Her g\u00fcn 8 daireli binada 4 dairenin elektri\u011fi varsa di\u011fer dairelerin yok. 2 bu\u00e7uk y\u0131l \u00f6nce ald\u0131\u011f\u0131m buzdolab\u0131n\u0131n motoru yand\u0131. Uyku apnesi hastas\u0131y\u0131m ve elektrik kesinleri y\u00fcz\u00fcnden cihaz\u0131 kullanam\u0131yorum. Uykuda \u00f6l\u00fcrsem bunun sorumlusu elektrik da\u011f\u0131t\u0131m firmas\u0131d\u0131r.\u201d<\/p>\n<h3><strong>72 saatte toplam 10 saat elektrik verildi\u00a0<\/strong><\/h3>\n<p>\u201c\u0130zmir, Buca\u2019da ya\u015f\u0131yoruz. Son \u00fc\u00e7 g\u00fcnd\u00fcr s\u00fcrekli elektrik kesintisi oluyor. Evdeki elektrikli aletlerde sorun \u00e7\u0131kmas\u0131 an meselesi. 72 saatte toplam 10 saat elektrik verildi. Dondurucudaki \u00fcr\u00fcnler bozuldu, bozulacak. Yetkileri aramaya \u00e7al\u0131\u015f\u0131yoruz ama ula\u015fam\u0131yoruz. S\u00fcrekli me\u015fgul. Havan\u0131n bu kadar s\u0131cak oldu\u011fu zamanlarda klimas\u0131z bir \u015fekilde s\u0131cak havaya maruz b\u0131rak\u0131ld\u0131k.\u201d<\/p>\n<h3><strong>Sayenizde jenerat\u00f6rler hi\u00e7 kapanm\u0131yor\u00a0<\/strong><\/h3>\n<p>\u201cMalatya&#8217;n\u0131n en geli\u015fmi\u015f b\u00f6lgesinde her g\u00fcn ya\u015fanan habersiz elektrik kesintisi sayenizde Pakistan&#8217;\u0131 aratmaz oldu. Uzay \u00e7a\u011f\u0131nda ilkel ya\u015fam\u0131 bizlere sundu\u011funuz i\u00e7in te\u015fekk\u00fcrler. \u00dclkede mazot fiyat\u0131n\u0131n artmas\u0131na sizin gibi \u015firketlerin katk\u0131s\u0131 b\u00fcy\u00fck. Sayenizde jenerat\u00f6rler hi\u00e7 kapanm\u0131yor.\u201d<\/p>\n<h3><strong>Evdeki elektrikli e\u015fyalar\u0131m bozuldu\u00a0<\/strong><\/h3>\n<p>\u201cElektrik da\u011f\u0131t\u0131m firmas\u0131na ka\u00e7 adet ar\u0131za bildirimi yapt\u0131\u011f\u0131m\u0131 hat\u0131rlam\u0131yorum art\u0131k ama h\u00e2l\u00e2 bir \u00e7\u00f6z\u00fcm yok. Kimseyle ileti\u015fime ge\u00e7emiyorum. Telefona kimse \u00e7\u0131kmadan kapat\u0131yorlar. Evdeki elektrikli e\u015fyalar\u0131m bozuldu, kimsenin umurunda de\u011fil. E\u015fyalar\u0131m\u0131n hepsi s\u0131f\u0131r, yeni evliyim. Dakika ba\u015f\u0131 kafam\u0131n \u00fcst\u00fcndeki \u0131\u015f\u0131klar yan\u0131p s\u00f6n\u00fcp duruyor. Bir an \u00f6nce halledin \u015fu durumu art\u0131k.\u201d<\/p>\n<h3><strong>Art\u0131k kimi arayaca\u011f\u0131m\u0131z\u0131 bilmiyoruz\u00a0<\/strong><\/h3>\n<p>\u201cManisa&#8217;n\u0131n Salihli il\u00e7esinden yaz\u0131yorum. Bug\u00fcn 20 Temmuz Cumartesi, yakla\u015f\u0131k alt\u0131 saattir elektrik yok. Telefonla kimseye ula\u015fam\u0131yoruz. 112 \u2018bizim i\u015fimiz de\u011fil.\u2019 diyor. \u0130nternet \u00fczerinden ar\u0131za kodu olu\u015fturabiliyoruz fakat onlarla da ilgili hi\u00e7bir geri d\u00f6n\u00fc\u015f yap\u0131lm\u0131yor. \u015eirketin perakende k\u0131sm\u0131na ula\u015ft\u0131\u011f\u0131m\u0131zda ise bunlar\u0131 anlat\u0131yorum ama bizlik bir durum yok, o numaralar\u0131 arayacaks\u0131n\u0131z deniyor. Kimi arayaca\u011f\u0131m\u0131z\u0131 art\u0131k bilmiyoruz.\u201d<\/p>\n<h3><strong>Bu s\u0131cakta insanlar\u0131 elektriksiz b\u0131rakamazs\u0131n\u0131z\u00a0<\/strong><\/h3>\n<p>\u201cPlanl\u0131 \u00e7al\u0131\u015fma olmamas\u0131na ra\u011fmen iki saattir elektrik yok. Defalarca arad\u0131m, her seferinde \u2018Ekibimizi y\u00f6nlendirdik.\u2019 diye ge\u00e7i\u015ftiriyorlar. Pazar g\u00fcn\u00fc bu s\u0131cakta insanlar\u0131 elektriksiz b\u0131rakamazs\u0131n\u0131z. Habersiz bir \u015fekilde beceremiyorsan\u0131z istifan\u0131z\u0131 verin.\u201d<\/p>\n<h3><strong>D\u00fc\u015f\u00fck voltaj nedeniyle bula\u015f\u0131k makinem ar\u0131za veriyor\u00a0<\/strong><\/h3>\n<p>\u201cBula\u015f\u0131k makinem d\u00fc\u015f\u00fck voltaj uyar\u0131s\u0131 verdikten sonra eve elektrik\u00e7i \u00e7a\u011f\u0131r\u0131p gelen voltaja bakt\u0131m ve 160 ile 180 aras\u0131nda seyretti\u011fini g\u00f6rd\u00fcm. Ard\u0131ndan 2 adet ar\u0131za kayd\u0131 a\u00e7t\u0131m sorunun d\u00fczeltildi\u011fine dair mesaj ald\u0131m fakat makinelerim hala ar\u0131za veriyor ve elektri\u011fim hala 170 voltaj. Bug\u00fcn tekrar ar\u0131za bildirimi yapt\u0131m fakat gelen giden yok. Makinelerim bozuldu mu bilmiyorum kimseye ula\u015fam\u0131yorum bu ma\u011fduriyetimin giderilmesini bekliyorum.\u201d<\/p>\n<h3><strong>Ciddi anlamda b\u0131kt\u0131k. Yapam\u0131yorsan\u0131z gidin!<\/strong><\/h3>\n<p>\u201c\u0130zmit- Kartepe b\u00f6lgesinde hava s\u0131cak demeden, evde \u00e7al\u0131\u015fan demeden, bebe\u011fi olan demeden s\u00fcrekl,i uzun saatler s\u00fcren elektrik kesintisi ya\u015f\u0131yoruz. Ne ar\u0131zalar\u0131 bitiyor ne bak\u0131mlar\u0131. Hizmet denen bir \u015fey yok ortada ve ciddi anlamda b\u0131kt\u0131k. Yapam\u0131yorsan\u0131z gidin. Y\u0131l 2024 \u015fehir merkezinde u\u011fra\u015ft\u0131\u011f\u0131m\u0131z \u015feye bak cidden b\u0131rak\u0131p gidin. B\u0131kt\u0131k.<\/p>\n<h3><strong>Klimas\u0131z durulmuyor ama elektrik yok\u00a0<\/strong><\/h3>\n<p>\u201cG\u00fcnde kesin 1 bazen de 2 defa elektrik kesintisi ya\u015f\u0131yoruz. Sorunlar s\u00fcrekli tekrar ediyor ve kal\u0131c\u0131 bir \u00e7\u00f6z\u00fcm sunulam\u0131yor. Ya\u015fad\u0131\u011f\u0131m\u0131z b\u00f6lge Hatay- D\u00f6rtyol. Deniz ve nem sebebiyle havalar a\u015f\u0131r\u0131 nemli ve s\u0131cak. Klimas\u0131z durmak neredeyse imkans\u0131z. Sorunun kal\u0131c\u0131 \u015fekilde \u00e7\u00f6z\u00fclmesini istiyoruz.\u201d<\/p>\n<h3><strong>Yaz geldi iki g\u00fcnde bir elektrik kesiliyor\u00a0<\/strong><\/h3>\n<p>\u201cAntalya- Ka\u015f\u2019ta ya\u015f\u0131yorum. Yaz geldi ma\u015fallah iki g\u00fcnde bir elektrik kesiyor. G\u00fcna\u015f\u0131r\u0131 \u00e7al\u0131\u015fan birisi olarak evde oldu\u011fum g\u00fcnler hep elektrik kesik. Olmad\u0131\u011f\u0131m g\u00fcnlerde de kesik ger\u00e7i&#8230; \u00c7\u00f6z\u00fcm s\u0131f\u0131r.\u201d<\/p>\n<h3><strong>Ya \u00e7\u00f6z\u00fcm \u00fcretin ya da b\u0131rak\u0131n bilen birileri yaps\u0131n bu i\u015fi\u00a0<\/strong><\/h3>\n<p>\u201cErzincan Tercan il\u00e7esi Karg\u0131n Beldesi&#8217;nden diyorum ki, bu elektrik meselesini neden net bir \u00e7\u00f6z\u00fcme kavu\u015fturmay\u0131 d\u00fc\u015f\u00fcnm\u00fcyorsunuz? Aral\u0131klarla s\u00fcrekli elektrik kesintisi ile ma\u011fduriyet ya\u015f\u0131yorum \u00e7\u00fcnk\u00fc cihazlara ba\u011fl\u0131 ya\u015f\u0131yorum. \u00d6zellikle hafta sonlar\u0131 sizin y\u00fcz\u00fcn\u00fczden bo\u011fularak uyan\u0131yorum. Ya \u00e7\u00f6z\u00fcm \u00fcretin ya da b\u0131rak\u0131n bilen birileri yaps\u0131n bu i\u015fi, yeter art\u0131k.\u201d<\/p>\n<h3><strong>Ald\u0131\u011f\u0131n\u0131z \u00fccretin kar\u015f\u0131l\u0131\u011f\u0131n\u0131 verin\u00a0<\/strong><\/h3>\n<p>\u201cAyd\u0131n \/ Didim&#8217;de ikamet ediyorum. Planl\u0131 bak\u0131m g\u00f6z\u00fckm\u00fcyor, bildirilmiyor da ama ar\u0131za kaynakl\u0131 elektrik kesintisi ya\u015f\u0131yoruz. Buras\u0131 yaz\u0131n 40 derece \u00fcst\u00fcne \u00e7\u0131kan bir turizm beldesi. Yaz\u0131n n\u00fcfusta a\u015f\u0131r\u0131 art\u0131\u015f g\u00f6z\u00fck\u00fcyor, bu bir s\u00fcrpriz de\u011fil. Buna g\u00f6re trafolar\u0131n bak\u0131m\u0131n\u0131 \u00f6nceden yapabilirsiniz, varsa eksiklik tamamlayabilirsiniz. Yaz\u0131n s\u0131ca\u011f\u0131nda 4 saat elektrik kesintisi ya\u015f\u0131yoruz ve beraberinde su kesintisine de yol a\u00e7\u0131yor. \u00dcst\u00fcne \u00fcstl\u00fck bunu ilk defa ya\u015fam\u0131yoruz. Ayr\u0131ca bu bizim \u00fccretsiz ald\u0131\u011f\u0131m\u0131z bir hizmet de\u011fil. Faturalar\u0131 g\u00fcn\u00fc g\u00fcn\u00fcne \u00f6dememizi bekliyorsan\u0131z, bize bu ma\u011fduriyeti ya\u015fatmaya hakk\u0131n\u0131z yok. Ald\u0131\u011f\u0131n\u0131z \u00fccretin kar\u015f\u0131l\u0131\u011f\u0131n\u0131 verin!\u201d<\/p>\n<h3><strong>4 g\u00fcnd\u00fcr, g\u00fcnde 18 saat elektrik kesintisi ya\u015f\u0131yoruz<\/strong><\/h3>\n<p>\u201c\u0130zmir Buca \u0130n\u00f6n\u00fc Mahallesi&#8217;nde esnaf\u0131m. 4 g\u00fcnd\u00fcr, g\u00fcnde 18 saat elektrik kesintisi ya\u015f\u0131yoruz. Marketimde dondurma, s\u00fct \u00fcr\u00fcnleri, \u015fark\u00fcteri \u00fcr\u00fcnleri bozuldu. 186&#8217;y\u0131 arad\u0131\u011f\u0131m\u0131zda bizimle dalga ge\u00e7er gibi ilgileniyoruz diyorlar. Bu nas\u0131l bir da\u011f\u0131t\u0131m \u015firketi? Trafo kald\u0131rm\u0131yormu\u015f. Her sene ayn\u0131 problemler. Benim bu zarar\u0131m\u0131 kim kar\u015f\u0131layacak? Bir muhatap bulmak istiyorum. Gerekirse art\u0131k savc\u0131l\u0131\u011fa ba\u015fvuru yapaca\u011f\u0131m.\u201d<\/p>\n<h3><strong>Nefes alam\u0131yoruz. Hava 45 derece<\/strong><\/h3>\n<p>\u201cBodrum K\u00fc\u00e7\u00fckb\u00fck Mahallesi\u2019ne 12 saati a\u015fk\u0131n s\u00fcredir elektrik verilemiyor. Kablodaki sorun bulunamam\u0131\u015f, yeni kablo i\u00e7in ekip Bodrum\u2019a gidip gelecekler. Daha 5-6 saat elektrik yok. Hava 37 derece. Buzluklardaki her \u015fey erimek \u00fczere, buzdolaplar\u0131 zaten \u0131s\u0131nd\u0131. Bu zararlar\u0131 kim kar\u015f\u0131layacak? Hava 45 derece, nefes alam\u0131yoruz.<\/p>\n<h3>\u00a0<strong>Y\u0131l olmu\u015f 2024, s\u00fcrekli trafolar patl\u0131yor\u00a0<\/strong><\/h3>\n<p>\u201cYeter art\u0131k, y\u0131l olmu\u015f 2024! Son bir haftad\u0131r do\u011fru d\u00fcr\u00fcst elektrik yok. S\u00fcrekli trafolar patl\u0131yor. 30 y\u0131ll\u0131k altyap\u0131ya yat\u0131r\u0131m yapmadan binlerce abone al\u0131rsan\u0131z sonucu bu olur. Dolaplarda ne varsa bozuldu. Bu s\u0131cakta ne yapaca\u011f\u0131m\u0131z\u0131 \u015fa\u015f\u0131rd\u0131k. D\u00fc\u015f\u00fck voltaj elektrik sebebiyle elektronik e\u015fyalar\u0131m\u0131z zarar g\u00f6recek.\u201d<\/p>\n<h3><strong>Elektrik da\u011f\u0131t\u0131m derhal devletle\u015ftirilsin\u00a0<\/strong><\/h3>\n<p>\u201cElektrik da\u011f\u0131t\u0131m \u015firketi, Antalya- D\u00f6\u015femealt\u0131&#8217;nda ya\u015fayanlar\u0131 bezdirmeye devam ediyor. Sabah 09.00\u2019da 37 derece ve bug\u00fcn 40 derece olacak. Bilhassa en s\u0131cak zamanlar\u0131 ya da k\u0131\u015f aylar\u0131nda isek en so\u011fuk zamanlar\u0131 se\u00e7ip, s\u0131k s\u0131k kesinti yap\u0131yorlar. \u015eikayet\u00e7iyiz! Art\u0131k burada ya\u015fayanlar\u0131 b\u0131kt\u0131rm\u0131\u015f vaziyetteler. Alternatif bir elektrik \u015firketi olmas\u0131 gerekirdi ki ondan sat\u0131n alal\u0131m. Bu tekelciliktir. Bu mu rekabet\u00e7i sistem? Rekabet\u00e7i serbest piyasa sisteminiz bats\u0131n! Elektrik da\u011f\u0131t\u0131m derhal devletle\u015ftirilsin.\u201d<\/p>\n<h3><strong>G\u00fcnde 10 defa elektrik kesiliyor<\/strong><\/h3>\n<p>\u201cKu\u015fadas\u0131&#8217;nda Nazilli sitesinde yazl\u0131\u011f\u0131m var. Haftalard\u0131r, elektrik hizmetinde g\u00fcnde yakla\u015f\u0131k 10 defa kesinti oluyor, b\u00f6ylece buzdolab\u0131 klima vs gibi aletlerimizin \u00e7al\u0131\u015famamas\u0131 sebebiyle b\u00fcy\u00fck ma\u011fduriyet ya\u015f\u0131yoruz. \u0130leti\u015fim merkezi ile temasa ge\u00e7memize ra\u011fmen herhangi bir \u00e7\u00f6z\u00fcm sunulmuyor.\u201d<\/p>","protected":false},"excerpt":{"rendered":"<p>Sorry, this entry is only available in Turkish. For the sake of viewer convenience, the content is shown below in the alternative language. You may click the link to switch the active language. T\u00fcrkiye genelinde ya\u015fanan s\u0131cak havalar, elektrik kesintilerini de beraberinde getiriyor. \u00c7\u00f6z\u00fcm platformu \u015eikayetvar \u00fczerinden elektrik kesintileriyle ilgili \u00e7\u00f6z\u00fcm aray\u0131\u015f\u0131nda bulunan y\u00fczlerce t\u00fcketici, [&hellip;]<\/p>\n","protected":false},"author":1,"featured_media":190336,"comment_status":"open","ping_status":"open","sticky":false,"template":"","format":"standard","meta":[],"categories":[51,53],"tags":[21097,4546,11276,36638,87742,104211],"views":37,"_links":{"self":[{"href":"https:\/\/www.enerjigazetesi.ist\/en\/wp-json\/wp\/v2\/posts\/190334"}],"collection":[{"href":"https:\/\/www.enerjigazetesi.ist\/en\/wp-json\/wp\/v2\/posts"}],"about":[{"href":"https:\/\/www.enerjigazetesi.ist\/en\/wp-json\/wp\/v2\/types\/post"}],"author":[{"embeddable":true,"href":"https:\/\/www.enerjigazetesi.ist\/en\/wp-json\/wp\/v2\/users\/1"}],"replies":[{"embeddable":true,"href":"https:\/\/www.enerjigazetesi.ist\/en\/wp-json\/wp\/v2\/comments?post=190334"}],"version-history":[{"count":0,"href":"https:\/\/www.enerjigazetesi.ist\/en\/wp-json\/wp\/v2\/posts\/190334\/revisions"}],"wp:featuredmedia":[{"embeddable":true,"href":"https:\/\/www.enerjigazetesi.ist\/en\/wp-json\/wp\/v2\/media\/190336"}],"wp:attachment":[{"href":"https:\/\/www.enerjigazetesi.ist\/en\/wp-json\/wp\/v2\/media?parent=190334"}],"wp:term":[{"taxonomy":"category","embeddable":true,"href":"https:\/\/www.enerjigazetesi.ist\/en\/wp-json\/wp\/v2\/categories?post=190334"},{"taxonomy":"post_tag","embeddable":true,"href":"https:\/\/www.enerjigazetesi.ist\/en\/wp-json\/wp\/v2\/tags?post=190334"}],"curies":[{"name":"wp","href":"https:\/\/api.w.org\/{rel}","templated":true}]}}