{"id":190315,"date":"2024-07-19T18:43:19","date_gmt":"2024-07-19T15:43:19","guid":{"rendered":"https:\/\/www.enerjigazetesi.ist\/?p=190315"},"modified":"2024-07-19T18:43:35","modified_gmt":"2024-07-19T15:43:35","slug":"yalitim-varsa-elektrik-faturasi-korkusu-yok","status":"publish","type":"post","link":"https:\/\/www.enerjigazetesi.ist\/en\/yalitim-varsa-elektrik-faturasi-korkusu-yok\/","title":{"rendered":"(Turkish) Yal\u0131t\u0131m Varsa Elektrik Faturas\u0131 Korkusu Yok!"},"content":{"rendered":"<p class=\"qtranxs-available-languages-message qtranxs-available-languages-message-en\">Sorry, this entry is only available in <a href=\"https:\/\/www.enerjigazetesi.ist\/tr\/wp-json\/wp\/v2\/posts\/190315\" class=\"qtranxs-available-language-link qtranxs-available-language-link-tr\" title=\"Turkish\">Turkish<\/a>. For the sake of viewer convenience, the content is shown below in the alternative language. You may click the link to switch the active language.<\/p><p><\/p>\n<h2><strong>K\u00fcresel \u0131s\u0131nman\u0131n etkileri her ge\u00e7en y\u0131l daha \u00e7ok hissediliyor. S\u0131cakl\u0131klarda rekor \u00fcst\u00fcne rekor k\u0131r\u0131l\u0131yor. Pek \u00e7ok hastal\u0131\u011f\u0131 tetikleyen s\u0131cak havalardan etkilenmemek i\u00e7in soka\u011fa \u00e7\u0131kmamak yetmiyor. Konforlu bir hayat s\u00fcrd\u00fcrmek i\u00e7in aranan ideal s\u0131cakl\u0131k, klimalarla sa\u011flanabiliyor. Ancak y\u00fcksek elektrik faturalar\u0131 serinli\u011fin tad\u0131n\u0131 \u00e7\u0131karmay\u0131 engelliyor. \u0130ZODER Ba\u015fkan\u0131 Emrullah Eruslu, yal\u0131t\u0131m\u0131n binalar\u0131 so\u011futmak i\u00e7in harcanan enerjiyi azaltt\u0131\u011f\u0131na ve buna ba\u011fl\u0131 olarak so\u011futma maliyetlerini d\u00fc\u015f\u00fcrd\u00fc\u011f\u00fcne dikkat \u00e7ekiyor.<\/strong><\/h2>\n<p style=\"text-align: center;\"><img loading=\"lazy\" class=\"aligncenter wp-image-190317\" src=\"https:\/\/www.enerjigazetesi.ist\/wp-content\/uploads\/2024\/07\/yalitim-varsa-elektrik-faturasi-korkusu-yok.jpg\" alt=\"\" width=\"500\" height=\"354\" srcset=\"https:\/\/www.enerjigazetesi.ist\/wp-content\/uploads\/2024\/07\/yalitim-varsa-elektrik-faturasi-korkusu-yok.jpg 550w, https:\/\/www.enerjigazetesi.ist\/wp-content\/uploads\/2024\/07\/yalitim-varsa-elektrik-faturasi-korkusu-yok-300x212.jpg 300w, https:\/\/www.enerjigazetesi.ist\/wp-content\/uploads\/2024\/07\/yalitim-varsa-elektrik-faturasi-korkusu-yok-500x354.jpg 500w, https:\/\/www.enerjigazetesi.ist\/wp-content\/uploads\/2024\/07\/yalitim-varsa-elektrik-faturasi-korkusu-yok-71x50.jpg 71w\" sizes=\"(max-width: 500px) 100vw, 500px\" \/><\/p>\n<p>Ev giderlerinin en \u00f6nemlilerinden olan do\u011falgaz\u0131n b\u00fct\u00e7e kaleminden \u00e7\u0131kmas\u0131na sevinenler, Haziran ay\u0131ndan itibaren y\u00fcz\u00fcn\u00fc g\u00f6steren s\u0131cak havalar nedeniyle kullan\u0131m\u0131 artan klimalardan kaynakl\u0131 elektrik faturas\u0131ndan ka\u00e7\u0131nmaya \u00e7al\u0131\u015f\u0131yor. Konut ve i\u015f yerlerindeki yo\u011fun klima kullan\u0131m\u0131 elektrik faturalar\u0131n\u0131 y\u00fckseltiyor. Binalar\u0131n \u00f6mr\u00fcn\u00fc uzat\u0131rken \u0131s\u0131tma ve so\u011futma maliyetlerini de d\u00fc\u015f\u00fcren yal\u0131t\u0131m, serin bir yaz ge\u00e7irmek isteyenlerin tercihi oluyor.<\/p>\n<p>Yal\u0131t\u0131m\u0131n k\u0131\u015f\u0131n so\u011fuk havay\u0131 yaz\u0131n ise s\u0131cak havay\u0131 d\u0131\u015far\u0131da tutan b\u00fct\u00e7e dostu bir uygulama oldu\u011funu belirten<strong> \u0130ZODER Is\u0131 Su Ses ve Yang\u0131n Yal\u0131t\u0131mc\u0131lar\u0131 Derne\u011fi Y\u00f6netim Kurulu Ba\u015fkan\u0131 Emrullah Eruslu, <\/strong>\u015funlar\u0131 s\u00f6yledi: <em>\u201cDo\u011fru malzeme ve do\u011fru i\u015f\u00e7ilikle uygulanan yal\u0131t\u0131m, binalarda\u00a0kalkan g\u00f6revi g\u00f6rerek a\u015f\u0131r\u0131 s\u0131caklar\u0131 d\u0131\u015far\u0131da tutuyor. Yaz\u0131n d\u0131\u015far\u0131dan i\u00e7eriye k\u0131\u015f\u0131n i\u00e7eriden<img loading=\"lazy\" class=\"alignright wp-image-190318\" src=\"https:\/\/www.enerjigazetesi.ist\/wp-content\/uploads\/2024\/07\/IZODER-Baskani-Emrullah-Eruslu.jpg\" alt=\"\" width=\"320\" height=\"294\" srcset=\"https:\/\/www.enerjigazetesi.ist\/wp-content\/uploads\/2024\/07\/IZODER-Baskani-Emrullah-Eruslu.jpg 523w, https:\/\/www.enerjigazetesi.ist\/wp-content\/uploads\/2024\/07\/IZODER-Baskani-Emrullah-Eruslu-300x275.jpg 300w, https:\/\/www.enerjigazetesi.ist\/wp-content\/uploads\/2024\/07\/IZODER-Baskani-Emrullah-Eruslu-436x400.jpg 436w, https:\/\/www.enerjigazetesi.ist\/wp-content\/uploads\/2024\/07\/IZODER-Baskani-Emrullah-Eruslu-54x50.jpg 54w, https:\/\/www.enerjigazetesi.ist\/wp-content\/uploads\/2024\/07\/IZODER-Baskani-Emrullah-Eruslu-500x459.jpg 500w\" sizes=\"(max-width: 320px) 100vw, 320px\" \/> d\u0131\u015far\u0131ya \u0131s\u0131 ge\u00e7i\u015fini azaltan yal\u0131t\u0131m, enerji faturalar\u0131n\u0131n da yar\u0131 yar\u0131ya d\u00fc\u015fmesini sa\u011fl\u0131yor. Sa\u011fl\u0131kl\u0131, konforlu ve g\u00fcvenli bir ya\u015fam i\u00e7in olmazsa olmaz olan yal\u0131t\u0131m uygulamalar\u0131n\u0131n ge\u00e7 kalmadan yapt\u0131r\u0131lmas\u0131n\u0131 \u00f6neriyoruz.\u201d<\/em><\/p>\n<h3><strong>Yal\u0131t\u0131ms\u0131zl\u0131k Nedeni ile Her Y\u0131l Yakla\u015f\u0131k 12-15 Milyar Dolar Bo\u015fa Gidiyor<\/strong><\/h3>\n<p>T\u00fcm binalar\u0131n \u00e7at\u0131, duvar ve d\u00f6\u015femelerinde <strong>\u0131s\u0131 yal\u0131t\u0131m\u0131<\/strong> yaparak ve pencerelerde kaplamal\u0131 yal\u0131t\u0131m cam\u0131 \u00fcniteleri kullanarak \u00fclkemizin toplam enerji faturas\u0131n\u0131 yakla\u015f\u0131k <strong>y\u00fczde 15<\/strong> azaltabilece\u011fimize dikkat \u00e7eken <strong>\u0130ZODER Ba\u015fkan\u0131 Emrullah Eruslu<\/strong>; <em>\u201cT\u00fcrkiye enerjisinin y\u00fczde 67,8\u2019ini, do\u011falgaz\u0131n\u0131n ise y\u00fczde 99\u2019unu ithal ediyor. \u00dclkemizde kullan\u0131lan toplam enerjinin y\u00fczde 32,7\u2019si binalarda t\u00fcketiliyor. T\u00fcketilen bu enerjinin <strong>y\u00fczde 80\u2019i de k\u0131\u015f\u0131n \u0131s\u0131nma yaz\u0131n so\u011futma i\u00e7in<\/strong> kullan\u0131l\u0131yor. 2023 y\u0131l\u0131nda enerji ithalat\u0131na yakla\u015f\u0131k 70 milyar dolar \u00f6deyen \u00fclkemizde binalar\u0131n sadece y\u00fczde 25\u2019i yal\u0131t\u0131ml\u0131 oldu\u011fu i\u00e7in her y\u0131l yakla\u015f\u0131k 12-15 milyar dolar havaya u\u00e7mu\u015f oluyor. Oysa \u0131s\u0131 yal\u0131t\u0131m\u0131 ile \u0131s\u0131nma ve so\u011futma ama\u00e7l\u0131 enerji t\u00fcketimini yar\u0131 yar\u0131ya azaltarak hem cari a\u00e7\u0131\u011f\u0131 hem de enerji faturalar\u0131m\u0131z\u0131 d\u00fc\u015f\u00fcrmek m\u00fcmk\u00fcn\u201d<\/em> dedi.<\/p>\n<p>Is\u0131 yal\u0131t\u0131m\u0131 uygulamalar\u0131n\u0131n hem ilk yat\u0131r\u0131m hem i\u015fletme maliyetlerini d\u00fc\u015f\u00fcrerek kendini k\u0131sa s\u00fcrede geri \u00f6dedi\u011fini ve bina \u00f6mr\u00fc boyunca tasarruf sa\u011flamaya devam etti\u011fini dile getiren <strong>Emrullah Eruslu<\/strong>; <em>\u201c<strong>Yal\u0131t\u0131m kal\u0131nl\u0131\u011f\u0131<\/strong> <strong>artt\u0131k\u00e7a<\/strong> sa\u011flanacak <strong>enerji verimlili\u011fi de ayn\u0131 oranda artar<\/strong>. Yal\u0131t\u0131m kal\u0131nl\u0131\u011f\u0131n\u0131 iki kat\u0131na \u00e7\u0131kard\u0131\u011f\u0131m\u0131zda toplam maliyet ikiye katlanmaz ama bu sayede \u0131s\u0131tma ve so\u011futmada iki kat tasarruf sa\u011flan\u0131r. Genel olarak uygulamalarda yal\u0131t\u0131m malzemesinin maliyetinin d\u0131\u015f\u0131nda, yal\u0131t\u0131m kal\u0131nl\u0131\u011f\u0131ndan ba\u011f\u0131ms\u0131z olarak; iskele kurulumu, elektrik, su gibi alt yap\u0131 maliyetleri, yap\u0131\u015ft\u0131r\u0131c\u0131, s\u0131va, d\u00fcbel, file vb. yard\u0131mc\u0131 malzeme maliyetleri, boya, d\u0131\u015f cephe kaplamas\u0131 gibi tamamlay\u0131c\u0131 malzeme maliyetleri ve i\u015f\u00e7ilik maliyetleri olu\u015fur. T\u00fcm bu maliyetlerin i\u00e7erisinde yal\u0131t\u0131m malzemesinin kal\u0131nl\u0131\u011f\u0131n\u0131n artt\u0131r\u0131lmas\u0131ndan olu\u015facak ilave maliyet, uygulamadan uygulamaya de\u011fi\u015fmekle birlikte olduk\u00e7a d\u00fc\u015f\u00fckt\u00fcr. Bu nedenle enerji verimlili\u011fini sa\u011flayacak yal\u0131t\u0131m levhas\u0131n\u0131 m\u00fcmk\u00fcn oldu\u011funca kal\u0131n kullanmal\u0131y\u0131z. Antalya ve \u0130zmir gibi s\u0131cak iklim b\u00f6lgelerinde 6-8 cm, \u0130stanbul gibi \u0131l\u0131man iklime sahip b\u00f6lgelerde 9-10 cm, Ankara gibi so\u011fuk olan yerlerde 10-12 cm ve Erzurum gibi \u00e7ok so\u011fuk olan yerlerde 14-15 cm kal\u0131nl\u0131klarda yal\u0131t\u0131m yapmam\u0131z gerekiyor. Benzer durum pencereler i\u00e7in de ge\u00e7erli. Pencerelerde kaplamas\u0131z klasik camlar yerine \u0131s\u0131 ve\/veya g\u00fcne\u015f kontrol kaplamal\u0131 yal\u0131t\u0131m camlar\u0131n\u0131 kullanmal\u0131, \u00fc\u00e7l\u00fc camlama \u00e7\u00f6z\u00fcmlerine y\u00f6nelmeliyiz\u201d<\/em> s\u00f6zleriyle a\u00e7\u0131klamalar\u0131n\u0131 bitirdi.<\/p>","protected":false},"excerpt":{"rendered":"<p>Sorry, this entry is only available in Turkish. For the sake of viewer convenience, the content is shown below in the alternative language. You may click the link to switch the active language. K\u00fcresel \u0131s\u0131nman\u0131n etkileri her ge\u00e7en y\u0131l daha \u00e7ok hissediliyor. S\u0131cakl\u0131klarda rekor \u00fcst\u00fcne rekor k\u0131r\u0131l\u0131yor. Pek \u00e7ok hastal\u0131\u011f\u0131 tetikleyen s\u0131cak havalardan etkilenmemek i\u00e7in [&hellip;]<\/p>\n","protected":false},"author":1,"featured_media":190317,"comment_status":"open","ping_status":"open","sticky":false,"template":"","format":"standard","meta":[],"categories":[53,52],"tags":[25455,675,380,114640,14919,114639,128],"views":57,"_links":{"self":[{"href":"https:\/\/www.enerjigazetesi.ist\/en\/wp-json\/wp\/v2\/posts\/190315"}],"collection":[{"href":"https:\/\/www.enerjigazetesi.ist\/en\/wp-json\/wp\/v2\/posts"}],"about":[{"href":"https:\/\/www.enerjigazetesi.ist\/en\/wp-json\/wp\/v2\/types\/post"}],"author":[{"embeddable":true,"href":"https:\/\/www.enerjigazetesi.ist\/en\/wp-json\/wp\/v2\/users\/1"}],"replies":[{"embeddable":true,"href":"https:\/\/www.enerjigazetesi.ist\/en\/wp-json\/wp\/v2\/comments?post=190315"}],"version-history":[{"count":0,"href":"https:\/\/www.enerjigazetesi.ist\/en\/wp-json\/wp\/v2\/posts\/190315\/revisions"}],"wp:featuredmedia":[{"embeddable":true,"href":"https:\/\/www.enerjigazetesi.ist\/en\/wp-json\/wp\/v2\/media\/190317"}],"wp:attachment":[{"href":"https:\/\/www.enerjigazetesi.ist\/en\/wp-json\/wp\/v2\/media?parent=190315"}],"wp:term":[{"taxonomy":"category","embeddable":true,"href":"https:\/\/www.enerjigazetesi.ist\/en\/wp-json\/wp\/v2\/categories?post=190315"},{"taxonomy":"post_tag","embeddable":true,"href":"https:\/\/www.enerjigazetesi.ist\/en\/wp-json\/wp\/v2\/tags?post=190315"}],"curies":[{"name":"wp","href":"https:\/\/api.w.org\/{rel}","templated":true}]}}